{"id":40112,"date":"2013-11-07T07:59:34","date_gmt":"2013-11-07T06:59:34","guid":{"rendered":"https:\/\/www.freiburg-schwarzwald.de\/blog\/?p=40112"},"modified":"2013-11-07T08:03:37","modified_gmt":"2013-11-07T07:03:37","slug":"muenstermarktfest-krebsspende","status":"publish","type":"post","link":"https:\/\/www.freiburg-schwarzwald.de\/blog\/muenstermarktfest-krebsspende\/","title":{"rendered":"Muenstermarktfest Krebsspende"},"content":{"rendered":"<p>Auf ihrem M\u00fcnstermarktfest haben die haben die <a title=\"Muensterplatz\" href=\"https:\/\/www.freiburg-schwarzwald.de\/blog\/regio\/freiburg\/muensterplatz\/\">Marktbeschicker<\/a> der <a title=\"Muenstermarkt\" href=\"https:\/\/www.freiburg-schwarzwald.de\/blog\/business\/markt\/muenstermarkt\/\">M\u00fcnsterplatz-Nordseite <\/a>insgesamt 3370 Euro <a title=\"Spende\" href=\"https:\/\/www.freiburg-schwarzwald.de\/blog\/engagement\/spende\/\">gespendet<\/a>. Jetzt wurde dieser stolze Betrag dem &#8222;<a title=\"Krebskranke-Kinder\" href=\"https:\/\/www.freiburg-schwarzwald.de\/blog\/selbsthilfe\/krebs\/krebskranke-kinder\/\">F\u00f6rderverein f\u00fcr krebskranke Kinder<\/a>&#8220;\u00a0\u00fcbergeben. Das Bild\u00a0zeigt (von links) die Marktbeschicker Gerald Burkhart (Eichstetten), Claudia Schwehr (Weingut Schwehr), Idris Akkus (Rosen-B\u00e4hr), Michaela Fath (Forellenhof Fath) und Nicole Gerteiser (Landmetzgerei Gerteiser), <!--more-->Claus Geppert vom Krebs-F\u00f6rderverein) sowie die beiden FWTM-Marktmeister Walter Drayer und Michael Danner in den roten Anoraks.<\/p>\n<p>\u00a0<a href=\"https:\/\/www.freiburg-schwarzwald.de\/blog\/muenstermarktfest-krebsspende\/muenstermarktbeschicker131025\/\" rel=\"attachment wp-att-40118\"><img loading=\"lazy\" decoding=\"async\" class=\"alignnone size-thumbnail wp-image-40118\" title=\"muenstermarktbeschicker131025\" src=\"https:\/\/www.freiburg-schwarzwald.de\/blog\/wp-content\/uploads\/2013\/11\/muenstermarktbeschicker131025-180x140.jpg\" alt=\"\" width=\"180\" height=\"140\" srcset=\"https:\/\/www.freiburg-schwarzwald.de\/blog\/wp-content\/uploads\/2013\/11\/muenstermarktbeschicker131025-180x140.jpg 180w, https:\/\/www.freiburg-schwarzwald.de\/blog\/wp-content\/uploads\/2013\/11\/muenstermarktbeschicker131025.jpg 573w\" sizes=\"auto, (max-width: 180px) 100vw, 180px\" \/><\/a>\u00a0 Bild: Privat<\/p>\n<p>&nbsp;<\/p>\n<p>&nbsp;<\/p>\n","protected":false},"excerpt":{"rendered":"<p>Auf ihrem M\u00fcnstermarktfest haben die haben die Marktbeschicker der M\u00fcnsterplatz-Nordseite insgesamt 3370 Euro gespendet. Jetzt wurde dieser stolze Betrag dem &#8222;F\u00f6rderverein f\u00fcr krebskranke Kinder&#8220;\u00a0\u00fcbergeben. Das Bild\u00a0zeigt (von links) die Marktbeschicker Gerald Burkhart (Eichstetten), Claudia Schwehr (Weingut Schwehr), Idris Akkus (Rosen-B\u00e4hr), &hellip; <a href=\"https:\/\/www.freiburg-schwarzwald.de\/blog\/muenstermarktfest-krebsspende\/\">Weiterlesen <span class=\"meta-nav\">&rarr;<\/span><\/a><\/p>\n","protected":false},"author":4,"featured_media":0,"comment_status":"open","ping_status":"closed","sticky":false,"template":"","format":"standard","meta":{"footnotes":""},"categories":[427,491,161],"tags":[739,480,270],"class_list":["post-40112","post","type-post","status-publish","format-standard","hentry","category-markt","category-muenster-kirchen","category-spende","tag-markt","tag-munster","tag-gift"],"_links":{"self":[{"href":"https:\/\/www.freiburg-schwarzwald.de\/blog\/wp-json\/wp\/v2\/posts\/40112","targetHints":{"allow":["GET"]}}],"collection":[{"href":"https:\/\/www.freiburg-schwarzwald.de\/blog\/wp-json\/wp\/v2\/posts"}],"about":[{"href":"https:\/\/www.freiburg-schwarzwald.de\/blog\/wp-json\/wp\/v2\/types\/post"}],"author":[{"embeddable":true,"href":"https:\/\/www.freiburg-schwarzwald.de\/blog\/wp-json\/wp\/v2\/users\/4"}],"replies":[{"embeddable":true,"href":"https:\/\/www.freiburg-schwarzwald.de\/blog\/wp-json\/wp\/v2\/comments?post=40112"}],"version-history":[{"count":0,"href":"https:\/\/www.freiburg-schwarzwald.de\/blog\/wp-json\/wp\/v2\/posts\/40112\/revisions"}],"wp:attachment":[{"href":"https:\/\/www.freiburg-schwarzwald.de\/blog\/wp-json\/wp\/v2\/media?parent=40112"}],"wp:term":[{"taxonomy":"category","embeddable":true,"href":"https:\/\/www.freiburg-schwarzwald.de\/blog\/wp-json\/wp\/v2\/categories?post=40112"},{"taxonomy":"post_tag","embeddable":true,"href":"https:\/\/www.freiburg-schwarzwald.de\/blog\/wp-json\/wp\/v2\/tags?post=40112"}],"curies":[{"name":"wp","href":"https:\/\/api.w.org\/{rel}","templated":true}]}}