{"id":40028,"date":"2013-11-05T11:31:04","date_gmt":"2013-11-05T10:31:04","guid":{"rendered":"https:\/\/www.freiburg-schwarzwald.de\/blog\/?p=40028"},"modified":"2013-11-06T11:38:36","modified_gmt":"2013-11-06T10:38:36","slug":"charme-melone-strassenmusik","status":"publish","type":"post","link":"https:\/\/www.freiburg-schwarzwald.de\/blog\/charme-melone-strassenmusik\/","title":{"rendered":"Charme Melone: Strassenmusik"},"content":{"rendered":"<p>Sie sorgen in Freiburgs Kaiser-Joseph-Strasse f\u00fcr gro\u00dfe Menschenansammlungen: das Duo \u201eCharme und Melone\u201c Jan Gregerson, Gitarre und Alexander Denckert, Kontrabass. Wer sich in der \u201eKaJo\u201c die Zeit nimmt und den beiden <a title=\"Strassenmusik\" href=\"https:\/\/www.freiburg-schwarzwald.de\/blog\/kultur\/musik\/strassenmusik\/\">Vollblutmusikern<\/a> zuh\u00f6rt und zusieht, wei\u00df dann auch warum. Die beiden Musiker machen seit ihrer Jugend <a title=\"Musik\" href=\"https:\/\/www.freiburg-schwarzwald.de\/blog\/kultur\/musik\/\">Musik<\/a>, covern Songs aus den 60er und 70er Jahren, zum Beispiel von den Beatles <!--more-->oder Simon &amp; Garfunkel. In ihrer eigenen Art pr\u00e4sentieren sie Musik mit einem kraftvollen Sound. Aber auch selbstkomponierte St\u00fccke fehlen nicht in ihrem Programm. Eingebettet ist die Musik in witzige Kommentare \u2013 sie nennen es \u201ekreatives Bl\u00f6dsinnreden\u201c. Erfahrungen als Stra\u00dfenmusiker sammelten sie u.a. in London und Paris und lernten sich vor zwei Jahren im \u201eLitfass\u201c kennen. Stra\u00dfenmusik gef\u00e4llt ihnen, weil sie niemanden etwas schuldig bleiben \u2013 doch gegen einen Durchbruch auf die \u201eGro\u00dfe B\u00fchne\u201c h\u00e4tten sie auch nichts einzuwenden. Vor wenigen Wochen rockten sie die B\u00fchne der Wodanhalle im Rahmen der Presse-Sozialfonds-Benefizveranstaltung \u201eAvanti Dilettanti\u201c \u2013 und waren in ihrer eigenen Begeisterung nicht zu bremsen und mussten fast \u201evon der B\u00fchne getragen werden\u201c.<br \/>\nJetzt kommen die zwei vom Duo \u201eCharme und Melone\u201c ins \u201eHaus der Generationen\u201c in Kirchzarten, Bahnhofstra\u00dfe 20. Ihr \u201eKonzert\u201c beginnt am Freitag, dem 8. November 2013 um 19 Uhr im Gemeinschaftsraum. Der Eintritt ist frei \u2013 \u00fcber eine gro\u00dfz\u00fcgige Spende freuen sich die Stra\u00dfenmusiker nat\u00fcrlich sehr. F\u00fcr diesen Abend gibt\u2019s den \u201eTipp der Redaktion\u201c!<\/p>\n<p>\u00a0<a href=\"https:\/\/www.freiburg-schwarzwald.de\/blog\/charme-melone-strassenmusik\/strassenmusik-charme131026\/\" rel=\"attachment wp-att-40030\"><img loading=\"lazy\" decoding=\"async\" class=\"alignnone size-thumbnail wp-image-40030\" title=\"strassenmusik-charme131026\" src=\"https:\/\/www.freiburg-schwarzwald.de\/blog\/wp-content\/uploads\/2013\/11\/strassenmusik-charme131026-180x119.jpg\" alt=\"\" width=\"180\" height=\"119\" srcset=\"https:\/\/www.freiburg-schwarzwald.de\/blog\/wp-content\/uploads\/2013\/11\/strassenmusik-charme131026-180x119.jpg 180w, https:\/\/www.freiburg-schwarzwald.de\/blog\/wp-content\/uploads\/2013\/11\/strassenmusik-charme131026.jpg 640w\" sizes=\"auto, (max-width: 180px) 100vw, 180px\" \/><\/a>\u00a0 Bild: privat<\/p>\n<p>Alexander Denckert und Jan Gregerson (v.l.) sind das Stra\u00dfenmusikantenduo \u201eCharme und Melone\u201c und kommen am 8. November ins \u201eHaus der Generationen\u201c in Kirchzarten.<\/p>\n<p>5.11.2013, Gerhard L\u00fcck, <a href=\"https:\/\/www.dreisamtaeler.de\">www.dreisamtaeler.de<\/a><\/p>\n<p>&nbsp;<\/p>\n","protected":false},"excerpt":{"rendered":"<p>Sie sorgen in Freiburgs Kaiser-Joseph-Strasse f\u00fcr gro\u00dfe Menschenansammlungen: das Duo \u201eCharme und Melone\u201c Jan Gregerson, Gitarre und Alexander Denckert, Kontrabass. Wer sich in der \u201eKaJo\u201c die Zeit nimmt und den beiden Vollblutmusikern zuh\u00f6rt und zusieht, wei\u00df dann auch warum. Die &hellip; <a href=\"https:\/\/www.freiburg-schwarzwald.de\/blog\/charme-melone-strassenmusik\/\">Weiterlesen <span class=\"meta-nav\">&rarr;<\/span><\/a><\/p>\n","protected":false},"author":4,"featured_media":0,"comment_status":"open","ping_status":"closed","sticky":false,"template":"","format":"standard","meta":{"footnotes":""},"categories":[49,120,157],"tags":[32,518,576,334],"class_list":["post-40028","post","type-post","status-publish","format-standard","hentry","category-freiburg","category-musik","category-oeffentlicher-raum","tag-jugendmusik","tag-music","tag-offentlich","tag-strasse"],"_links":{"self":[{"href":"https:\/\/www.freiburg-schwarzwald.de\/blog\/wp-json\/wp\/v2\/posts\/40028","targetHints":{"allow":["GET"]}}],"collection":[{"href":"https:\/\/www.freiburg-schwarzwald.de\/blog\/wp-json\/wp\/v2\/posts"}],"about":[{"href":"https:\/\/www.freiburg-schwarzwald.de\/blog\/wp-json\/wp\/v2\/types\/post"}],"author":[{"embeddable":true,"href":"https:\/\/www.freiburg-schwarzwald.de\/blog\/wp-json\/wp\/v2\/users\/4"}],"replies":[{"embeddable":true,"href":"https:\/\/www.freiburg-schwarzwald.de\/blog\/wp-json\/wp\/v2\/comments?post=40028"}],"version-history":[{"count":0,"href":"https:\/\/www.freiburg-schwarzwald.de\/blog\/wp-json\/wp\/v2\/posts\/40028\/revisions"}],"wp:attachment":[{"href":"https:\/\/www.freiburg-schwarzwald.de\/blog\/wp-json\/wp\/v2\/media?parent=40028"}],"wp:term":[{"taxonomy":"category","embeddable":true,"href":"https:\/\/www.freiburg-schwarzwald.de\/blog\/wp-json\/wp\/v2\/categories?post=40028"},{"taxonomy":"post_tag","embeddable":true,"href":"https:\/\/www.freiburg-schwarzwald.de\/blog\/wp-json\/wp\/v2\/tags?post=40028"}],"curies":[{"name":"wp","href":"https:\/\/api.w.org\/{rel}","templated":true}]}}