{"id":3996,"date":"2012-05-29T09:34:29","date_gmt":"2012-05-29T09:34:29","guid":{"rendered":"https:\/\/www.freiburg-schwarzwald.de\/blog\/?p=3996"},"modified":"2012-05-29T09:41:08","modified_gmt":"2012-05-29T09:41:08","slug":"betrunkene-radler-in-freiburg-fahrverbot-mpu-idiotentest","status":"publish","type":"post","link":"https:\/\/www.freiburg-schwarzwald.de\/blog\/betrunkene-radler-in-freiburg-fahrverbot-mpu-idiotentest\/","title":{"rendered":"Betrunkene Radler in Freiburg &#8211; Fahrverbot &#8211; MPU &#8211; Idiotentest"},"content":{"rendered":"<p>Im vergangenen Jahr hat nach Auskunft der Stadtverwaltung die st\u00e4dtische Stra\u00dfenverkehrsbeh\u00f6rde in 85 F\u00e4llen ein Rad- und Mofafahrverbot ausgesprochen, im Jahr davor waren es 94, davor 86. Im Landkreis Breisgau-Hochschwarzwald gibt es nach Auskunft der Beh\u00f6rde pro Jahr zwischen 10 und 20 F\u00e4lle, in denen <a title=\"Fahrrad\" href=\"https:\/\/www.freiburg-schwarzwald.de\/blog\/business\/handel\/fahrrad\/\">Radlern<\/a> das Fahrradfahren wegen zu viel Promille am Lenker untersagt wird. Nach der offiziellen Verkehrsstatistik der Freiburger Polizei haben im vergangenen Jahr 33 Radfahrer unter <a title=\"Sucht\" href=\"https:\/\/www.freiburg-schwarzwald.de\/blog\/selbsthilfe\/sucht\/\">Alkoholeinfluss<\/a> einen Unfall verursacht, 22 Prozent mehr als im Jahr zuvor. &#8230; Alles vom 29.5.2012 bitte lesen auf<br \/>\n<a href=\"https:\/\/www.badische-zeitung.de\/betrunkene-radler-muessen-in-freiburg-mit-fahrverbot-rechnen\">https:\/\/www.badische-zeitung.de\/betrunkene-radler-muessen-in-freiburg-mit-fahrverbot-rechnen<\/a><!--more--><\/p>\n<p>Bei Trunkenheit im Verkehr auf dem Fahrrad mit \u00fcber 1,6 Promille wird &#8211; wie von der Autorin richtig dargestellt &#8211; der F\u00fchrerschein nicht im Strafverfahren entzogen. Es ist jedoch nicht so, dass sofort der F\u00fchrerschein durch die Verkehrsbeh\u00f6rde entzogen wird, sondern vielmehr wird im sog. Belassungsverfahren die Beibringung eines med.-psych. Gutachtens (MPU) angeordnet. Dazu wird den Betroffenen meist eine recht kurze Frist zur Vorlage des Gutachtens einger\u00e4umt. Wird w\u00e4hrend dieser Frist kein Gutachten vorgelegt, wird die Fahrerlaubnis entzogen (oder der Betroffene verzichtet freiwillig &#8211; ein kleiner, aber nicht unbedeutender Unterschied) und das besagte Radel- und Mofaverbot verh\u00e4ngt. Es kann allerdings eine ganze Zeit dauern, bis die Verkehrbeh\u00f6rde etwas von einer <a title=\"Alkohol\" href=\"https:\/\/www.freiburg-schwarzwald.de\/blog\/selbsthilfe\/sucht\/alkohol\/\">Trunkenheitsfahrt<\/a> auf dem Fahrrad mitbekommt. Mitunter k\u00f6nnen viele Monate vergehen, bis der Vorgang bei der Stra\u00dfenverkehrsbeh\u00f6rde landet. Entsprechend kalt und unerwartet erwischt es dann die Betroffenen. Wiederum richtig ist, dass ein Betroffener nach Entzug oder Verzicht wegen betrunkener Fahrradfahrt den F\u00fchrerschein erst nach positiver MPU zur\u00fcck erh\u00e4lt.<br \/>\nChristiopf Schneider, 29.5.2012<\/p>\n","protected":false},"excerpt":{"rendered":"<p>Im vergangenen Jahr hat nach Auskunft der Stadtverwaltung die st\u00e4dtische Stra\u00dfenverkehrsbeh\u00f6rde in 85 F\u00e4llen ein Rad- und Mofafahrverbot ausgesprochen, im Jahr davor waren es 94, davor 86. Im Landkreis Breisgau-Hochschwarzwald gibt es nach Auskunft der Beh\u00f6rde pro Jahr zwischen 10 &hellip; <a href=\"https:\/\/www.freiburg-schwarzwald.de\/blog\/betrunkene-radler-in-freiburg-fahrverbot-mpu-idiotentest\/\">Weiterlesen <span class=\"meta-nav\">&rarr;<\/span><\/a><\/p>\n","protected":false},"author":2,"featured_media":0,"comment_status":"open","ping_status":"closed","sticky":false,"template":"","format":"standard","meta":{"footnotes":""},"categories":[189,121],"tags":[],"class_list":["post-3996","post","type-post","status-publish","format-standard","hentry","category-alkohol","category-fahrradwege"],"_links":{"self":[{"href":"https:\/\/www.freiburg-schwarzwald.de\/blog\/wp-json\/wp\/v2\/posts\/3996","targetHints":{"allow":["GET"]}}],"collection":[{"href":"https:\/\/www.freiburg-schwarzwald.de\/blog\/wp-json\/wp\/v2\/posts"}],"about":[{"href":"https:\/\/www.freiburg-schwarzwald.de\/blog\/wp-json\/wp\/v2\/types\/post"}],"author":[{"embeddable":true,"href":"https:\/\/www.freiburg-schwarzwald.de\/blog\/wp-json\/wp\/v2\/users\/2"}],"replies":[{"embeddable":true,"href":"https:\/\/www.freiburg-schwarzwald.de\/blog\/wp-json\/wp\/v2\/comments?post=3996"}],"version-history":[{"count":0,"href":"https:\/\/www.freiburg-schwarzwald.de\/blog\/wp-json\/wp\/v2\/posts\/3996\/revisions"}],"wp:attachment":[{"href":"https:\/\/www.freiburg-schwarzwald.de\/blog\/wp-json\/wp\/v2\/media?parent=3996"}],"wp:term":[{"taxonomy":"category","embeddable":true,"href":"https:\/\/www.freiburg-schwarzwald.de\/blog\/wp-json\/wp\/v2\/categories?post=3996"},{"taxonomy":"post_tag","embeddable":true,"href":"https:\/\/www.freiburg-schwarzwald.de\/blog\/wp-json\/wp\/v2\/tags?post=3996"}],"curies":[{"name":"wp","href":"https:\/\/api.w.org\/{rel}","templated":true}]}}