{"id":3994,"date":"2012-05-28T20:23:23","date_gmt":"2012-05-28T20:23:23","guid":{"rendered":"https:\/\/www.freiburg-schwarzwald.de\/blog\/?p=3994"},"modified":"2012-05-28T20:23:23","modified_gmt":"2012-05-28T20:23:23","slug":"generationenubergreifendes-malen-mit-senioren-und-kindern-des-bbz","status":"publish","type":"post","link":"https:\/\/www.freiburg-schwarzwald.de\/blog\/generationenubergreifendes-malen-mit-senioren-und-kindern-des-bbz\/","title":{"rendered":"Generationen\u00fcbergreifendes Malen mit Senioren und Kindern des BBZ"},"content":{"rendered":"<p>Kunstwerke zu den vier Elementen Wasser, Feuer, Luft und Erde waren am vergangenen Wochenende in der Seniorenwohnanlage Pater Middendorf in Stegen zu sehen. Sie entstanden w\u00e4hrend eines Kreativprojektes, das von der Kunsttherapeutin Ute von Zastrow und der Leiterin des Schulkindergartens des <a title=\"Hoergeschaedigt\" href=\"https:\/\/www.freiburg-schwarzwald.de\/blog\/selbsthilfe\/behinderung\/hoergeschaedigt\/\">Bildungs- und Beratungszentrum f\u00fcr H\u00f6rgesch\u00e4digte (BBZ)<\/a> in Stegen, Gerda Hansmann, geleitet wurde. Das Besondere dieses Kooperations-Projektes war der generationen\u00fcbergreifende Ansatz: <a title=\"Senioren\" href=\"https:\/\/www.freiburg-schwarzwald.de\/blog\/selbsthilfe\/senioren\/\">Senioren<\/a> der Wohnanlage malten zusammen mit Kindern des Schulkindergartens des BBZ; Alt und Jung lie\u00dfen sich aufeinander ein. \u201eEs war spannend zu beobachten, wie unbefangen und vorbehaltlos die Kinder mit den Senioren umgingen\u201c, so Heike J\u00e4ger, Leiterin der Seniorenanlage, \u201ef\u00fcr sie spielte es keine Rolle, ob die Senioren etwas konnten oder nicht. Und f\u00fcr die Senioren war die ungezwungene und spontane Art der Kinder erfrischend und belebend!\u201c<!--more-->Nicht ein perfektes Bild als Ergebnis stand w\u00e4hrend des Kurses im Vordergrund, sondern der Prozess der Entstehung, das Experimentieren mit Farben und Formen, Spa\u00df und Entdeckungsfreude &#8211; und das im gemeinsamen Tun. Und das ist es auch, was die Bilder dem Zuschauer vermitteln. Sie haben vor allem Ausdruckskraft und Ausstrahlung. Technische Perfektion verliert dar\u00fcber ihre Bedeutung. Das Kreativprojekt entstand aus dem seit zwei Jahren laufenden Begegnungsprojekt heraus. W\u00e4hrend das Begegnungsprojekt, bei dem die Kinder und Senioren einmal die Woche zusammen singen, basteln und spielen, als feste Einrichtung weiterl\u00e4uft, fand das Kreativprojekt jetzt erst einmal einen Abschluss mit der Pr\u00e4sentation der Bilder. Den Initiatoren liegt dieses Projekt, das finanziell vom BBZ, \u201eMiteinander Stegen e.V.\u201c und den beiden Mitarbeiterinnen der Pater-Middendorf-Anlage unterst\u00fctzt wird, sehr am Herzen. W\u00e4hrend fr\u00fcher das Miteinander der Generationen selbstverst\u00e4ndlicher war, m\u00fcssten heute ganz neue Formen des Zusammenlebens und des voneinander Lernens entwickelt und auch organisiert werden. Gerda Hansmann hat f\u00fcr dieses Begegnungsprojekt, von dem sowohl die Senioren als auch die Kinder profitieren, noch viele Ideen: sie k\u00f6nnte sich viele kleine Projekte im gro\u00dfen Projekt vorstellen: Koch- und Backkurse, Tanzstunden oder M\u00e4rchenlesungen. F\u00fcr die Realisierung dieser Ideen ist das Projekt allerdings auf finanzielle Unterst\u00fctzung und Spenden angewiesen!<\/p>\n<p>Spendenkonto: &#8222;ungeh\u00f6rig\u201d, Sozialwerk f\u00fcr <a title=\"Behinderung\" href=\"https:\/\/www.freiburg-schwarzwald.de\/blog\/selbsthilfe\/behinderung\/\">h\u00f6rgesch\u00e4digte Kinder <\/a>und Jugendliche Freiburg<br \/>\nKonto: 23737000, Volksbank Freiburg BLZ: 68090000<br \/>\nStichwort \u201egenerationen\u00fcbergreifendes Begegnungsprojekt\u201c<br \/>\nDagmar Engesser, <a href=\"https:\/\/www.dreisamtaeler.de\">www.dreisamtaeler.de<\/a><\/p>\n","protected":false},"excerpt":{"rendered":"<p>Kunstwerke zu den vier Elementen Wasser, Feuer, Luft und Erde waren am vergangenen Wochenende in der Seniorenwohnanlage Pater Middendorf in Stegen zu sehen. Sie entstanden w\u00e4hrend eines Kreativprojektes, das von der Kunsttherapeutin Ute von Zastrow und der Leiterin des Schulkindergartens &hellip; <a href=\"https:\/\/www.freiburg-schwarzwald.de\/blog\/generationenubergreifendes-malen-mit-senioren-und-kindern-des-bbz\/\">Weiterlesen <span class=\"meta-nav\">&rarr;<\/span><\/a><\/p>\n","protected":false},"author":2,"featured_media":0,"comment_status":"open","ping_status":"closed","sticky":false,"template":"","format":"standard","meta":{"footnotes":""},"categories":[56,54,61,119],"tags":[],"class_list":["post-3994","post","type-post","status-publish","format-standard","hentry","category-behinderung","category-ehrenamt","category-kinder","category-kunst"],"_links":{"self":[{"href":"https:\/\/www.freiburg-schwarzwald.de\/blog\/wp-json\/wp\/v2\/posts\/3994","targetHints":{"allow":["GET"]}}],"collection":[{"href":"https:\/\/www.freiburg-schwarzwald.de\/blog\/wp-json\/wp\/v2\/posts"}],"about":[{"href":"https:\/\/www.freiburg-schwarzwald.de\/blog\/wp-json\/wp\/v2\/types\/post"}],"author":[{"embeddable":true,"href":"https:\/\/www.freiburg-schwarzwald.de\/blog\/wp-json\/wp\/v2\/users\/2"}],"replies":[{"embeddable":true,"href":"https:\/\/www.freiburg-schwarzwald.de\/blog\/wp-json\/wp\/v2\/comments?post=3994"}],"version-history":[{"count":0,"href":"https:\/\/www.freiburg-schwarzwald.de\/blog\/wp-json\/wp\/v2\/posts\/3994\/revisions"}],"wp:attachment":[{"href":"https:\/\/www.freiburg-schwarzwald.de\/blog\/wp-json\/wp\/v2\/media?parent=3994"}],"wp:term":[{"taxonomy":"category","embeddable":true,"href":"https:\/\/www.freiburg-schwarzwald.de\/blog\/wp-json\/wp\/v2\/categories?post=3994"},{"taxonomy":"post_tag","embeddable":true,"href":"https:\/\/www.freiburg-schwarzwald.de\/blog\/wp-json\/wp\/v2\/tags?post=3994"}],"curies":[{"name":"wp","href":"https:\/\/api.w.org\/{rel}","templated":true}]}}