{"id":39674,"date":"2013-10-24T16:04:33","date_gmt":"2013-10-24T14:04:33","guid":{"rendered":"https:\/\/www.freiburg-schwarzwald.de\/blog\/?p=39674"},"modified":"2013-10-24T16:14:48","modified_gmt":"2013-10-24T14:14:48","slug":"kleinwindturbine-auf-hausdach","status":"publish","type":"post","link":"https:\/\/www.freiburg-schwarzwald.de\/blog\/kleinwindturbine-auf-hausdach\/","title":{"rendered":"Kleinwindturbine auf Hausdach"},"content":{"rendered":"<p>Der <a title=\"Verbraucher\" href=\"https:\/\/www.freiburg-schwarzwald.de\/blog\/engagement\/verbraucher\/\">F\u00f6rderverein Zukunftsenergien <\/a>der SolarRegio Kaiserstuhl l\u00e4dt zu einem\u00a0Fachvortrag ein: &#8222;Wind ins Netz &#8211; alles \u00fcber Kleinwindr\u00e4der f\u00fcr Hausnetz und Akkuladung&#8220;. G\u00fcnther Hacker,\u00a0innovativer Hersteller von <a title=\"Wind\" href=\"https:\/\/www.freiburg-schwarzwald.de\/blog\/energie\/wind\/\">Kleinwindr\u00e4dern<\/a> aus St. Georgen\/Schwarzwald wird anschaulich die eigene <a title=\"Strom\" href=\"https:\/\/www.freiburg-schwarzwald.de\/blog\/energie\/strom\/\">Stromerzeugung<\/a> und Speicherung vorstellen. Ein bis zu 10 m hoher Mast f\u00fcr eine <a title=\"Exergie\" href=\"https:\/\/www.freiburg-schwarzwald.de\/blog\/energie\/exergie\/\">Kleinwindturbine<\/a> kann ohne eine Baugenehmigung errichtet werden.<!--more--><\/p>\n<p>\u00a0\u00a0<br \/>\nDonnerstag, den 07. November 2013, 19.30 Uhr, Anglersportheim in 79369 Wyhl am Rhein, M\u00fchlenweg 10<br \/>\nDas Anglersportheim wird \u00fcber die Stra\u00dfe von Wyhl in Richtung Weisweil bis zur Kirche in Wyhl erreicht.<br \/>\nDann nach links in den M\u00fchlenweg in Richtung Rheinwald abbiegen, kurz vor der M\u00fchle Herb befindet sich auf<br \/>\nder rechten Seite das Anglersportheim.<\/p>\n<p>\u00a0<a href=\"https:\/\/www.freiburg-schwarzwald.de\/blog\/kleinwindturbine-auf-hausdach\/kleinwindturbine131024\/\" rel=\"attachment wp-att-39678\"><img loading=\"lazy\" decoding=\"async\" class=\"alignnone size-thumbnail wp-image-39678\" title=\"kleinwindturbine131024\" src=\"https:\/\/www.freiburg-schwarzwald.de\/blog\/wp-content\/uploads\/2013\/10\/kleinwindturbine131024-180x119.jpg\" alt=\"\" width=\"180\" height=\"119\" srcset=\"https:\/\/www.freiburg-schwarzwald.de\/blog\/wp-content\/uploads\/2013\/10\/kleinwindturbine131024-180x119.jpg 180w, https:\/\/www.freiburg-schwarzwald.de\/blog\/wp-content\/uploads\/2013\/10\/kleinwindturbine131024.jpg 640w\" sizes=\"auto, (max-width: 180px) 100vw, 180px\" \/><\/a>\u00a0\u00a0 Hacker-Kleinwindturbinen<\/p>\n<p>24.10.2013, Erhard Schulz.,\u00a0F\u00f6rdervereins Zukunftsenergien SolarRegio Kaiserstuhl e.V.<\/p>\n<p><a href=\"https:\/\/www.bundesverband-kleinwindanlagen.de\/\">https:\/\/www.bundesverband-kleinwindanlagen.de\/<\/a><\/p>\n<p>G\u00fcnther Hacker zwei <a href=\"https:\/\/www.wind-mobil.de\/buecher.html\">Fachb\u00fccher<\/a> geschrieben, in denen die Theorie und Praxis der Windstromgewinnung ausf\u00fchrlich erkl\u00e4rt werden. Die zur Netzeinspeisung und Akkuladung passenden Kleinwindr\u00e4der stellen wir im &#8222;<a href=\"https:\/\/www.wind-mobil.de\/windshop.html\">Windshop<\/a>&#8220; mit Preisen vor.<br \/>\n<a href=\"https:\/\/www.wind-mobil.de\">www.wind-mobil.de<\/a><br \/>\n<a href=\"https:\/\/www.solarteam-hacker.de\/\">www.solarteam-hacker.de<\/a>\u00a0<\/p>\n<p>&nbsp;<\/p>\n","protected":false},"excerpt":{"rendered":"<p>Der F\u00f6rderverein Zukunftsenergien der SolarRegio Kaiserstuhl l\u00e4dt zu einem\u00a0Fachvortrag ein: &#8222;Wind ins Netz &#8211; alles \u00fcber Kleinwindr\u00e4der f\u00fcr Hausnetz und Akkuladung&#8220;. G\u00fcnther Hacker,\u00a0innovativer Hersteller von Kleinwindr\u00e4dern aus St. Georgen\/Schwarzwald wird anschaulich die eigene Stromerzeugung und Speicherung vorstellen. Ein bis zu &hellip; <a href=\"https:\/\/www.freiburg-schwarzwald.de\/blog\/kleinwindturbine-auf-hausdach\/\">Weiterlesen <span class=\"meta-nav\">&rarr;<\/span><\/a><\/p>\n","protected":false},"author":4,"featured_media":0,"comment_status":"open","ping_status":"closed","sticky":false,"template":"","format":"standard","meta":{"footnotes":""},"categories":[36,104,171,395,172],"tags":[151,305],"class_list":["post-39674","post","type-post","status-publish","format-standard","hentry","category-engagement","category-hilfe","category-verbraucher","category-wind","category-zukunft","tag-erneuerbare-energien","tag-windkraft"],"_links":{"self":[{"href":"https:\/\/www.freiburg-schwarzwald.de\/blog\/wp-json\/wp\/v2\/posts\/39674","targetHints":{"allow":["GET"]}}],"collection":[{"href":"https:\/\/www.freiburg-schwarzwald.de\/blog\/wp-json\/wp\/v2\/posts"}],"about":[{"href":"https:\/\/www.freiburg-schwarzwald.de\/blog\/wp-json\/wp\/v2\/types\/post"}],"author":[{"embeddable":true,"href":"https:\/\/www.freiburg-schwarzwald.de\/blog\/wp-json\/wp\/v2\/users\/4"}],"replies":[{"embeddable":true,"href":"https:\/\/www.freiburg-schwarzwald.de\/blog\/wp-json\/wp\/v2\/comments?post=39674"}],"version-history":[{"count":0,"href":"https:\/\/www.freiburg-schwarzwald.de\/blog\/wp-json\/wp\/v2\/posts\/39674\/revisions"}],"wp:attachment":[{"href":"https:\/\/www.freiburg-schwarzwald.de\/blog\/wp-json\/wp\/v2\/media?parent=39674"}],"wp:term":[{"taxonomy":"category","embeddable":true,"href":"https:\/\/www.freiburg-schwarzwald.de\/blog\/wp-json\/wp\/v2\/categories?post=39674"},{"taxonomy":"post_tag","embeddable":true,"href":"https:\/\/www.freiburg-schwarzwald.de\/blog\/wp-json\/wp\/v2\/tags?post=39674"}],"curies":[{"name":"wp","href":"https:\/\/api.w.org\/{rel}","templated":true}]}}