{"id":39668,"date":"2013-10-24T10:24:05","date_gmt":"2013-10-24T08:24:05","guid":{"rendered":"https:\/\/www.freiburg-schwarzwald.de\/blog\/?p=39668"},"modified":"2013-10-24T10:27:14","modified_gmt":"2013-10-24T08:27:14","slug":"theatergruppe-des-sv-ebnet","status":"publish","type":"post","link":"https:\/\/www.freiburg-schwarzwald.de\/blog\/theatergruppe-des-sv-ebnet\/","title":{"rendered":"Theatergruppe des SV Ebnet"},"content":{"rendered":"<p>&nbsp;<\/p>\n<p>Die <a title=\"Theater\" href=\"https:\/\/www.freiburg-schwarzwald.de\/blog\/kultur\/theater\/\">Theatergruppe<\/a> des SV Ebnet l\u00e4dt auch in diesem Jahr zu mehreren Vorstellungen in <a title=\"Ebnet\" href=\"https:\/\/www.freiburg-schwarzwald.de\/blog\/regio\/freiburg\/ebnet\/\">Ebnet<\/a> und <a title=\"Littenweiler\" href=\"https:\/\/www.freiburg-schwarzwald.de\/blog\/regio\/freiburg\/littenweiler\/\">Littenweiler<\/a> ein. Zur Auff\u00fchrung kommt das St\u00fcck \u201eWer nicht h\u00f6ren will, muss f\u00fchlen\u201c, eine Kom\u00f6die mit aktuellen Bez\u00fcgen in drei Akten von Beate Irmisch: Onkel Mattes hat es faustdick hinter den Ohren. Seine Nichte Josefa hat ihrer verstorbenen Mutter versprochen, sich um ihn zu k\u00fcmmern. <!--more-->Genervt engagiert Josefa eine Rundumbetreuung f\u00fcr Onkelchen. Um ihn daf\u00fcr zu begeistern, verspricht sie ihm ein junges Fr\u00e4ulein. Ordentlich beschwipst erwarten Mattes und sein Freund Alfons freudig die neue Perle. Leider hat Onkelchen total vergessen, dass er seine Bude an Nachbar Hardy zwecks Stelldichein vermietet hat. Da kann es schon mal passieren, dass Hardys Liebchen mit der Pflegedame verwechselt wird. In Gestalt der polnischen Pflegerin Radka findet Mattes endlich eine w\u00fcrdige Gegenspielerin.<br \/>\nZur ersten Auff\u00fchrung am Samstag, dem 26. Oktober, um 20.00 Uhr, laden die Landfrauen Kappel-Ebnet in die Dreisamhalle, wo auch ein reichhaltiges Essensangebot serviert wird. Zu weiteren Auff\u00fchrungen l\u00e4dt der Sportverein Ebnet am Freitag, 8. November, und Samstag, 9. November, jeweils um 20.00 Uhr, in den B\u00fcrgersaal in Littenweiler ein. Auch hier wird f\u00fcr das leibliche Wohl gesorgt sein. Einlass ist jeweils ab 19.00 Uhr.<\/p>\n<p><a href=\"https:\/\/www.freiburg-schwarzwald.de\/blog\/theatergruppe-des-sv-ebnet\/theater-ebnet131022\/\" rel=\"attachment wp-att-39671\"><img loading=\"lazy\" decoding=\"async\" class=\"alignnone size-thumbnail wp-image-39671\" title=\"theater-ebnet131022\" src=\"https:\/\/www.freiburg-schwarzwald.de\/blog\/wp-content\/uploads\/2013\/10\/theater-ebnet131022-180x143.jpg\" alt=\"\" width=\"180\" height=\"143\" srcset=\"https:\/\/www.freiburg-schwarzwald.de\/blog\/wp-content\/uploads\/2013\/10\/theater-ebnet131022-180x143.jpg 180w, https:\/\/www.freiburg-schwarzwald.de\/blog\/wp-content\/uploads\/2013\/10\/theater-ebnet131022.jpg 640w\" sizes=\"auto, (max-width: 180px) 100vw, 180px\" \/><\/a><\/p>\n<p>Karten zum Preis von 6.- Euro sind im Vorverkauf in Littenweiler bei der G\u00e4rtnerei Heckmann und bei Elektro L\u00f6ffler erh\u00e4ltlich sowie in Kappel in der B\u00e4ckerei Br\u00fcstle und in Bands Frischeladen und in Ebnet bei Schreibwaren Strobel (Post). Au\u00dferdem zum Preis von 7.- Euro an der Abendkasse.<br \/>\n23.10.2013, Gisela Heizler-Ries, <a href=\"https:\/\/www.dreisamtaeler.de\">www.dreisamtaeler.de<\/a><\/p>\n","protected":false},"excerpt":{"rendered":"<p>&nbsp; Die Theatergruppe des SV Ebnet l\u00e4dt auch in diesem Jahr zu mehreren Vorstellungen in Ebnet und Littenweiler ein. Zur Auff\u00fchrung kommt das St\u00fcck \u201eWer nicht h\u00f6ren will, muss f\u00fchlen\u201c, eine Kom\u00f6die mit aktuellen Bez\u00fcgen in drei Akten von Beate &hellip; <a href=\"https:\/\/www.freiburg-schwarzwald.de\/blog\/theatergruppe-des-sv-ebnet\/\">Weiterlesen <span class=\"meta-nav\">&rarr;<\/span><\/a><\/p>\n","protected":false},"author":4,"featured_media":0,"comment_status":"open","ping_status":"closed","sticky":false,"template":"","format":"standard","meta":{"footnotes":""},"categories":[36,13,124,214],"tags":[314,443,733],"class_list":["post-39668","post","type-post","status-publish","format-standard","hentry","category-engagement","category-kultur","category-sportvereine-vereine","category-theater","tag-alemannisch-2","tag-termin","tag-theater"],"_links":{"self":[{"href":"https:\/\/www.freiburg-schwarzwald.de\/blog\/wp-json\/wp\/v2\/posts\/39668","targetHints":{"allow":["GET"]}}],"collection":[{"href":"https:\/\/www.freiburg-schwarzwald.de\/blog\/wp-json\/wp\/v2\/posts"}],"about":[{"href":"https:\/\/www.freiburg-schwarzwald.de\/blog\/wp-json\/wp\/v2\/types\/post"}],"author":[{"embeddable":true,"href":"https:\/\/www.freiburg-schwarzwald.de\/blog\/wp-json\/wp\/v2\/users\/4"}],"replies":[{"embeddable":true,"href":"https:\/\/www.freiburg-schwarzwald.de\/blog\/wp-json\/wp\/v2\/comments?post=39668"}],"version-history":[{"count":0,"href":"https:\/\/www.freiburg-schwarzwald.de\/blog\/wp-json\/wp\/v2\/posts\/39668\/revisions"}],"wp:attachment":[{"href":"https:\/\/www.freiburg-schwarzwald.de\/blog\/wp-json\/wp\/v2\/media?parent=39668"}],"wp:term":[{"taxonomy":"category","embeddable":true,"href":"https:\/\/www.freiburg-schwarzwald.de\/blog\/wp-json\/wp\/v2\/categories?post=39668"},{"taxonomy":"post_tag","embeddable":true,"href":"https:\/\/www.freiburg-schwarzwald.de\/blog\/wp-json\/wp\/v2\/tags?post=39668"}],"curies":[{"name":"wp","href":"https:\/\/api.w.org\/{rel}","templated":true}]}}