{"id":39371,"date":"2013-10-17T21:08:34","date_gmt":"2013-10-17T19:08:34","guid":{"rendered":"https:\/\/www.freiburg-schwarzwald.de\/blog\/?p=39371"},"modified":"2013-10-17T21:08:34","modified_gmt":"2013-10-17T19:08:34","slug":"svk-mtb-vereinsmeisterschaft","status":"publish","type":"post","link":"https:\/\/www.freiburg-schwarzwald.de\/blog\/svk-mtb-vereinsmeisterschaft\/","title":{"rendered":"SVK-MTB Vereinsmeisterschaft"},"content":{"rendered":"<p>Perfekte \u00e4u\u00dfere Bedingungen gab es bei der diesj\u00e4hrigen Austragung der Mountainbike-Vereinsmeisterschaft des <a title=\"Kirchzarten\" href=\"https:\/\/www.freiburg-schwarzwald.de\/blog\/regio\/orte\/kirchzarten\/\">SV Kirchzarten<\/a>, die zum ersten Mal in der langj\u00e4hrigen Tradition als Team-Staffelrennen ausgetragen wurde. Getreu dem Motto der<a title=\"MTB-Kirchzarten\" href=\"https:\/\/www.freiburg-schwarzwald.de\/blog\/sport\/sportlern\/biken\/mtb-kirchzarten\/\"> Bikeschule <\/a>\u201eSpiel und Spa\u00df beim Biken\u201c stand der Spa\u00df im Vordergrund. Jung und Alt starteten gemeinsam im Team, die Strecke war f\u00fcr jedermann und -frau problemlos zu bew\u00e4ltigen. <!--more-->Auf einem rund 250 Meter langen Rundkurs im W\u00e4ldchen neben dem Spielplatz am Giersberg hatten die Mountainbiker jeweils drei Runden zu absolvieren, bei denen an zwei verschieden Stationen im Start-\/Zielbereich Aufgaben wie Zielw\u00fcrfe oder Balancieren zu bew\u00e4ltigen waren. Bei Fehlern ging es in die Strafrunde. Insgesamt 66 junge und alte Mountainbiker lie\u00dfen sich den Spa\u00df nicht nehmen, um aufgeteilt in 16 Teams, sich der neuen Herausforderung zu stellen. Mit dabei auch die beiden Weltklasse-Mountainbiker des SVK U23-Vizeweltmeister Julian Schelb und Martin Gluth.<\/p>\n<p><a href=\"https:\/\/www.freiburg-schwarzwald.de\/blog\/svk-mtb-vereinsmeisterschaft\/svk-mtb131003\/\" rel=\"attachment wp-att-39372\"><img loading=\"lazy\" decoding=\"async\" class=\"alignnone size-thumbnail wp-image-39372\" title=\"svk-mtb131003\" src=\"https:\/\/www.freiburg-schwarzwald.de\/blog\/wp-content\/uploads\/2013\/10\/svk-mtb131003-180x120.jpg\" alt=\"\" width=\"180\" height=\"120\" srcset=\"https:\/\/www.freiburg-schwarzwald.de\/blog\/wp-content\/uploads\/2013\/10\/svk-mtb131003-180x120.jpg 180w, https:\/\/www.freiburg-schwarzwald.de\/blog\/wp-content\/uploads\/2013\/10\/svk-mtb131003.jpg 639w\" sizes=\"auto, (max-width: 180px) 100vw, 180px\" \/><\/a><\/p>\n<p>Bei der SVK-MTB-Vereinsmeisterschaft ehrte B\u00fcrgermeister Andreas Hall die international erfolgreichen Biker Julian Schelb und Martin Gluth sowie den Teamchef vom Lexware-Rothaus-Team Daniel Berhe (v.l.) f\u00fcr eine erfolgreiche Saison.\u00a0Foto: Privat<br \/>\n\u00a0<br \/>\nAls Tagessieger und Vereinsmeister durfte sich das \u201eTeam Speedy Gonzales\u201c in der Besetzung Emily Weiss, Leonie Sobiera, Nikolas Schmieder und Stefan Weiss feiern lassen. Auf Platz zwei finishte \u201eCIA Freiburg\u201c vor \u201eWhip That Shit\u201c (mit Martin Gluth) und den \u201eNo Names\u201c (mit Julian Schelb). Im Anschluss wurde im Sch\u00fclerhaus die Siegerehrung der Vereinsmeisterschaft sowie die Ehrung der erfolgreichsten Sportler der Saison durchgef\u00fchrt. B\u00fcrgermeister Hall nutzte die Gelegenheit, die Mitglieder der Radabteilung \u00fcber den aktuellen Stand der zuk\u00fcnftigen Trainingsm\u00f6glichkeiten im Bereich Hexenw\u00e4ldle zu informieren, bevor er die erfolgreichen Vereinssportler und das \u201eLexware-Rothaus-Team\u201c im Namen der Gemeinde Kirchzarten auszeichnete und mit einem Preis bedachte.<\/p>\n<p>Ausgezeichnet f\u00fcr gute Saisonleistungen wurden:<br \/>\nEmily Weiss (U11w),\u00a0\u00a0\u00a0\u00a0\u00a0\u00a0\u00a0\u00a0\u00a0\u00a0\u00a0\u00a0 Gesamtzweite PACTIMO Kids-Cup Serie.<br \/>\nAnouk Arendt (U11w),\u00a0\u00a0\u00a0\u00a0\u00a0\u00a0\u00a0\u00a0\u00a0\u00a0\u00a0 Gesamtdritte PACTIMO Kids-Cup Serie.<br \/>\nGeorge Leipold (U11m),\u00a0\u00a0\u00a0\u00a0\u00a0\u00a0\u00a0 Gesamtdritter PACTIMO Kids-Cup Serie.<br \/>\nKaren Wei\u00df (U13w),\u00a0\u00a0\u00a0\u00a0\u00a0\u00a0\u00a0\u00a0\u00a0\u00a0\u00a0\u00a0\u00a0 Gesamtsiegerin PACTIMO Kids-Cup Serie; Dritte Baden-W\u00fcrttembergische MTB-Meisterschaft.<br \/>\nIan Millennium (U13m),\u00a0\u00a0\u00a0\u00a0\u00a0\u00a0\u00a0\u00a0\u00a0 Baden-W\u00fcrttembergischer MTB \u2013Meister, Gesamtsieger PACTIMO Kids-Cup Serie.<br \/>\nFabian Tr\u00f6scher (U13m),\u00a0\u00a0\u00a0\u00a0\u00a0 Gesamtdritter PACTIMO Kids-Cup Serie.<br \/>\nCorinna K\u00f6nig (U15w),\u00a0\u00a0\u00a0\u00a0\u00a0\u00a0\u00a0\u00a0\u00a0 Baden-W\u00fcrttembergische MTB \u2013Meisterin, Gesamtdritte PACTIMO Kids-Cup Serie.<br \/>\nLeonie Sobiera (U15w),\u00a0\u00a0\u00a0\u00a0\u00a0\u00a0\u00a0\u00a0 Vierte Deutsche Mountainbike-Meisterschaften, Dritte Baden-W\u00fcrttembergische MTB-Meisterschaft, Gesamtzweite PACTIMO Kids-Cup Serie.<br \/>\nJannick Zurnieden (U15m),\u00a0\u00a0\u00a0 Gesamtzweiter PACTIMO Kids-Cup Serie.<br \/>\nLaura Dold (U17w),\u00a0\u00a0\u00a0\u00a0\u00a0\u00a0\u00a0\u00a0\u00a0\u00a0\u00a0\u00a0\u00a0\u00a0\u00a0 Dritte Baden-W\u00fcrttembergische MTB-Meisterschaft,\u00a0\u00a0\u00a0\u00a0\u00a0\u00a0\u00a0\u00a0\u00a0\u00a0\u00a0\u00a0\u00a0\u00a0\u00a0\u00a0\u00a0\u00a0\u00a0\u00a0\u00a0\u00a0\u00a0\u00a0\u00a0\u00a0\u00a0\u00a0\u00a0\u00a0\u00a0\u00a0\u00a0\u00a0\u00a0\u00a0\u00a0\u00a0\u00a0\u00a0\u00a0\u00a0\u00a0\u00a0\u00a0\u00a0\u00a0 Gesamtvierte Bundesnachwuchssichtung<br \/>\nHannah Grobert (U17w),\u00a0\u00a0\u00a0\u00a0\u00a0\u00a0\u00a0 Vierte Deutsche Mountainbike-Meisterschaften, Gesamtzweite Bundesnachwuchssichtung,\u00a0Gesamtsiegerin TFJV in Frankreich.<br \/>\nTorben Drach (U17m),\u00a0\u00a0\u00a0\u00a0\u00a0\u00a0\u00a0\u00a0\u00a0 Baden-W\u00fcrttembergischer MTB \u2013Meister.<br \/>\nJohannes Bl\u00e4si (U19m),\u00a0\u00a0\u00a0\u00a0\u00a0\u00a0\u00a0 Dritter Baden-W\u00fcrttembergische MTB-Meisterschaft.<br \/>\nMartin Gluth (U23m),\u00a0\u00a0\u00a0\u00a0\u00a0\u00a0\u00a0\u00a0\u00a0\u00a0\u00a0\u00a0\u00a0 20. Platz Mountainbike Weltmeisterschaft, Ditter Deutsche Mountainbike-Meisterschaften.<br \/>\nJulian Schelb (U23m),\u00a0\u00a0\u00a0\u00a0\u00a0\u00a0\u00a0\u00a0\u00a0\u00a0 Vize-Weltmeister Mountainbike, Deutscher Vizemeister Mountainbike<br \/>\nMarkus Bauer (Elite m),\u00a0\u00a0\u00a0\u00a0\u00a0\u00a0\u00a0\u00a0 Deutscher Vizemeister Mountainbike-Marathon<\/p>\n<p>17.10.2013, Gerhard L\u00fcck, <a href=\"https:\/\/www.dreisamtaeler.de\">www.dreisamtaeler.de<\/a><\/p>\n<p>&nbsp;<\/p>\n<p>&nbsp;<\/p>\n","protected":false},"excerpt":{"rendered":"<p>Perfekte \u00e4u\u00dfere Bedingungen gab es bei der diesj\u00e4hrigen Austragung der Mountainbike-Vereinsmeisterschaft des SV Kirchzarten, die zum ersten Mal in der langj\u00e4hrigen Tradition als Team-Staffelrennen ausgetragen wurde. Getreu dem Motto der Bikeschule \u201eSpiel und Spa\u00df beim Biken\u201c stand der Spa\u00df im &hellip; <a href=\"https:\/\/www.freiburg-schwarzwald.de\/blog\/svk-mtb-vereinsmeisterschaft\/\">Weiterlesen <span class=\"meta-nav\">&rarr;<\/span><\/a><\/p>\n","protected":false},"author":4,"featured_media":0,"comment_status":"open","ping_status":"closed","sticky":false,"template":"","format":"standard","meta":{"footnotes":""},"categories":[54,60,8,73,124],"tags":[70,69],"class_list":["post-39371","post","type-post","status-publish","format-standard","hentry","category-ehrenamt","category-jugend","category-sport","category-sportvereine","category-sportvereine-vereine","tag-jugendsport","tag-mtb"],"_links":{"self":[{"href":"https:\/\/www.freiburg-schwarzwald.de\/blog\/wp-json\/wp\/v2\/posts\/39371","targetHints":{"allow":["GET"]}}],"collection":[{"href":"https:\/\/www.freiburg-schwarzwald.de\/blog\/wp-json\/wp\/v2\/posts"}],"about":[{"href":"https:\/\/www.freiburg-schwarzwald.de\/blog\/wp-json\/wp\/v2\/types\/post"}],"author":[{"embeddable":true,"href":"https:\/\/www.freiburg-schwarzwald.de\/blog\/wp-json\/wp\/v2\/users\/4"}],"replies":[{"embeddable":true,"href":"https:\/\/www.freiburg-schwarzwald.de\/blog\/wp-json\/wp\/v2\/comments?post=39371"}],"version-history":[{"count":0,"href":"https:\/\/www.freiburg-schwarzwald.de\/blog\/wp-json\/wp\/v2\/posts\/39371\/revisions"}],"wp:attachment":[{"href":"https:\/\/www.freiburg-schwarzwald.de\/blog\/wp-json\/wp\/v2\/media?parent=39371"}],"wp:term":[{"taxonomy":"category","embeddable":true,"href":"https:\/\/www.freiburg-schwarzwald.de\/blog\/wp-json\/wp\/v2\/categories?post=39371"},{"taxonomy":"post_tag","embeddable":true,"href":"https:\/\/www.freiburg-schwarzwald.de\/blog\/wp-json\/wp\/v2\/tags?post=39371"}],"curies":[{"name":"wp","href":"https:\/\/api.w.org\/{rel}","templated":true}]}}