{"id":39367,"date":"2013-10-17T20:59:41","date_gmt":"2013-10-17T18:59:41","guid":{"rendered":"https:\/\/www.freiburg-schwarzwald.de\/blog\/?p=39367"},"modified":"2013-10-17T20:59:41","modified_gmt":"2013-10-17T18:59:41","slug":"e-bikes-fuer-katharinenhoehe","status":"publish","type":"post","link":"https:\/\/www.freiburg-schwarzwald.de\/blog\/e-bikes-fuer-katharinenhoehe\/","title":{"rendered":"E-Bikes fuer Katharinenhoehe"},"content":{"rendered":"<p>Der Vorstand von\u00a0<a title=\"Ride2live \u2013 Biken gegen den Krebs\" href=\"https:\/\/www.freiburg-schwarzwald.de\/blog\/ride2live-biken-gegen-den-krebs\/\">\u201eRide2Live<\/a>\u201c \u00fcberreichte dem Leiter der <a title=\"Behinderung\" href=\"https:\/\/www.freiburg-schwarzwald.de\/blog\/selbsthilfe\/behinderung\/\">Reha-Klinik<\/a>\u00a0Katharinenh\u00f6he, Stephan Maier, einen Scheck \u00fcber 4.680,00 Euro, um den jugendlichen Patienten auch im Schwarzwald den Zugang oder die R\u00fcckkehr zum Fahrradfahren\u00a0w\u00e4hrend der <a title=\"Krebs\" href=\"https:\/\/www.freiburg-schwarzwald.de\/blog\/selbsthilfe\/krebs\/\">Krebstherapie<\/a> zu erm\u00f6glichen. Mit dem Betrag stehen der <a title=\"Klinik\" href=\"https:\/\/www.freiburg-schwarzwald.de\/blog\/business\/gesund\/klinik\/\">Klinik<\/a> sechs Monate lang sechs <a title=\"E-Bike\" href=\"https:\/\/www.freiburg-schwarzwald.de\/blog\/energie\/strom\/e-bike\/\">E-Bikes<\/a> mit Rundum-Service zur Verf\u00fcgung. Wie genau diese Spende ins Schwarze getroffen hat, <!--more-->bewiesen die leuchtenden Augen der ersten \u201eTestfahrer\u201c und ihrer Therapeuten. Die vierst\u00fcndige F\u00fchrung habe nicht nur T\u00fcren und Herzen ge\u00f6ffnet, sondern auch gezeigt, wie lebenswichtig private Hilfe sei, da die Klinik ihren laufenden Betrieb zu zehn Prozent aus Spenden decken muss.<br \/>\nIm Rahmen der Unterst\u00fctzung der Reha-Klinik Katharinenh\u00f6he bei Sch\u00f6nwald, besichtigte eine Delegation von \u201eRide2Live\u201c am vergangenen Samstag diese Einrichtung. Die Katharinenh\u00f6he ist bundesweit eine von vier Rehabilitationskliniken, die sich auf die Betreuung und Versorgung von an Krebs erkrankten Kindern und Jugendlichen spezialisiert hat. Im Rahmen des je vierw\u00f6chigen Aufenthaltes wird den Kindern und ihren begleitenden Eltern und Geschwistern sowie den Jugendlichen das R\u00fcstzeug f\u00fcr einen Weg zur\u00fcck ins Leben mitgegeben. Neben medizinischer, psychosozialer und schulischer Betreuung nehmen hierbei die F\u00f6rderung des K\u00f6rperbewusstseins und der individuelle Wiederaufbau einer angemessenen Fitness einen gro\u00dfen Stellenwert ein.<\/p>\n<p><a href=\"https:\/\/www.freiburg-schwarzwald.de\/blog\/e-bikes-fuer-katharinenhoehe\/ride2live-katharinenhoehe131003\/\" rel=\"attachment wp-att-39368\"><img loading=\"lazy\" decoding=\"async\" title=\"ride2live-katharinenhoehe131003\" src=\"https:\/\/www.freiburg-schwarzwald.de\/blog\/wp-content\/uploads\/2013\/10\/ride2live-katharinenhoehe131003-180x120.jpg\" alt=\"\" width=\"180\" height=\"120\" \/><\/a><br \/>\nEinen Scheck \u00fcber 4.680 Euro hatte die \u201eRide2Live\u201c-Delegation f\u00fcr die Anschaffung von sechs E-Bike mit nach Sch\u00f6nwald gebracht. Die Freude war bei Spendern wie Empf\u00e4ngern gleicherma\u00dfen gro\u00df.\u00a0Foto: Privat<\/p>\n<p>17.10.2013, Gerhard L\u00fcck, <a href=\"https:\/\/www.dreisamtaeler.de\">www.dreisamtaeler.de<\/a><\/p>\n<p>&nbsp;<\/p>\n","protected":false},"excerpt":{"rendered":"<p>Der Vorstand von\u00a0\u201eRide2Live\u201c \u00fcberreichte dem Leiter der Reha-Klinik\u00a0Katharinenh\u00f6he, Stephan Maier, einen Scheck \u00fcber 4.680,00 Euro, um den jugendlichen Patienten auch im Schwarzwald den Zugang oder die R\u00fcckkehr zum Fahrradfahren\u00a0w\u00e4hrend der Krebstherapie zu erm\u00f6glichen. Mit dem Betrag stehen der Klinik sechs &hellip; <a href=\"https:\/\/www.freiburg-schwarzwald.de\/blog\/e-bikes-fuer-katharinenhoehe\/\">Weiterlesen <span class=\"meta-nav\">&rarr;<\/span><\/a><\/p>\n","protected":false},"author":4,"featured_media":0,"comment_status":"open","ping_status":"closed","sticky":false,"template":"","format":"standard","meta":{"footnotes":""},"categories":[56,134,36,400,161],"tags":[531,718,270],"class_list":["post-39367","post","type-post","status-publish","format-standard","hentry","category-behinderung","category-e-bike","category-engagement","category-freiwillig","category-spende","tag-handicap","tag-krebs","tag-gift"],"_links":{"self":[{"href":"https:\/\/www.freiburg-schwarzwald.de\/blog\/wp-json\/wp\/v2\/posts\/39367","targetHints":{"allow":["GET"]}}],"collection":[{"href":"https:\/\/www.freiburg-schwarzwald.de\/blog\/wp-json\/wp\/v2\/posts"}],"about":[{"href":"https:\/\/www.freiburg-schwarzwald.de\/blog\/wp-json\/wp\/v2\/types\/post"}],"author":[{"embeddable":true,"href":"https:\/\/www.freiburg-schwarzwald.de\/blog\/wp-json\/wp\/v2\/users\/4"}],"replies":[{"embeddable":true,"href":"https:\/\/www.freiburg-schwarzwald.de\/blog\/wp-json\/wp\/v2\/comments?post=39367"}],"version-history":[{"count":0,"href":"https:\/\/www.freiburg-schwarzwald.de\/blog\/wp-json\/wp\/v2\/posts\/39367\/revisions"}],"wp:attachment":[{"href":"https:\/\/www.freiburg-schwarzwald.de\/blog\/wp-json\/wp\/v2\/media?parent=39367"}],"wp:term":[{"taxonomy":"category","embeddable":true,"href":"https:\/\/www.freiburg-schwarzwald.de\/blog\/wp-json\/wp\/v2\/categories?post=39367"},{"taxonomy":"post_tag","embeddable":true,"href":"https:\/\/www.freiburg-schwarzwald.de\/blog\/wp-json\/wp\/v2\/tags?post=39367"}],"curies":[{"name":"wp","href":"https:\/\/api.w.org\/{rel}","templated":true}]}}