{"id":39358,"date":"2013-10-17T20:36:00","date_gmt":"2013-10-17T18:36:00","guid":{"rendered":"https:\/\/www.freiburg-schwarzwald.de\/blog\/?p=39358"},"modified":"2013-10-17T20:36:01","modified_gmt":"2013-10-17T18:36:01","slug":"mgv-oberried-leistungschor","status":"publish","type":"post","link":"https:\/\/www.freiburg-schwarzwald.de\/blog\/mgv-oberried-leistungschor\/","title":{"rendered":"MGV Oberried Leistungschor"},"content":{"rendered":"<p>Die 28 aktiven S\u00e4nger des MGV \u201eSchwarzwald\u201c <a title=\"Oberried\" href=\"https:\/\/www.freiburg-schwarzwald.de\/blog\/regio\/orte\/oberried\/\">Oberried<\/a>\u00a0 am 13.10.2013 beim 10. Badischen <a title=\"Gesang\" href=\"https:\/\/www.freiburg-schwarzwald.de\/blog\/vereine\/musikvereine\/gesang\/\">Chorwettbewerb<\/a> ausgezeichnet worden: In Walldorf traten sie in der Kategorie \u201eLeistungschor\u201c\u00a0an, um ihren 2005 erworbenen Titel zu wiederholen. In\u00a0intensiver Vorbereitung unter ihrem Dirigenten Michael Weh wurden vier Titel, vom Kyrie \u00fcber italienisches und kroatisches Liedgut bis hin zum modernen Trinklied, perfektioniert.<!--more--><\/p>\n<p>&nbsp;<\/p>\n<p>Der MGV-Schwarzwald-Vortrag \u00fcberzeugte die f\u00fcnfk\u00f6pfige Jury. Sie hob besonders den gekonnten Umgang mit den kraftvoll-lauten und differenziert-leisen Passagen der komplexen, vierstimmigen Chors\u00e4tze hervor. Grundlage daf\u00fcr war der auswendige Liedvortrag ohne Notenbl\u00e4tter, so dass die ganze Konzentration der S\u00e4nger ihrem Dirigenten galt. \u201eIch bin sehr stolz auf alle unsere S\u00e4nger. Wenn es ums Ganze geht, geben sie verl\u00e4sslich ihr Bestes\u201c, freute sich Gerald Lauby, Vorstand des Vereins. Am 4. Januar ist der Chor bei seinem Jahreskonzert in der Goldberghalle Oberried wieder daheim zu h\u00f6ren.<\/p>\n<p>\u00a0<a href=\"https:\/\/www.freiburg-schwarzwald.de\/blog\/mgv-oberried-leistungschor\/mgv-oberried131003\/\" rel=\"attachment wp-att-39359\"><img loading=\"lazy\" decoding=\"async\" class=\"alignnone size-thumbnail wp-image-39359\" title=\"mgv-oberried131003\" src=\"https:\/\/www.freiburg-schwarzwald.de\/blog\/wp-content\/uploads\/2013\/10\/mgv-oberried131003-180x75.jpg\" alt=\"\" width=\"180\" height=\"75\" srcset=\"https:\/\/www.freiburg-schwarzwald.de\/blog\/wp-content\/uploads\/2013\/10\/mgv-oberried131003-180x75.jpg 180w, https:\/\/www.freiburg-schwarzwald.de\/blog\/wp-content\/uploads\/2013\/10\/mgv-oberried131003.jpg 639w\" sizes=\"auto, (max-width: 180px) 100vw, 180px\" \/><\/a>\u00a0 Der erfolgreiche MGV Oberried nach der Ehrung in Walldorf.\u00a0Foto: Eckard L\u00f6tzsch<\/p>\n<p>\u00a017.10.2013, Gerhard L\u00fcck, <a href=\"https:\/\/www.dreisamtaeler.de\">www.dreisamtaeler.de<\/a><\/p>\n","protected":false},"excerpt":{"rendered":"<p>Die 28 aktiven S\u00e4nger des MGV \u201eSchwarzwald\u201c Oberried\u00a0 am 13.10.2013 beim 10. Badischen Chorwettbewerb ausgezeichnet worden: In Walldorf traten sie in der Kategorie \u201eLeistungschor\u201c\u00a0an, um ihren 2005 erworbenen Titel zu wiederholen. In\u00a0intensiver Vorbereitung unter ihrem Dirigenten Michael Weh wurden vier &hellip; <a href=\"https:\/\/www.freiburg-schwarzwald.de\/blog\/mgv-oberried-leistungschor\/\">Weiterlesen <span class=\"meta-nav\">&rarr;<\/span><\/a><\/p>\n","protected":false},"author":4,"featured_media":0,"comment_status":"open","ping_status":"closed","sticky":false,"template":"","format":"standard","meta":{"footnotes":""},"categories":[120],"tags":[300,518,289,428],"class_list":["post-39358","post","type-post","status-publish","format-standard","hentry","category-musik","tag-chor","tag-music","tag-preis","tag-wettbewerb"],"_links":{"self":[{"href":"https:\/\/www.freiburg-schwarzwald.de\/blog\/wp-json\/wp\/v2\/posts\/39358","targetHints":{"allow":["GET"]}}],"collection":[{"href":"https:\/\/www.freiburg-schwarzwald.de\/blog\/wp-json\/wp\/v2\/posts"}],"about":[{"href":"https:\/\/www.freiburg-schwarzwald.de\/blog\/wp-json\/wp\/v2\/types\/post"}],"author":[{"embeddable":true,"href":"https:\/\/www.freiburg-schwarzwald.de\/blog\/wp-json\/wp\/v2\/users\/4"}],"replies":[{"embeddable":true,"href":"https:\/\/www.freiburg-schwarzwald.de\/blog\/wp-json\/wp\/v2\/comments?post=39358"}],"version-history":[{"count":0,"href":"https:\/\/www.freiburg-schwarzwald.de\/blog\/wp-json\/wp\/v2\/posts\/39358\/revisions"}],"wp:attachment":[{"href":"https:\/\/www.freiburg-schwarzwald.de\/blog\/wp-json\/wp\/v2\/media?parent=39358"}],"wp:term":[{"taxonomy":"category","embeddable":true,"href":"https:\/\/www.freiburg-schwarzwald.de\/blog\/wp-json\/wp\/v2\/categories?post=39358"},{"taxonomy":"post_tag","embeddable":true,"href":"https:\/\/www.freiburg-schwarzwald.de\/blog\/wp-json\/wp\/v2\/tags?post=39358"}],"curies":[{"name":"wp","href":"https:\/\/api.w.org\/{rel}","templated":true}]}}