{"id":39247,"date":"2013-10-14T14:01:13","date_gmt":"2013-10-14T12:01:13","guid":{"rendered":"https:\/\/www.freiburg-schwarzwald.de\/blog\/?p=39247"},"modified":"2013-10-14T14:01:13","modified_gmt":"2013-10-14T12:01:13","slug":"georg-salvamoser-preis-2014","status":"publish","type":"post","link":"https:\/\/www.freiburg-schwarzwald.de\/blog\/georg-salvamoser-preis-2014\/","title":{"rendered":"Georg Salvamoser Preis 2014"},"content":{"rendered":"<p>F\u00fcr den Georg Salvamoser Preis 2014 werden Wegbereiter und Pioniere der <a title=\"Energiewende\" href=\"https:\/\/www.freiburg-schwarzwald.de\/blog\/energie\/energiewende\/\">Energiewende<\/a> gesucht, die sich mit innovativen Projekten f\u00fcr eine 100% erneuerbare Energieversorgung engagieren. Der mit 50.000 Euro zum dritten Mal ausgelobte Georg Salvamoser Preis als einer der h\u00f6chstdotierten <a title=\"Energie\" href=\"https:\/\/www.freiburg-schwarzwald.de\/blog\/energie\/\">Umweltpreise<\/a> Deutschlands. Bewerbungen sind bis 15. November 2013 online unter <a href=\"https:\/\/www.georg-salvamoser-preis.de\/\">www.georg-salvamoser-preis.de<\/a> m\u00f6glich.<!--more--><\/p>\n<p>F\u00fcr den Georg Salvamoser Preis k\u00f6nnen sich Einzelpersonen, Gruppierungen und Vereine bewerben, aber auch Unternehmen, Institutionen und Kommunen im gesamten deutschsprachigen Raum. Gesucht und ausgezeichnet werden mit dem Preis wegweisende Menschen und Projekte, die dazu beitragen, die Vision von 100% erneuerbaren Energien Realit\u00e4t werden zu lassen. .\u00a0Die Preisverleihung erfolgt am 16.M\u00e4rz 2014 im Rahmen einer feierlichen Festveranstaltung in der Solar-Fabrik Freiburg.<br \/>\nNach Ende der Bewerbungsfrist am 15. November wird eine Jury &#8211; bestehend aus Fachleuten und Pers\u00f6nlichkeiten aus Politik, Umweltwirtschaft und Verb\u00e4nden &#8211; \u00fcber die Preisvergabe entscheiden. Als Vergabekriterium<br \/>\nz\u00e4hlen Innovationsgrad, Originalit\u00e4t und Vorbildfunktion aber auch der dezentrale Charakter der eingereichten Projekte. Die Bewerber sollen auch darstellen, welche Hindernisse und Widerst\u00e4nde sie bei der<br \/>\nUmsetzung der Projekte \u00fcberwinden mussten.<\/p>\n<p>Der Georg Salvamoser Preis wurde im Jahre 2011 auf Initiative des Freiburger Oberb\u00fcrgermeisters Dieter Salomon ins Leben gerufen. Auslober sind die Stadt Freiburg sowie die Georg-Salvamoser-Stiftung, die mit dem<br \/>\nPreis an den fr\u00fch verstorbenen Freiburger Unternehmer und Solarpionier Georg Salvamoser (1950-2009) und sein Lebenswerk erinnern m\u00f6chten. Georg Salvamoser z\u00e4hlte zu den bundesweit herausragenden Pers\u00f6nlichkeiten<br \/>\nder Umweltwirtschaft und trug ma\u00dfgeblich zur Bedeutung des Solarstandorts Deutschland bei.<\/p>\n<p>&nbsp;<\/p>\n","protected":false},"excerpt":{"rendered":"<p>F\u00fcr den Georg Salvamoser Preis 2014 werden Wegbereiter und Pioniere der Energiewende gesucht, die sich mit innovativen Projekten f\u00fcr eine 100% erneuerbare Energieversorgung engagieren. Der mit 50.000 Euro zum dritten Mal ausgelobte Georg Salvamoser Preis als einer der h\u00f6chstdotierten Umweltpreise &hellip; <a href=\"https:\/\/www.freiburg-schwarzwald.de\/blog\/georg-salvamoser-preis-2014\/\">Weiterlesen <span class=\"meta-nav\">&rarr;<\/span><\/a><\/p>\n","protected":false},"author":4,"featured_media":0,"comment_status":"open","ping_status":"closed","sticky":false,"template":"","format":"standard","meta":{"footnotes":""},"categories":[5,68],"tags":[151,289,443],"class_list":["post-39247","post","type-post","status-publish","format-standard","hentry","category-energie","category-umwelt","tag-erneuerbare-energien","tag-preis","tag-termin"],"_links":{"self":[{"href":"https:\/\/www.freiburg-schwarzwald.de\/blog\/wp-json\/wp\/v2\/posts\/39247","targetHints":{"allow":["GET"]}}],"collection":[{"href":"https:\/\/www.freiburg-schwarzwald.de\/blog\/wp-json\/wp\/v2\/posts"}],"about":[{"href":"https:\/\/www.freiburg-schwarzwald.de\/blog\/wp-json\/wp\/v2\/types\/post"}],"author":[{"embeddable":true,"href":"https:\/\/www.freiburg-schwarzwald.de\/blog\/wp-json\/wp\/v2\/users\/4"}],"replies":[{"embeddable":true,"href":"https:\/\/www.freiburg-schwarzwald.de\/blog\/wp-json\/wp\/v2\/comments?post=39247"}],"version-history":[{"count":0,"href":"https:\/\/www.freiburg-schwarzwald.de\/blog\/wp-json\/wp\/v2\/posts\/39247\/revisions"}],"wp:attachment":[{"href":"https:\/\/www.freiburg-schwarzwald.de\/blog\/wp-json\/wp\/v2\/media?parent=39247"}],"wp:term":[{"taxonomy":"category","embeddable":true,"href":"https:\/\/www.freiburg-schwarzwald.de\/blog\/wp-json\/wp\/v2\/categories?post=39247"},{"taxonomy":"post_tag","embeddable":true,"href":"https:\/\/www.freiburg-schwarzwald.de\/blog\/wp-json\/wp\/v2\/tags?post=39247"}],"curies":[{"name":"wp","href":"https:\/\/api.w.org\/{rel}","templated":true}]}}