{"id":39172,"date":"2013-10-03T21:29:55","date_gmt":"2013-10-03T19:29:55","guid":{"rendered":"https:\/\/www.freiburg-schwarzwald.de\/blog\/?p=39172"},"modified":"2013-10-12T21:37:54","modified_gmt":"2013-10-12T19:37:54","slug":"wiese-radweg-basel-loerrach","status":"publish","type":"post","link":"https:\/\/www.freiburg-schwarzwald.de\/blog\/wiese-radweg-basel-loerrach\/","title":{"rendered":"Wiese-Radweg Basel &#8211; Loerrach"},"content":{"rendered":"<p>S\u00fcdlich vom\u00a0Dreil\u00e4ndereck CH-D-F in <a title=\"Basel\" href=\"https:\/\/www.freiburg-schwarzwald.de\/blog\/global\/schweiz\/basel\/\">Basel<\/a> flie\u00dft die Wiese in den Rhein. Hier beginnt ein Radweg, der auf dem Nordufer der Wiese \u00fcber Wehr (D) und Riehen (CH) nach <a title=\"Loerrach\" href=\"https:\/\/www.freiburg-schwarzwald.de\/blog\/regio\/orte\/loerrach\/\">L\u00f6rrach<\/a> f\u00fchrt. Vor der am 4.10.2013 eingeweihten &#8222;Zollfreien Strasse&#8220; in Riehen wechselt der Radweg vom Nord- zum S\u00fcdufer der Wiese.<!--more--><\/p>\n<p>&nbsp;<\/p>\n<p>&nbsp;<\/p>\n<p><a href=\"https:\/\/www.freiburg-schwarzwald.de\/blog\/wiese-radweg-basel-loerrach\/basel12wiese131002\/\" rel=\"attachment wp-att-39173\"><img loading=\"lazy\" decoding=\"async\" class=\"alignnone size-thumbnail wp-image-39173\" title=\"basel12wiese131002\" src=\"https:\/\/www.freiburg-schwarzwald.de\/blog\/wp-content\/uploads\/2013\/10\/basel12wiese131002-180x135.jpg\" alt=\"\" width=\"180\" height=\"135\" srcset=\"https:\/\/www.freiburg-schwarzwald.de\/blog\/wp-content\/uploads\/2013\/10\/basel12wiese131002-180x135.jpg 180w, https:\/\/www.freiburg-schwarzwald.de\/blog\/wp-content\/uploads\/2013\/10\/basel12wiese131002.jpg 640w\" sizes=\"auto, (max-width: 180px) 100vw, 180px\" \/><\/a>\u00a0\u00a0\u00a0\u00a0\u00a0\u00a0\u00a0\u00a0\u00a0\u00a0 <a href=\"https:\/\/www.freiburg-schwarzwald.de\/blog\/wiese-radweg-basel-loerrach\/basel13wiese131002\/\" rel=\"attachment wp-att-39174\"><img loading=\"lazy\" decoding=\"async\" class=\"alignnone size-thumbnail wp-image-39174\" title=\"basel13wiese131002\" src=\"https:\/\/www.freiburg-schwarzwald.de\/blog\/wp-content\/uploads\/2013\/10\/basel13wiese131002-180x135.jpg\" alt=\"\" width=\"180\" height=\"135\" srcset=\"https:\/\/www.freiburg-schwarzwald.de\/blog\/wp-content\/uploads\/2013\/10\/basel13wiese131002-180x135.jpg 180w, https:\/\/www.freiburg-schwarzwald.de\/blog\/wp-content\/uploads\/2013\/10\/basel13wiese131002.jpg 640w\" sizes=\"auto, (max-width: 180px) 100vw, 180px\" \/><\/a>\u00a0\u00a0\u00a0\u00a0\u00a0\u00a0\u00a0\u00a0\u00a0 <a href=\"https:\/\/www.freiburg-schwarzwald.de\/blog\/wiese-radweg-basel-loerrach\/riehen2grenze131002\/\" rel=\"attachment wp-att-39179\"><img loading=\"lazy\" decoding=\"async\" title=\"riehen2grenze131002\" src=\"https:\/\/www.freiburg-schwarzwald.de\/blog\/wp-content\/uploads\/2013\/10\/riehen2grenze131002-180x135.jpg\" alt=\"\" width=\"180\" height=\"135\" \/><\/a><br \/>\n(1) Wiese in Basel 3.10.2013\u00a0\u00a0\u00a0\u00a0\u00a0\u00a0\u00a0\u00a0<\/p>\n<p><a href=\"https:\/\/www.freiburg-schwarzwald.de\/blog\/wiese-radweg-basel-loerrach\/basel15wiese131002\/\" rel=\"attachment wp-att-39176\"><img loading=\"lazy\" decoding=\"async\" class=\"alignnone size-thumbnail wp-image-39176\" title=\"basel15wiese131002\" src=\"https:\/\/www.freiburg-schwarzwald.de\/blog\/wp-content\/uploads\/2013\/10\/basel15wiese131002-180x135.jpg\" alt=\"\" width=\"180\" height=\"135\" srcset=\"https:\/\/www.freiburg-schwarzwald.de\/blog\/wp-content\/uploads\/2013\/10\/basel15wiese131002-180x135.jpg 180w, https:\/\/www.freiburg-schwarzwald.de\/blog\/wp-content\/uploads\/2013\/10\/basel15wiese131002.jpg 640w\" sizes=\"auto, (max-width: 180px) 100vw, 180px\" \/><\/a>\u00a0\u00a0\u00a0\u00a0\u00a0\u00a0\u00a0\u00a0\u00a0 <a href=\"https:\/\/www.freiburg-schwarzwald.de\/blog\/wiese-radweg-basel-loerrach\/basel16wiese131002\/\" rel=\"attachment wp-att-39177\"><img loading=\"lazy\" decoding=\"async\" class=\"alignnone size-thumbnail wp-image-39177\" title=\"basel16wiese131002\" src=\"https:\/\/www.freiburg-schwarzwald.de\/blog\/wp-content\/uploads\/2013\/10\/basel16wiese131002-180x135.jpg\" alt=\"\" width=\"180\" height=\"135\" srcset=\"https:\/\/www.freiburg-schwarzwald.de\/blog\/wp-content\/uploads\/2013\/10\/basel16wiese131002-180x135.jpg 180w, https:\/\/www.freiburg-schwarzwald.de\/blog\/wp-content\/uploads\/2013\/10\/basel16wiese131002.jpg 640w\" sizes=\"auto, (max-width: 180px) 100vw, 180px\" \/><\/a>\u00a0\u00a0\u00a0\u00a0\u00a0\u00a0\u00a0\u00a0\u00a0\u00a0 <a href=\"https:\/\/www.freiburg-schwarzwald.de\/blog\/wiese-radweg-basel-loerrach\/riehen1naturbad131002\/\" rel=\"attachment wp-att-39178\"><img loading=\"lazy\" decoding=\"async\" class=\"alignnone size-thumbnail wp-image-39178\" title=\"riehen1naturbad131002\" src=\"https:\/\/www.freiburg-schwarzwald.de\/blog\/wp-content\/uploads\/2013\/10\/riehen1naturbad131002-180x135.jpg\" alt=\"\" width=\"180\" height=\"135\" srcset=\"https:\/\/www.freiburg-schwarzwald.de\/blog\/wp-content\/uploads\/2013\/10\/riehen1naturbad131002-180x135.jpg 180w, https:\/\/www.freiburg-schwarzwald.de\/blog\/wp-content\/uploads\/2013\/10\/riehen1naturbad131002.jpg 640w\" sizes=\"auto, (max-width: 180px) 100vw, 180px\" \/><\/a><br \/>\n(4) Radweg am Nordufer der Wiese\u00a0\u00a0\u00a0\u00a0 (5)\u00a0\u00a0\u00a0\u00a0\u00a0\u00a0\u00a0\u00a0\u00a0\u00a0\u00a0\u00a0\u00a0\u00a0\u00a0\u00a0\u00a0\u00a0\u00a0\u00a0\u00a0\u00a0\u00a0\u00a0\u00a0\u00a0\u00a0\u00a0\u00a0\u00a0\u00a0\u00a0\u00a0\u00a0\u00a0\u00a0\u00a0\u00a0\u00a0\u00a0\u00a0\u00a0\u00a0\u00a0\u00a0\u00a0\u00a0\u00a0\u00a0\u00a0\u00a0\u00a0\u00a0\u00a0\u00a0\u00a0\u00a0\u00a0\u00a0\u00a0\u00a0\u00a0\u00a0\u00a0\u00a0 (6) Naturbad Riehen am 3.10.2013<\/p>\n","protected":false},"excerpt":{"rendered":"<p>S\u00fcdlich vom\u00a0Dreil\u00e4ndereck CH-D-F in Basel flie\u00dft die Wiese in den Rhein. Hier beginnt ein Radweg, der auf dem Nordufer der Wiese \u00fcber Wehr (D) und Riehen (CH) nach L\u00f6rrach f\u00fchrt. Vor der am 4.10.2013 eingeweihten &#8222;Zollfreien Strasse&#8220; in Riehen wechselt &hellip; <a href=\"https:\/\/www.freiburg-schwarzwald.de\/blog\/wiese-radweg-basel-loerrach\/\">Weiterlesen <span class=\"meta-nav\">&rarr;<\/span><\/a><\/p>\n","protected":false},"author":4,"featured_media":0,"comment_status":"open","ping_status":"closed","sticky":false,"template":"","format":"standard","meta":{"footnotes":""},"categories":[75,219,105],"tags":[113],"class_list":["post-39172","post","type-post","status-publish","format-standard","hentry","category-biken","category-schweiz","category-trirhena","tag-fahrrad"],"_links":{"self":[{"href":"https:\/\/www.freiburg-schwarzwald.de\/blog\/wp-json\/wp\/v2\/posts\/39172","targetHints":{"allow":["GET"]}}],"collection":[{"href":"https:\/\/www.freiburg-schwarzwald.de\/blog\/wp-json\/wp\/v2\/posts"}],"about":[{"href":"https:\/\/www.freiburg-schwarzwald.de\/blog\/wp-json\/wp\/v2\/types\/post"}],"author":[{"embeddable":true,"href":"https:\/\/www.freiburg-schwarzwald.de\/blog\/wp-json\/wp\/v2\/users\/4"}],"replies":[{"embeddable":true,"href":"https:\/\/www.freiburg-schwarzwald.de\/blog\/wp-json\/wp\/v2\/comments?post=39172"}],"version-history":[{"count":0,"href":"https:\/\/www.freiburg-schwarzwald.de\/blog\/wp-json\/wp\/v2\/posts\/39172\/revisions"}],"wp:attachment":[{"href":"https:\/\/www.freiburg-schwarzwald.de\/blog\/wp-json\/wp\/v2\/media?parent=39172"}],"wp:term":[{"taxonomy":"category","embeddable":true,"href":"https:\/\/www.freiburg-schwarzwald.de\/blog\/wp-json\/wp\/v2\/categories?post=39172"},{"taxonomy":"post_tag","embeddable":true,"href":"https:\/\/www.freiburg-schwarzwald.de\/blog\/wp-json\/wp\/v2\/tags?post=39172"}],"curies":[{"name":"wp","href":"https:\/\/api.w.org\/{rel}","templated":true}]}}