{"id":38743,"date":"2013-10-02T21:58:04","date_gmt":"2013-10-02T19:58:04","guid":{"rendered":"https:\/\/www.freiburg-schwarzwald.de\/blog\/?p=38743"},"modified":"2013-10-02T21:58:04","modified_gmt":"2013-10-02T19:58:04","slug":"radfahren-ohne-licht-uncool","status":"publish","type":"post","link":"https:\/\/www.freiburg-schwarzwald.de\/blog\/radfahren-ohne-licht-uncool\/","title":{"rendered":"Radfahren ohne Licht &#8211; uncool"},"content":{"rendered":"<p>Verst\u00e4rkte Verkehrskontrollen in der Region.\u00a0<a title=\"Radfahren\" href=\"https:\/\/www.freiburg-schwarzwald.de\/blog\/regio\/verkehr\/radfahren\/\">Fahrradfahren <\/a>ohne Licht w\u00e4hrend der D\u00e4mmerung, bei Dunkelheit oder bei Nebel ist nicht nur uncool, sondern lebensgef\u00e4hrlich! Verkehrsunf\u00e4lle mit dem <a title=\"Fahrrad\" href=\"https:\/\/www.freiburg-schwarzwald.de\/blog\/business\/handel\/fahrrad\/\">Fahrrad<\/a> sind schmerzhaft, k\u00f6nnen im <a title=\"Rollstuhl\" href=\"https:\/\/www.freiburg-schwarzwald.de\/blog\/selbsthilfe\/behinderung\/rollstuhl\/\">Rollstuhl<\/a> oder auf dem Friedhof enden. Und das nur wegen einer fehlenden, richtigen Beleuchtung? Die Bilanz von Verkehrskontrollen ist erschreckend, das Schuldbewusstsein<!--more--> bei Dunkelheit ohne Licht radelnder Verkehrsteilnehmer jeglichen Alters ist \u00e4u\u00dferst gering. Die wenigsten Delinquenten erkennen die Tragweite ihres kostenpflichtigen und lebensgef\u00e4hrlichen Versto\u00dfes gegen die Stra\u00dfenverkehrsordnung (StVO) \u00a7 17 Abs.1 Beleuchtung, bzw. \u00a7 23 Abs. 1 . Die wei\u00dfen, roten oder gar blauen Spa\u00df-Blinklichter an einer M\u00fctze, am Rucksack, am Hosenbein oder sonst wo befestigt, sind ebenso untauglich wie Stirnlampen und in der Hand mitgef\u00fchrte Stablampen, nicht zugelassen und KEIN Ersatz f\u00fcr eine Fahrradbeleuchtungsanlage!<br \/>\nWas eine Beleuchtungseinrichtung ist und wie sie fest am Fahrrad angebracht sein muss, ist im \u00a7 22a der Stra\u00dfenverkehrs-Zulassungsordnung (STVZO) und \u00a7 22a Abs. 1 Nr. 18 Fahrradscheinwerfer \/ Schlussbeleuchtung, geregelt.<br \/>\nGerade jetzt w\u00e4hrend der Herbst- und in der kommenden Winterzeit, in der es morgens noch, am Nachmittag schon wieder dunkel ist, m\u00fcssen Radler darauf achten, dass ihre Beleuchtung am Fahrrad funktionst\u00fcchtig und in Betrieb ist. Ohne Licht werden sie von den \u00fcbrigen Verkehrsteilnehmern zu sp\u00e4t wahrgenommen, sie gef\u00e4hrden daher nicht nur sich selbst, sondern auch andere Teilnehmer am \u00f6ffentlichen Stra\u00dfenverkehr. Eltern sollten die Fahrr\u00e4der ihrer Kinder auf ihre Verkehrs- und Funktionssicherheit \u00fcberpr\u00fcfen. Bei durchgef\u00fchrten Fahrradkontrollen stellen die Polizeibeamten immer wieder erhebliche M\u00e4ngel fest und m\u00fcssen sich die unglaublichsten Ausreden und Beschimpfungen anh\u00f6ren, vor allem dann, wenn der grob fahrl\u00e4ssige Verkehrsversto\u00df mit einem empfindlichen Bu\u00dfgeld belegt wird. Infos rund um das verkehrssichere Fahrrad in jedem Polizeirevier erh\u00e4ltlich.<br \/>\n2.10.2012, Reiner Schlebach, <a href=\"https:\/\/www.dreisamtaeler.de\">www.dreisamtaeler.de<\/a><\/p>\n","protected":false},"excerpt":{"rendered":"<p>Verst\u00e4rkte Verkehrskontrollen in der Region.\u00a0Fahrradfahren ohne Licht w\u00e4hrend der D\u00e4mmerung, bei Dunkelheit oder bei Nebel ist nicht nur uncool, sondern lebensgef\u00e4hrlich! Verkehrsunf\u00e4lle mit dem Fahrrad sind schmerzhaft, k\u00f6nnen im Rollstuhl oder auf dem Friedhof enden. Und das nur wegen einer &hellip; <a href=\"https:\/\/www.freiburg-schwarzwald.de\/blog\/radfahren-ohne-licht-uncool\/\">Weiterlesen <span class=\"meta-nav\">&rarr;<\/span><\/a><\/p>\n","protected":false},"author":4,"featured_media":0,"comment_status":"open","ping_status":"closed","sticky":false,"template":"","format":"standard","meta":{"footnotes":""},"categories":[60,118],"tags":[113],"class_list":["post-38743","post","type-post","status-publish","format-standard","hentry","category-jugend","category-verkehr","tag-fahrrad"],"_links":{"self":[{"href":"https:\/\/www.freiburg-schwarzwald.de\/blog\/wp-json\/wp\/v2\/posts\/38743","targetHints":{"allow":["GET"]}}],"collection":[{"href":"https:\/\/www.freiburg-schwarzwald.de\/blog\/wp-json\/wp\/v2\/posts"}],"about":[{"href":"https:\/\/www.freiburg-schwarzwald.de\/blog\/wp-json\/wp\/v2\/types\/post"}],"author":[{"embeddable":true,"href":"https:\/\/www.freiburg-schwarzwald.de\/blog\/wp-json\/wp\/v2\/users\/4"}],"replies":[{"embeddable":true,"href":"https:\/\/www.freiburg-schwarzwald.de\/blog\/wp-json\/wp\/v2\/comments?post=38743"}],"version-history":[{"count":0,"href":"https:\/\/www.freiburg-schwarzwald.de\/blog\/wp-json\/wp\/v2\/posts\/38743\/revisions"}],"wp:attachment":[{"href":"https:\/\/www.freiburg-schwarzwald.de\/blog\/wp-json\/wp\/v2\/media?parent=38743"}],"wp:term":[{"taxonomy":"category","embeddable":true,"href":"https:\/\/www.freiburg-schwarzwald.de\/blog\/wp-json\/wp\/v2\/categories?post=38743"},{"taxonomy":"post_tag","embeddable":true,"href":"https:\/\/www.freiburg-schwarzwald.de\/blog\/wp-json\/wp\/v2\/tags?post=38743"}],"curies":[{"name":"wp","href":"https:\/\/api.w.org\/{rel}","templated":true}]}}