{"id":38578,"date":"2013-09-30T10:10:56","date_gmt":"2013-09-30T08:10:56","guid":{"rendered":"https:\/\/www.freiburg-schwarzwald.de\/blog\/?p=38578"},"modified":"2013-09-30T10:10:56","modified_gmt":"2013-09-30T08:10:56","slug":"zahnarztpraxis-kappel-kinder-2","status":"publish","type":"post","link":"https:\/\/www.freiburg-schwarzwald.de\/blog\/zahnarztpraxis-kappel-kinder-2\/","title":{"rendered":"Zahnarztpraxis Kappel &#8211; Kinder"},"content":{"rendered":"<p>Eltern-Kind-Info-Tag und \u201eTag der Offenen T\u00fcr\u201c in der Zahnarztpraxis <a title=\"Kappel\" href=\"https:\/\/www.freiburg-schwarzwald.de\/blog\/regio\/freiburg\/kappel\/\">Kappel<\/a>. Der erste Besuch beim Zahnarzt kann dar\u00fcber entscheiden, ob ein Kind mit gesunden Z\u00e4hnen und ohne Angst vor einem Zahnarztbesuch durchs Leben geht. Gerade weil jede erste Erfahrung eine bleibende Erinnerung hinterl\u00e4sst, ist es wichtig, den ersten Besuch in einer\u00a0<a title=\"Zahnarzt\" href=\"https:\/\/www.freiburg-schwarzwald.de\/blog\/business\/gesund\/zahnarzt\/\">Zahnarztpraxis<\/a>\u00a0angenehm zu gestalten. <!--more-->\u201eWir behandeln ihr Kind, als w\u00e4re es unser eigenes\u201c ist daher auch das Motto der Zahnarztpraxis Kappel. Dr. Egle Voss, selbst Mutter zweier Kinder, bezeichnet die Kinderzahnheilkunde als einen ihrer Behandlungsschwerpunkte. \u201ewir gehen mit speziellen Methoden auf jedes Kind ein, um ihm das Erlebnis in unserer Praxis angenehm zu gestalten. Das Kind soll beim ersten Besuch in erster Linie die Praxis und das Team kennen lernen\u201c so Dr. Egle Voss, \u201eund damit der kleine Patient nicht \u00fcberfordert wird, findet in der Regel beim ersten Termin auch noch keine Behandlung statt\u201c. Ab Oktober bietet die Zahn\u00e4rztin jeden ersten Mittwoch im Monat in ihrer Praxis daher von 14.00 bis 16.00 Uhr eine Eltern-Kind-Informationsveranstaltung an, bei der interessierte Eltern und Kinder bei einem unverbindlichen pers\u00f6nlichen Kennenlernen die Praxis und das Team kennen lernen k\u00f6nnen. Anl\u00e4sslich des \u201eTages der Zahngesundheit\u201c laden Dr. Egle Voss und ihr Team au\u00dferdem am Samstag, dem 28. September, von 15.00 bis 17.30 Uhr zu einem \u201eTag der Offenen T\u00fcr\u201c mit Vortr\u00e4gen, Praxisf\u00fchrung und Kinderprogramm in die Zahnarztpraxis Kappel, Caspar-Schrenk-Weg 2 ein.<\/p>\n<p>\u00a0<a href=\"https:\/\/www.freiburg-schwarzwald.de\/blog\/zahnarztpraxis-kappel-kinder-2\/zahnarztkappel130928\/\" rel=\"attachment wp-att-38579\"><img loading=\"lazy\" decoding=\"async\" class=\"alignnone size-thumbnail wp-image-38579\" title=\"zahnarztkappel130928\" src=\"https:\/\/www.freiburg-schwarzwald.de\/blog\/wp-content\/uploads\/2013\/09\/zahnarztkappel130928-180x119.jpg\" alt=\"\" width=\"180\" height=\"119\" srcset=\"https:\/\/www.freiburg-schwarzwald.de\/blog\/wp-content\/uploads\/2013\/09\/zahnarztkappel130928-180x119.jpg 180w, https:\/\/www.freiburg-schwarzwald.de\/blog\/wp-content\/uploads\/2013\/09\/zahnarztkappel130928.jpg 640w\" sizes=\"auto, (max-width: 180px) 100vw, 180px\" \/><\/a><\/p>\n<p>Begleitet von ihrem Kuscheltier f\u00fchlt sich die 8-j\u00e4hrige Leonie aus Kirchzarten wohl bei Dr. Egle Voss (links) und Assistenz\u00e4rztin Dr. Carolin Lahme.\u00a0\u00a0 &#8211;\u00a0 Foto: Gisela Heizler-Ries\u00a0 \u00a0\u00a0<\/p>\n<p>\u201eWir wollen Kindern eine lebenslange Mundgesundheit erm\u00f6glichen, ohne Karies oder Zahnfleischerkrankungen und m\u00f6glichst mit einer idealen Zahnstellung\u201c, so Dr. Egle Voss, \u201edabei halten wir an unserer Philosophie fest: Vorsorgen ist besser als Heilen!\u201c und das wollen wird durch eine freundliche und qualitativ hochwertige, an aktuellen fachlichen Qualit\u00e4tsleitlinien ausgerichtete Betreuung und Behandlung erreichen. Das Team der Zahnarztpraxis Kappel freut sich auf zahlreiche Besucher am Tag der offenen T\u00fcr, Samstag, 28. September, von 15.00 \u2013 17.30 Uhr, auch f\u00fcr das leibliche Wohl wird gesorgt sein.<br \/>\nF\u00fcr einen Informationsbesuch am Eltern-Kind-Infotag, jeden ersten Mittwoch im Monat, von 14.00 \u2013 16.00 Uhr, wird um vorherige telefonische Anmeldung unter Tel.: 0761 \/ 6 67 67 gebeten.<a href=\"https:\/\/www.zahnarztpraxis-kappel.de\/\">www.zahnarztpraxis-kappel.de<\/a>.<br \/>\n30.9.3013, Gisela Heizler-Ries, <a href=\"https:\/\/www.dreisamtaeler.de\">www.dreisamtaeler.de<\/a><\/p>\n","protected":false},"excerpt":{"rendered":"<p>Eltern-Kind-Info-Tag und \u201eTag der Offenen T\u00fcr\u201c in der Zahnarztpraxis Kappel. Der erste Besuch beim Zahnarzt kann dar\u00fcber entscheiden, ob ein Kind mit gesunden Z\u00e4hnen und ohne Angst vor einem Zahnarztbesuch durchs Leben geht. Gerade weil jede erste Erfahrung eine bleibende &hellip; <a href=\"https:\/\/www.freiburg-schwarzwald.de\/blog\/zahnarztpraxis-kappel-kinder-2\/\">Weiterlesen <span class=\"meta-nav\">&rarr;<\/span><\/a><\/p>\n","protected":false},"author":4,"featured_media":0,"comment_status":"open","ping_status":"closed","sticky":false,"template":"","format":"standard","meta":{"footnotes":""},"categories":[434],"tags":[488,348],"class_list":["post-38578","post","type-post","status-publish","format-standard","hentry","category-zahnarzt","tag-child","tag-medizin"],"_links":{"self":[{"href":"https:\/\/www.freiburg-schwarzwald.de\/blog\/wp-json\/wp\/v2\/posts\/38578","targetHints":{"allow":["GET"]}}],"collection":[{"href":"https:\/\/www.freiburg-schwarzwald.de\/blog\/wp-json\/wp\/v2\/posts"}],"about":[{"href":"https:\/\/www.freiburg-schwarzwald.de\/blog\/wp-json\/wp\/v2\/types\/post"}],"author":[{"embeddable":true,"href":"https:\/\/www.freiburg-schwarzwald.de\/blog\/wp-json\/wp\/v2\/users\/4"}],"replies":[{"embeddable":true,"href":"https:\/\/www.freiburg-schwarzwald.de\/blog\/wp-json\/wp\/v2\/comments?post=38578"}],"version-history":[{"count":0,"href":"https:\/\/www.freiburg-schwarzwald.de\/blog\/wp-json\/wp\/v2\/posts\/38578\/revisions"}],"wp:attachment":[{"href":"https:\/\/www.freiburg-schwarzwald.de\/blog\/wp-json\/wp\/v2\/media?parent=38578"}],"wp:term":[{"taxonomy":"category","embeddable":true,"href":"https:\/\/www.freiburg-schwarzwald.de\/blog\/wp-json\/wp\/v2\/categories?post=38578"},{"taxonomy":"post_tag","embeddable":true,"href":"https:\/\/www.freiburg-schwarzwald.de\/blog\/wp-json\/wp\/v2\/tags?post=38578"}],"curies":[{"name":"wp","href":"https:\/\/api.w.org\/{rel}","templated":true}]}}