{"id":38573,"date":"2013-09-30T09:59:05","date_gmt":"2013-09-30T07:59:05","guid":{"rendered":"https:\/\/www.freiburg-schwarzwald.de\/blog\/?p=38573"},"modified":"2013-09-30T09:59:05","modified_gmt":"2013-09-30T07:59:05","slug":"musikverein-ebnet-90-jahre","status":"publish","type":"post","link":"https:\/\/www.freiburg-schwarzwald.de\/blog\/musikverein-ebnet-90-jahre\/","title":{"rendered":"Musikverein Ebnet 90 Jahre"},"content":{"rendered":"<p><a title=\"Ebnet 900 Jubilaeum 6.\/7.Juli\" href=\"https:\/\/www.freiburg-schwarzwald.de\/blog\/ebnet-900-jubilaeum-6-7-juli\/\">900 Jahre Ebnet,<\/a> 90 Jahre <a title=\"Musikvereine\" href=\"https:\/\/www.freiburg-schwarzwald.de\/blog\/vereine\/musikvereine\/\">MV Ebnet <\/a>&#8211; das Jubil\u00e4umsjahr 2013 kommt in der zweiten Jahresh\u00e4lfte noch einmal kr\u00e4ftig in Schwung, denn am Samstag, dem 28. September, l\u00e4dt der <a title=\"Musik\" href=\"https:\/\/www.freiburg-schwarzwald.de\/blog\/kultur\/musik\/\">Musikverein<\/a> Ebnet ab 20.00 Uhr zu einem Festkonzert anl\u00e4sslich seines 90-j\u00e4hrigen Vereinsjubil\u00e4ums in die Dreisamhalle ein. Als Gastkapelle wird die Musikgesellschaft Vispe aus Visp im Schweizer Kanton Wallis zu Gast sein.<!--more--> Das Konzert wird durch die Gastkapelle um einen anderen Stil von Blasmusik bereichert, da die Tradition und der Stil Schweizer Musikvereine sich von dem unsrigen unterscheiden. Dem Anlass gem\u00e4\u00df handelt es sich um ein sogenanntes Stuhlkonzert, was bedeutet, dass es keine Tische geben wird und die Bewirtung w\u00e4hrend der Vortr\u00e4ge ruht. Das Konzert beginnt um 20 Uhr, der Eintritt ist frei. Spenden sind willkommen.<br \/>\n90-j\u00e4hriges Bestehen kann der Musikverein Ebnet in diesem Jahr feiern, doch die Blasmusik in Ebnet ist eigentlich schon 165 Jahre alt. Schon 1848 fanden sich Musikbegeisterte in einer Blaskapelle zusammen. Sie erfreute sich gro\u00dfen Zuspruchs und schon damals legte man gro\u00dfen Wert auf die theoretische und praktische Schulung der Blasmusikinteressierten. Nach dem ersten Weltkrieg war die Bl\u00e4sergruppe innerhalb des M\u00e4nnergesangvereins aktiv, bis sie sich am 16. M\u00e4rz 1923 entschloss, einen eigenen Verein zu gr\u00fcnden. Der neue Verein erwarb als erstes vom M\u00e4nnergesangverein die Noten. Gleich danach wurde die bis heute erhaltene Vereinsfahne zu einem Preis von 650.000.- Reichsmark angeschafft, finanziert wurden diese Ausgaben durch die Holzspenden Ebneter Waldbesitzer, die man in klingende M\u00fcnze umsetzte.<br \/>\nIm Fr\u00fchjahr 1924 wurde die Fahnenweihe gefeiert. Zwei Wochen lang, vom 21. Mai bis 2. Juni regierten die Musiker in Ebnet. Es m\u00fcssen herrliche Tage gewesen sein. Doch neben Freude und Unterhaltung kam auch die Leistung nicht zu kurz. Viele Musikvereine stellten sich einem Preisspielen. Die gl\u00fccklichen Sieger kamen aus Kirchzarten, Norsingen und Teningen. 1926 schlossen sich die Musiker der neu gegr\u00fcndeten Freiwilligen Feuerwehr dem Musikverein an und die Kapelle erhielt erstmals Uniformen.<br \/>\nIn der Folgezeit ragte an Ereignissen die Teilnahme am Bundesmusikfest im Mai 1958 in Karlsruhe heraus. Solche Feste mit den dazugeh\u00f6rigen Wertungsspielen sind bis heute ein gutes Pflaster f\u00fcr den MV Ebnet geblieben. Unter der Leitung von Willi Willmann erreichte die Kapelle in der Oberstufe bei internationaler Konkurrenz ein \u201esehr gut \u2013 vorz\u00fcglich\u201c. Im Jahr 1977 erzielte der MV Ebnet unter der Leitung von Eduard Rossa bei einem Wertungsspiel in St. Georgen gar den 1. Rang mit Auszeichnung \u2013 in der H\u00f6chststufe.<\/p>\n<p><a href=\"https:\/\/www.freiburg-schwarzwald.de\/blog\/musikverein-ebnet-90-jahre\/ebnetmv90jahre130928\/\" rel=\"attachment wp-att-38574\"><img loading=\"lazy\" decoding=\"async\" class=\"alignnone size-thumbnail wp-image-38574\" title=\"ebnetmv90jahre130928\" src=\"https:\/\/www.freiburg-schwarzwald.de\/blog\/wp-content\/uploads\/2013\/09\/ebnetmv90jahre130928-180x123.jpg\" alt=\"\" width=\"180\" height=\"123\" srcset=\"https:\/\/www.freiburg-schwarzwald.de\/blog\/wp-content\/uploads\/2013\/09\/ebnetmv90jahre130928-180x123.jpg 180w, https:\/\/www.freiburg-schwarzwald.de\/blog\/wp-content\/uploads\/2013\/09\/ebnetmv90jahre130928.jpg 640w\" sizes=\"auto, (max-width: 180px) 100vw, 180px\" \/><\/a>\u00a0 Bild: <a href=\"https:\/\/www.mv-ebnet.de\">www.mv-ebnet.de<\/a><\/p>\n<p>Eine neue \u00c4ra wurde 1978 eingeleitet, als Kammermusiker Frieder Stoll den Dirigentenstab \u00fcbernahm. Ihm gelang es, den Anspruch eines H\u00f6chstufenorchesters zu festigen und zu steigern. Seine Handschrift tr\u00e4gt insbesondere das allj\u00e4hrliche Weihnachtskonzert, bei dem die Zahl der interessierten Konzertbesucher das Fassungsverm\u00f6gen der Dreisamhalle oft \u00fcbersteigt. Doch trotz aller musikalischen H\u00f6henfl\u00fcge ist die Einbindung des Vereins und seiner Kapelle in das d\u00f6rfliche Leben wichtigster Teil der Vereinsarbeit. Die Mitwirkung bei kirchlichen Anl\u00e4ssen wie dem Patrozinium und Fronleichnam, bei Jubil\u00e4en oder j\u00e4hrlichen Feiern befreundeter Vereine wie z. B. dem Winterfest des Sportvereins sowie beim Fasnachtstreiben der Salamanderzunft ist f\u00fcr die Kapelle selbstverst\u00e4ndlich. Besonderen Wert legt der MV Ebnet auf die Jugendausbildung. Beim allj\u00e4hrlichen Jugendkonzert haben Kinder aller Ausbildungsstufen die M\u00f6glichkeit, ihr K\u00f6nnen in der \u00d6ffentlichkeit zu pr\u00e4sentieren und sich dabei an die besondere Situation des \u201eAuftritts\u201c zu gew\u00f6hnen. Auch das Kooperationskonzert zwischen der Ebneter Feyel-Schule und dem Musikverein hat sich inzwischen etabliert und ist zu einer festen Gr\u00f6\u00dfe im Vereinskalender geworden. Auch im 90sten Jahr seines Bestehens kann der Verein auf eine erfolgreiche Jugendarbeit und optimistisch in die Zukunft blicken und freut sich daher auf zahlreiche G\u00e4ste, die mit den Musikerinnen und Musikern des MV Ebnet und der Gastkapelle aus Visp gemeinsam dieses Jubil\u00e4um beim Festkonzert am 28. September in der Dreisamhalle feiern m\u00f6chten.<br \/>\n30.9.2013, Gisela Heizler-Ries, <a href=\"https:\/\/www.dreisamtaeler.de\">www.dreisamtaeler.de<\/a><\/p>\n","protected":false},"excerpt":{"rendered":"<p>900 Jahre Ebnet, 90 Jahre MV Ebnet &#8211; das Jubil\u00e4umsjahr 2013 kommt in der zweiten Jahresh\u00e4lfte noch einmal kr\u00e4ftig in Schwung, denn am Samstag, dem 28. September, l\u00e4dt der Musikverein Ebnet ab 20.00 Uhr zu einem Festkonzert anl\u00e4sslich seines 90-j\u00e4hrigen &hellip; <a href=\"https:\/\/www.freiburg-schwarzwald.de\/blog\/musikverein-ebnet-90-jahre\/\">Weiterlesen <span class=\"meta-nav\">&rarr;<\/span><\/a><\/p>\n","protected":false},"author":4,"featured_media":0,"comment_status":"open","ping_status":"closed","sticky":false,"template":"","format":"standard","meta":{"footnotes":""},"categories":[120,125],"tags":[329,32,518],"class_list":["post-38573","post","type-post","status-publish","format-standard","hentry","category-musik","category-musikvereine","tag-jubilaeum","tag-jugendmusik","tag-music"],"_links":{"self":[{"href":"https:\/\/www.freiburg-schwarzwald.de\/blog\/wp-json\/wp\/v2\/posts\/38573","targetHints":{"allow":["GET"]}}],"collection":[{"href":"https:\/\/www.freiburg-schwarzwald.de\/blog\/wp-json\/wp\/v2\/posts"}],"about":[{"href":"https:\/\/www.freiburg-schwarzwald.de\/blog\/wp-json\/wp\/v2\/types\/post"}],"author":[{"embeddable":true,"href":"https:\/\/www.freiburg-schwarzwald.de\/blog\/wp-json\/wp\/v2\/users\/4"}],"replies":[{"embeddable":true,"href":"https:\/\/www.freiburg-schwarzwald.de\/blog\/wp-json\/wp\/v2\/comments?post=38573"}],"version-history":[{"count":0,"href":"https:\/\/www.freiburg-schwarzwald.de\/blog\/wp-json\/wp\/v2\/posts\/38573\/revisions"}],"wp:attachment":[{"href":"https:\/\/www.freiburg-schwarzwald.de\/blog\/wp-json\/wp\/v2\/media?parent=38573"}],"wp:term":[{"taxonomy":"category","embeddable":true,"href":"https:\/\/www.freiburg-schwarzwald.de\/blog\/wp-json\/wp\/v2\/categories?post=38573"},{"taxonomy":"post_tag","embeddable":true,"href":"https:\/\/www.freiburg-schwarzwald.de\/blog\/wp-json\/wp\/v2\/tags?post=38573"}],"curies":[{"name":"wp","href":"https:\/\/api.w.org\/{rel}","templated":true}]}}