{"id":38511,"date":"2013-09-29T16:34:57","date_gmt":"2013-09-29T14:34:57","guid":{"rendered":"https:\/\/www.freiburg-schwarzwald.de\/blog\/?p=38511"},"modified":"2013-09-29T16:34:57","modified_gmt":"2013-09-29T14:34:57","slug":"hans-dieter-stuermer-tot-umwelt","status":"publish","type":"post","link":"https:\/\/www.freiburg-schwarzwald.de\/blog\/hans-dieter-stuermer-tot-umwelt\/","title":{"rendered":"Hans-Dieter Stuermer tot Umwelt"},"content":{"rendered":"<p>Hans-Dieter St\u00fcrmer, Dipl.-Chemiker (*30.10.1950) war ein sehr engagierte,\u00a0kompetenter, gestaltender <a title=\"Engagement\" href=\"https:\/\/www.freiburg-schwarzwald.de\/blog\/engagement\/\">Motor<\/a> und Weggef\u00e4hrte der <a title=\"Umwelt\" href=\"https:\/\/www.freiburg-schwarzwald.de\/blog\/natur\/umwelt\/\">Umweltbewegung<\/a> \u00fcber mehr als vier Jahrzehnte. Er verstarb er am \u00a022.9.2013\u00a0in Waldkirch. Hans-Dieter St\u00fcrmer studierte an der Universit\u00e4t Freiburg Chemie, Physik und BWL und setzte sich als Mensch und Wissenschaftler vorbildlich,\u00a0unabh\u00e4ngig, unbestechlich und unerm\u00fcdlich f\u00fcr eine <a title=\"Nachhaltigkeit\" href=\"https:\/\/www.freiburg-schwarzwald.de\/blog\/natur\/klima\/nachhaltigkeit\/\">nachhaltige Zukunft<\/a> ein.<!--more-->\u00a0Er war vor 40 Jahren Mitgr\u00fcnder der Aktion Umweltschutz e.V., der Vorl\u00e4uferorganisation des <a title=\"BUND\" href=\"https:\/\/www.freiburg-schwarzwald.de\/blog\/natur\/umwelt\/bund\/\">Bund f\u00fcr Umwelt und Naturschutz Deutschland<\/a>, der Hochschulgruppe Umweltchemie bei der Fachschaft Chemie an der Universit\u00e4t Freiburg, welche ganz wesentlich den fachlich fundierten Widerstand gegen die geplanten Atomkraftwerke in Breisach und Wyhl leistete, der Badisch-Els\u00e4ssischen B\u00fcrgerinitiativen und der Vereinigung ECOtrinova, einer<br \/>\nArbeitsgemeinschaft Freiburger Umweltinstitute.<br \/>\n1987 gr\u00fcndete er das Freiburger Institut f\u00fcr Umweltchemie (FIUC), dessen Leiter er bis zu seinem Tod war. Das FIUC forschte, publizierte und informierte zum Spannungsfeld zwischen Chemie und Umwelt. Hunderte Analysen, Fachver\u00f6ffentlichungen und Gutachten St\u00fcrmers wirken \u00fcber seinen Tod hinaus. Probleme der Schwermetalle, Altdeponien, Konzepte f\u00fcr Sonderabf\u00e4lle und besonders Innenraumbelastungen wurden bearbeitet. Gesch\u00e4digten durch Holzschutzmittel bot er eine echte Lebenshilfe, deren Dank ihn \u00fcber seinen Tod hinaus begleitet.<br \/>\nIn seiner umweltp\u00e4dagogischen Arbeit als Dozent an der P\u00e4dagogischen Hochschule in E\u00dflingen (1979-81) gelang es ihm, komplizierte naturwissenschaftliche Sachverhalte verst\u00e4ndlich zu vermitteln. Als besonders beispielhaft gilt seine Fibel &#8222;Chemikalien in der Umwelt&#8220;, die ohne chemische Formeln popul\u00e4r und doch fachlich korrekt 1981<br \/>\nver\u00f6ffentlicht und in der \u00fcberf\u00fcllten Bundespressekonferenz in Bonn vorgestellt wurde. Von diesem Bestseller wurden mehrere Auflagen nachgedruckt.<br \/>\n1984-1988 wurde er f\u00fcr den Wahlkreis Freiburg-Ost in den Landtag von Baden-W\u00fcrttemberg gew\u00e4hlt und war umweltpolitischer Sprecher der Gr\u00fcnen-Landtagsfraktion. Auch war er Mitglied der Verbandsversammlung der Region S\u00fcdlicher Oberrhein. Ein langj\u00e4hriger Weggef\u00e4hrte schrieb zum Tod von Hans-Dieter St\u00fcrmer<br \/>\naus den USA: &#8222;Hans-Dieter St\u00fcrmer war einer der Ersten, der sich professionell f\u00fcr die erneuerbaren Energien einsetzte&#8220;. Hans-Dieter St\u00fcrmer hinterl\u00e4sst seine Frau Maike Brabenec und seine drei Kinder Thor, Ronja und Moritz.<\/p>\n<p>Die Trauerfeier findet am Freitag, den 4. Oktober 2013, 10.30 Uhr auf dem Friedhof (Einsegnungshalle) von 79183 Waldkirch, Rosenweg 21 statt. Zur anschlie\u00dfenden Abschieds- und Gedenkfeier wird ab 12.00 Uhr in das <a title=\"Ebnet2022\" href=\"https:\/\/www.freiburg-schwarzwald.de\/blog\/regio\/freiburg\/ebnet\/ebnet2022\/\">Schlo\u00df<br \/>\nEbne<\/a>t (Zehntscheune), Schwarzwaldstra\u00dfe 278, 79117 Freiburg-Ebnet eingeladen. Auf Wunsch der Trauerfamilie m\u00f6ge von Blumen- und Kranzgaben Abstand genommen werden. Stattdessen wird um eine Spende auf das Zukunftskonto der drei Kinder gebeten: Volksbank Freiburg-Breisgau 2727587597, BLZ 68090000 mit dem<br \/>\nStichwort &#8222;St\u00fcrmer Kinder&#8220;. Traueranschrift: H\u00f6dlerstra\u00dfe 36, 79183 Waldkirch<\/p>\n<p>29.9.2013, Erhard Schulz, <a title=\"Badisch-Elsaessische-Buergerinitiativen\" href=\"https:\/\/www.freiburg-schwarzwald.de\/blog\/engagement\/buergerinitiativen\/badisch-elsaessische-buergerinitiativen\/\">Badisch-Els\u00e4ssische B\u00fcrgerinitiativen<br \/>\n<\/a>Dr. Georg L\u00f6ser, <a title=\"Ecotrinova\" href=\"https:\/\/www.freiburg-schwarzwald.de\/blog\/natur\/umwelt\/ecotrinova\/\">ECOtrinova e.V<\/a>. Freiburg<br \/>\nAxel Mayer, BUND-Regionalverband S\u00fcdlicher Oberrhein<\/p>\n","protected":false},"excerpt":{"rendered":"<p>Hans-Dieter St\u00fcrmer, Dipl.-Chemiker (*30.10.1950) war ein sehr engagierte,\u00a0kompetenter, gestaltender Motor und Weggef\u00e4hrte der Umweltbewegung \u00fcber mehr als vier Jahrzehnte. Er verstarb er am \u00a022.9.2013\u00a0in Waldkirch. Hans-Dieter St\u00fcrmer studierte an der Universit\u00e4t Freiburg Chemie, Physik und BWL und setzte sich als &hellip; <a href=\"https:\/\/www.freiburg-schwarzwald.de\/blog\/hans-dieter-stuermer-tot-umwelt\/\">Weiterlesen <span class=\"meta-nav\">&rarr;<\/span><\/a><\/p>\n","protected":false},"author":4,"featured_media":0,"comment_status":"open","ping_status":"closed","sticky":false,"template":"","format":"standard","meta":{"footnotes":""},"categories":[5,400,67,68],"tags":[717,151,41,142],"class_list":["post-38511","post","type-post","status-publish","format-standard","hentry","category-energie","category-freiwillig","category-naturschutz","category-umwelt","tag-ehrenamt","tag-erneuerbare-energien","tag-nachhaltig","tag-renaturierung"],"_links":{"self":[{"href":"https:\/\/www.freiburg-schwarzwald.de\/blog\/wp-json\/wp\/v2\/posts\/38511","targetHints":{"allow":["GET"]}}],"collection":[{"href":"https:\/\/www.freiburg-schwarzwald.de\/blog\/wp-json\/wp\/v2\/posts"}],"about":[{"href":"https:\/\/www.freiburg-schwarzwald.de\/blog\/wp-json\/wp\/v2\/types\/post"}],"author":[{"embeddable":true,"href":"https:\/\/www.freiburg-schwarzwald.de\/blog\/wp-json\/wp\/v2\/users\/4"}],"replies":[{"embeddable":true,"href":"https:\/\/www.freiburg-schwarzwald.de\/blog\/wp-json\/wp\/v2\/comments?post=38511"}],"version-history":[{"count":0,"href":"https:\/\/www.freiburg-schwarzwald.de\/blog\/wp-json\/wp\/v2\/posts\/38511\/revisions"}],"wp:attachment":[{"href":"https:\/\/www.freiburg-schwarzwald.de\/blog\/wp-json\/wp\/v2\/media?parent=38511"}],"wp:term":[{"taxonomy":"category","embeddable":true,"href":"https:\/\/www.freiburg-schwarzwald.de\/blog\/wp-json\/wp\/v2\/categories?post=38511"},{"taxonomy":"post_tag","embeddable":true,"href":"https:\/\/www.freiburg-schwarzwald.de\/blog\/wp-json\/wp\/v2\/tags?post=38511"}],"curies":[{"name":"wp","href":"https:\/\/api.w.org\/{rel}","templated":true}]}}