{"id":38413,"date":"2013-09-13T20:52:58","date_gmt":"2013-09-13T18:52:58","guid":{"rendered":"https:\/\/www.freiburg-schwarzwald.de\/blog\/?p=38413"},"modified":"2013-09-27T21:02:09","modified_gmt":"2013-09-27T19:02:09","slug":"digitales-erbe-des-internetusers","status":"publish","type":"post","link":"https:\/\/www.freiburg-schwarzwald.de\/blog\/digitales-erbe-des-internetusers\/","title":{"rendered":"Digitales Erbe des Internetusers"},"content":{"rendered":"<p>Ein mit dem <a title=\"Internet\" href=\"https:\/\/www.freiburg-schwarzwald.de\/blog\/kultur\/internet\/\">Internet<\/a> aufgewachsener Mensch, ein Digital Native, h\u00e4uft im Laufe seines Lebens eine riesige Menge an Daten im Netz an, die nach dem <a title=\"Justiz\" href=\"https:\/\/www.freiburg-schwarzwald.de\/blog\/selbsthilfe\/soziales\/justiz\/\">Tod<\/a> online bleiben: Profile in sozialen Netzwerken, eMails, Blog-Postings, <a title=\"Online-Handel\" href=\"https:\/\/www.freiburg-schwarzwald.de\/blog\/business\/handel\/online-handel\/\">eigene Homepages<\/a>, eBook-Bibliotheken, digitale Musiksammlungen, Fotosammlungen usw.. Mit dem Cloud-Computing sind diese Daten nicht mehr nur auf der heimischen Festplatte gespeichert, sondern im Netz, <!--more-->also in den Rechenzentren der jeweiligen Intenet-Dienstleister. Stirbt der Digital Native, dann nicht nur die Erben involviert, sondern auch Internet-Unternehmen wie Facebook und Google.<br \/>\nWer ein digitales Erbe antreten will, kann auf gewaltige Schwierigkeiten sto\u00dfen, da digitale Hinterlassenschaften wie Fotos, Musikst\u00fccke, eBook und eMails zumeist \u00fcber Nutzerkonten verbunden sind, bei denen man ohne Passwort ausgesperrt bleibt.<br \/>\nDigitaler Nachlass bei Facebook: \u00dcber eine spezielle Seite Geburts- und Sterbeurkunde mitsamt Erbschein hochladen, um die komplette Facebook-Seite des Toten l\u00f6schen zu lassen. Oder die Seite in einen Gedenkmodus versetzen, damit sie nur noch f\u00fcr Freunde des Verstorbenen sichtbar bleibt\u00a0 &#8211; eine Form der Trauerkultur, die digitale Lebensspuren erh\u00e4lt. Scherzkekse, die jemanden aus Jux f\u00fcr tot erkl\u00e4ren, werden von Facebook mit \u201eder Strafe des Meineides\u201e belegt.<br \/>\nDigitaler Nachlasse bei Google: Ein \u201eInactive Account Manager\u201c meldet sich in mehreren Stufe, nachdem der Account nicht mehr genutzt wurde, bei Nutzer wie seinen Freunden. Erst dann wird gel\u00f6scht. So will Google erreichen, dass sich seine Kunden zu Lebzeiten um das digitale Testament k\u00fcmmern.<br \/>\nBei Apple, Musiksammlung bei iTunes, Amazon, Providern? Die Rechtslage ist gro\u00dfenteils unklar bzw. kaum geregelt. Kann man sich das digitale Archiv des verstorbenen Vaters \u00fcbertragen lassen \u2013 Apple gibt keine klare Auskunft.<br \/>\n\u00a0\u00a0<br \/>\nDas deutsche Erb- und Telekommunikationsrecht bleibt hinter der weltweit rasanten technologischen Entwicklung zur\u00fcck bzw. ignoriert diese. Die Rechtsunsicherheit des digitalen Nachlasses geht 2013 leider komplett zu Lasten der Erben und Hinterbliebenen.<br \/>\nOb man wohl dem eigenen Testament eine st\u00e4ndig aktualisierte Liste von Nutzerkonten mitsamt Kennw\u00f6rtern beif\u00fcgen sollte? Wie einfach war es noch zu analogen Erbzeiten: B\u00fccherschrank und Plattensammlung durchsuchen und dann entscheiden &#8211; aussondern oder aber einpacken, was zum Andenken des Verstorbenen.<\/p>\n","protected":false},"excerpt":{"rendered":"<p>Ein mit dem Internet aufgewachsener Mensch, ein Digital Native, h\u00e4uft im Laufe seines Lebens eine riesige Menge an Daten im Netz an, die nach dem Tod online bleiben: Profile in sozialen Netzwerken, eMails, Blog-Postings, eigene Homepages, eBook-Bibliotheken, digitale Musiksammlungen, Fotosammlungen &hellip; <a href=\"https:\/\/www.freiburg-schwarzwald.de\/blog\/digitales-erbe-des-internetusers\/\">Weiterlesen <span class=\"meta-nav\">&rarr;<\/span><\/a><\/p>\n","protected":false},"author":4,"featured_media":0,"comment_status":"open","ping_status":"closed","sticky":false,"template":"","format":"standard","meta":{"footnotes":""},"categories":[162,80,102],"tags":[431,463,545],"class_list":["post-38413","post","type-post","status-publish","format-standard","hentry","category-internet","category-medien","category-senioren","tag-gerecht","tag-tod","tag-www"],"_links":{"self":[{"href":"https:\/\/www.freiburg-schwarzwald.de\/blog\/wp-json\/wp\/v2\/posts\/38413","targetHints":{"allow":["GET"]}}],"collection":[{"href":"https:\/\/www.freiburg-schwarzwald.de\/blog\/wp-json\/wp\/v2\/posts"}],"about":[{"href":"https:\/\/www.freiburg-schwarzwald.de\/blog\/wp-json\/wp\/v2\/types\/post"}],"author":[{"embeddable":true,"href":"https:\/\/www.freiburg-schwarzwald.de\/blog\/wp-json\/wp\/v2\/users\/4"}],"replies":[{"embeddable":true,"href":"https:\/\/www.freiburg-schwarzwald.de\/blog\/wp-json\/wp\/v2\/comments?post=38413"}],"version-history":[{"count":0,"href":"https:\/\/www.freiburg-schwarzwald.de\/blog\/wp-json\/wp\/v2\/posts\/38413\/revisions"}],"wp:attachment":[{"href":"https:\/\/www.freiburg-schwarzwald.de\/blog\/wp-json\/wp\/v2\/media?parent=38413"}],"wp:term":[{"taxonomy":"category","embeddable":true,"href":"https:\/\/www.freiburg-schwarzwald.de\/blog\/wp-json\/wp\/v2\/categories?post=38413"},{"taxonomy":"post_tag","embeddable":true,"href":"https:\/\/www.freiburg-schwarzwald.de\/blog\/wp-json\/wp\/v2\/tags?post=38413"}],"curies":[{"name":"wp","href":"https:\/\/api.w.org\/{rel}","templated":true}]}}