{"id":38344,"date":"2013-09-25T18:43:28","date_gmt":"2013-09-25T16:43:28","guid":{"rendered":"https:\/\/www.freiburg-schwarzwald.de\/blog\/?p=38344"},"modified":"2013-09-25T19:01:36","modified_gmt":"2013-09-25T17:01:36","slug":"fuenfprozentklausel-absenken","status":"publish","type":"post","link":"https:\/\/www.freiburg-schwarzwald.de\/blog\/fuenfprozentklausel-absenken\/","title":{"rendered":"Fuenfprozentklausel absenken"},"content":{"rendered":"<p>Bei der <a title=\"Bundestagswahl 2013 unter 18\" href=\"https:\/\/www.freiburg-schwarzwald.de\/blog\/bundestagswahl-2013-unter-18\/\">Bundestagswahl<\/a> vom 22.9.2013 wurde der Wille von 6855044 W\u00e4hlern bzw.\u00a015.7 Prozent (4.7% AfD, 4.8% FDB, 6.2% Sonstige) ignoriert\u00a0&#8211; so viel wie noch nie. Wie wenn ein Land gr\u00f6\u00dfer als Niedersachsen nicht gew\u00e4hlt h\u00e4tte. &#8222;Ignoriert&#8220; stimmt eigentlich nicht, denn die 6.85\u00a0Mio kamen den gew\u00e4hlten Parteien nach\u00a0Verh\u00e4ltnis ihrer Stimmenanteile\u00a0zugute. <a title=\"Demokratie\" href=\"https:\/\/www.freiburg-schwarzwald.de\/blog\/engagement\/zukunft\/demokratie\/\">Demokratierechtlich<\/a> bedenklich. Urspr\u00fcnglich<!--more--><\/p>\n<p>war die 5%-Sperrklausel eingef\u00fchrt worden, um\u00a0&#8211; wie in der Weimarer Zeit bzw. ihrem Ende in der Nazi-Diktatur &#8211;\u00a0zu verhindern, dass viele kleine Splittergruppen die parlamentarische Arbeit und Regierungsbildung zunichte machen. Nun aber erscheint die 5%-Klausel vielen zu hoch, zumal auf EU-Ebene eine 3%-Klausel gilt.<br \/>\nEin\u00a0anderer Vorschlag: Die W\u00e4hler kleiner Parteien k\u00f6nnten mit einer Nebenstimme bzw. Eventualstimme festlegen, welche Partei ihre Stimme erben soll, wenn\u00a0die Lieblingspartei den Einzug ins Parlament nicht schaffen sollte.\u00a0<\/p>\n<p>Ob Senkung der 5%-H\u00fcrde oder Nebenstimme &#8211; die 6.85-millionenfache Stimmenvernichtung tr\u00e4gt nicht gerade dazu bei, die Demokratie zu st\u00e4rken bzw. den Trend der sinkenden Wahlbeteiligung zu stoppen. Denn in der Legislaturperiode ab 2014 finden 15.7% der W\u00e4hlerinnen und W\u00e4hler ihre Stimme nicht im Bundestag vertreten. Damit ergibt sich ein nachdenklichmachendes\u00a0Fazit: Zu den 15.7% &#8218;unfreiwilligen Nichtw\u00e4hlern&#8216; kommen noch die 27% freiwiligen Nichtw\u00e4hler (Wahlbeteiligung ca 73%) hinzu, das hei\u00dft 42.7% des deutschen Wahlvolkes hat an der Zusammensetzung des Bundestages als ihrer eigenen demokratischen Vertretung direkt gar nicht mitgewirkt.<\/p>\n","protected":false},"excerpt":{"rendered":"<p>Bei der Bundestagswahl vom 22.9.2013 wurde der Wille von 6855044 W\u00e4hlern bzw.\u00a015.7 Prozent (4.7% AfD, 4.8% FDB, 6.2% Sonstige) ignoriert\u00a0&#8211; so viel wie noch nie. Wie wenn ein Land gr\u00f6\u00dfer als Niedersachsen nicht gew\u00e4hlt h\u00e4tte. &#8222;Ignoriert&#8220; stimmt eigentlich nicht, denn &hellip; <a href=\"https:\/\/www.freiburg-schwarzwald.de\/blog\/fuenfprozentklausel-absenken\/\">Weiterlesen <span class=\"meta-nav\">&rarr;<\/span><\/a><\/p>\n","protected":false},"author":4,"featured_media":0,"comment_status":"open","ping_status":"closed","sticky":false,"template":"","format":"standard","meta":{"footnotes":""},"categories":[181],"tags":[71,484,525,500],"class_list":["post-38344","post","type-post","status-publish","format-standard","hentry","category-buergerbeteiligung","tag-burgerentscheid","tag-kommune","tag-politik","tag-wahl"],"_links":{"self":[{"href":"https:\/\/www.freiburg-schwarzwald.de\/blog\/wp-json\/wp\/v2\/posts\/38344","targetHints":{"allow":["GET"]}}],"collection":[{"href":"https:\/\/www.freiburg-schwarzwald.de\/blog\/wp-json\/wp\/v2\/posts"}],"about":[{"href":"https:\/\/www.freiburg-schwarzwald.de\/blog\/wp-json\/wp\/v2\/types\/post"}],"author":[{"embeddable":true,"href":"https:\/\/www.freiburg-schwarzwald.de\/blog\/wp-json\/wp\/v2\/users\/4"}],"replies":[{"embeddable":true,"href":"https:\/\/www.freiburg-schwarzwald.de\/blog\/wp-json\/wp\/v2\/comments?post=38344"}],"version-history":[{"count":0,"href":"https:\/\/www.freiburg-schwarzwald.de\/blog\/wp-json\/wp\/v2\/posts\/38344\/revisions"}],"wp:attachment":[{"href":"https:\/\/www.freiburg-schwarzwald.de\/blog\/wp-json\/wp\/v2\/media?parent=38344"}],"wp:term":[{"taxonomy":"category","embeddable":true,"href":"https:\/\/www.freiburg-schwarzwald.de\/blog\/wp-json\/wp\/v2\/categories?post=38344"},{"taxonomy":"post_tag","embeddable":true,"href":"https:\/\/www.freiburg-schwarzwald.de\/blog\/wp-json\/wp\/v2\/tags?post=38344"}],"curies":[{"name":"wp","href":"https:\/\/api.w.org\/{rel}","templated":true}]}}