{"id":38278,"date":"2013-09-24T12:29:47","date_gmt":"2013-09-24T10:29:47","guid":{"rendered":"https:\/\/www.freiburg-schwarzwald.de\/blog\/?p=38278"},"modified":"2013-09-24T12:49:30","modified_gmt":"2013-09-24T10:49:30","slug":"iha-boerse-freiburg-20-jahre","status":"publish","type":"post","link":"https:\/\/www.freiburg-schwarzwald.de\/blog\/iha-boerse-freiburg-20-jahre\/","title":{"rendered":"IHA-Boerse Freiburg 20 Jahre"},"content":{"rendered":"<div>Die IHA-B\u00f6rse (Interessen-<a title=\"Hobby\" href=\"https:\/\/www.freiburg-schwarzwald.de\/blog\/kultur\/hobby\/\">Hobby<\/a>-Austausch-B\u00f6rse) Freiburg im <a title=\"Senioren\" href=\"https:\/\/www.freiburg-schwarzwald.de\/blog\/selbsthilfe\/senioren\/\">Heinrich-Hansjakob-Haus<\/a>, Talstra\u00dfe 29, feierte das 20j\u00e4hrige Jubil\u00e4um.\u00a0&#8222;Gib und nimm&#8220;-Tisch:\u00a0Was der eine <a title=\"Recycling\" href=\"https:\/\/www.freiburg-schwarzwald.de\/blog\/natur\/umwelt\/recycling\/\">wegwerfen <\/a>w\u00fcrde, gef\u00e4llt dem anderen. Hilfe\u00a0zum Internet. Fremdsprachenkonversation.\u00a0B\u00f6rsenbrief mit allen Angeboten 3mal im Jahr. Interessen mit Gleichgesinnten\u00a0pflegen und teilen.<\/div>\n<div>\u00a0<!--more--><\/div>\n<div>\u00a0<\/div>\n<div>\u00a0<\/div>\n<div><strong>Manchmal wird&#8217;s gar m\u00e4rchenhaft<\/strong><br \/>\nEinige Mitglieder haben sich schon fr\u00fchzeitig zu Gruppen zusammengefunden. Sie organisieren Konversationskurse in europ\u00e4ischen Sprachen oder besch\u00e4ftigen sich mit M\u00e4rchen. &#8222;Die einstige Einzelvermittlung hat sich zunehmend auf Gruppen verlagert&#8220;, beschreibt Thamm den ver\u00e4nderten Charakter der IHA, &#8222;im Mittelpunkt steht jedoch immer noch die Idee, Gleichgesinnte zusammen zu bringen.&#8220; &#8230;.<br \/>\nAlles vom 24.9.2013 bitte lesen auf<br \/>\n<a href=\"https:\/\/www.badische-zeitung.de\/freiburg-sued\/manchmal-wird-s-gar-maerchenhaft--75472272.html\">https:\/\/www.badische-zeitung.de\/freiburg-sued\/manchmal-wird-s-gar-maerchenhaft&#8211;75472272.html<\/a><\/div>\n<div>\u00a0<\/div>\n<div>Interessen-Hobby-Austausch-B\u00f6rse Freiburg &#8211; IHA-B\u00f6rse<\/div>\n<div>Alle Angebote k\u00f6nnen von den 220 Mitgliedern mit einem Jahresbeitrag von 9 Euro kostenlos genutzt werden<br \/>\n<a title=\"\" href=\"https:\/\/www.iha-boerse-fr.de\/\" target=\"_blank\">https:\/\/www.iha-boerse-fr.de<\/a><\/div>\n","protected":false},"excerpt":{"rendered":"<p>Die IHA-B\u00f6rse (Interessen-Hobby-Austausch-B\u00f6rse) Freiburg im Heinrich-Hansjakob-Haus, Talstra\u00dfe 29, feierte das 20j\u00e4hrige Jubil\u00e4um.\u00a0&#8222;Gib und nimm&#8220;-Tisch:\u00a0Was der eine wegwerfen w\u00fcrde, gef\u00e4llt dem anderen. Hilfe\u00a0zum Internet. Fremdsprachenkonversation.\u00a0B\u00f6rsenbrief mit allen Angeboten 3mal im Jahr. Interessen mit Gleichgesinnten\u00a0pflegen und teilen. \u00a0<\/p>\n","protected":false},"author":4,"featured_media":0,"comment_status":"open","ping_status":"closed","sticky":false,"template":"","format":"standard","meta":{"footnotes":""},"categories":[21,54,427,102],"tags":[190,344,367],"class_list":["post-38278","post","type-post","status-publish","format-standard","hentry","category-dienste","category-ehrenamt","category-markt","category-senioren","tag-alter","tag-hobby","tag-tausch"],"_links":{"self":[{"href":"https:\/\/www.freiburg-schwarzwald.de\/blog\/wp-json\/wp\/v2\/posts\/38278","targetHints":{"allow":["GET"]}}],"collection":[{"href":"https:\/\/www.freiburg-schwarzwald.de\/blog\/wp-json\/wp\/v2\/posts"}],"about":[{"href":"https:\/\/www.freiburg-schwarzwald.de\/blog\/wp-json\/wp\/v2\/types\/post"}],"author":[{"embeddable":true,"href":"https:\/\/www.freiburg-schwarzwald.de\/blog\/wp-json\/wp\/v2\/users\/4"}],"replies":[{"embeddable":true,"href":"https:\/\/www.freiburg-schwarzwald.de\/blog\/wp-json\/wp\/v2\/comments?post=38278"}],"version-history":[{"count":0,"href":"https:\/\/www.freiburg-schwarzwald.de\/blog\/wp-json\/wp\/v2\/posts\/38278\/revisions"}],"wp:attachment":[{"href":"https:\/\/www.freiburg-schwarzwald.de\/blog\/wp-json\/wp\/v2\/media?parent=38278"}],"wp:term":[{"taxonomy":"category","embeddable":true,"href":"https:\/\/www.freiburg-schwarzwald.de\/blog\/wp-json\/wp\/v2\/categories?post=38278"},{"taxonomy":"post_tag","embeddable":true,"href":"https:\/\/www.freiburg-schwarzwald.de\/blog\/wp-json\/wp\/v2\/tags?post=38278"}],"curies":[{"name":"wp","href":"https:\/\/api.w.org\/{rel}","templated":true}]}}