{"id":37816,"date":"2013-09-16T12:32:12","date_gmt":"2013-09-16T10:32:12","guid":{"rendered":"https:\/\/www.freiburg-schwarzwald.de\/blog\/?p=37816"},"modified":"2014-07-14T16:56:06","modified_gmt":"2014-07-14T14:56:06","slug":"mittelmeer-ligurien-moneglia","status":"publish","type":"post","link":"https:\/\/www.freiburg-schwarzwald.de\/blog\/mittelmeer-ligurien-moneglia\/","title":{"rendered":"Mittelmeer Ligurien Moneglia"},"content":{"rendered":"<p><a title=\"Moneglia\" href=\"https:\/\/www.freiburg-schwarzwald.de\/blog\/global\/italien\/moneglia\/\">Moneglia<\/a> an der <a title=\"Italien\" href=\"https:\/\/www.freiburg-schwarzwald.de\/blog\/global\/italien\/\">ligurischen K\u00fcste<\/a> zwischen Genua und La Spezia vom 8.-15.9.2013: Zwei Tage Sturm und aufgew\u00fchltes Meer, sonst Sonne, Wind, Ruhe\u00a0und angenehm 26 Grad warmes Wasser. Am \u00f6stlichen Abschnitt des Strandes sind die Einheimischen: Viel Betrieb,\u00a0viel Deutschfreundlichkeit, jedes l\u00e4ngere Gespr\u00e4ch\u00a0m\u00fcndet in der Politik \u00a0&#8211; und erstaunlich oft der aufrichtige Wunsch nach \u00a0&#8222;una Merkel per noi&#8220;.<!--more--><\/p>\n<p><a href=\"https:\/\/www.freiburg-schwarzwald.de\/blog\/mittelmeer-ligurien-moneglia\/moneglia1-130911\/\" rel=\"attachment wp-att-37818\"><img loading=\"lazy\" decoding=\"async\" class=\"alignnone size-thumbnail wp-image-37818\" title=\"moneglia1-130911\" alt=\"\" src=\"https:\/\/www.freiburg-schwarzwald.de\/blog\/wp-content\/uploads\/2013\/09\/moneglia1-130911-180x135.jpg\" width=\"180\" height=\"135\" srcset=\"https:\/\/www.freiburg-schwarzwald.de\/blog\/wp-content\/uploads\/2013\/09\/moneglia1-130911-180x135.jpg 180w, https:\/\/www.freiburg-schwarzwald.de\/blog\/wp-content\/uploads\/2013\/09\/moneglia1-130911.jpg 640w\" sizes=\"auto, (max-width: 180px) 100vw, 180px\" \/><\/a>\u00a0\u00a0\u00a0\u00a0\u00a0\u00a0\u00a0\u00a0\u00a0\u00a0 <a href=\"https:\/\/www.freiburg-schwarzwald.de\/blog\/mittelmeer-ligurien-moneglia\/moneglia2fruehstueck130911\/\" rel=\"attachment wp-att-37819\"><img loading=\"lazy\" decoding=\"async\" class=\"alignnone size-thumbnail wp-image-37819\" title=\"moneglia2fruehstueck130911\" alt=\"\" src=\"https:\/\/www.freiburg-schwarzwald.de\/blog\/wp-content\/uploads\/2013\/09\/moneglia2fruehstueck130911-180x135.jpg\" width=\"180\" height=\"135\" srcset=\"https:\/\/www.freiburg-schwarzwald.de\/blog\/wp-content\/uploads\/2013\/09\/moneglia2fruehstueck130911-180x135.jpg 180w, https:\/\/www.freiburg-schwarzwald.de\/blog\/wp-content\/uploads\/2013\/09\/moneglia2fruehstueck130911.jpg 640w\" sizes=\"auto, (max-width: 180px) 100vw, 180px\" \/><\/a>\u00a0\u00a0\u00a0\u00a0\u00a0\u00a0\u00a0\u00a0\u00a0 <a href=\"https:\/\/www.freiburg-schwarzwald.de\/blog\/mittelmeer-ligurien-moneglia\/moneglia3fruehstueck130911\/\" rel=\"attachment wp-att-37821\"><img loading=\"lazy\" decoding=\"async\" class=\"alignnone size-thumbnail wp-image-37821\" title=\"moneglia3fruehstueck130911\" alt=\"\" src=\"https:\/\/www.freiburg-schwarzwald.de\/blog\/wp-content\/uploads\/2013\/09\/moneglia3fruehstueck130911-180x135.jpg\" width=\"180\" height=\"135\" srcset=\"https:\/\/www.freiburg-schwarzwald.de\/blog\/wp-content\/uploads\/2013\/09\/moneglia3fruehstueck130911-180x135.jpg 180w, https:\/\/www.freiburg-schwarzwald.de\/blog\/wp-content\/uploads\/2013\/09\/moneglia3fruehstueck130911.jpg 640w\" sizes=\"auto, (max-width: 180px) 100vw, 180px\" \/><\/a><br \/>\n(1) Blick nordw\u00e4rts an 9.9.2013\u00a0\u00a0\u00a0\u00a0\u00a0\u00a0\u00a0\u00a0\u00a0\u00a0\u00a0\u00a0\u00a0\u00a0\u00a0(2) Morgens 8.30 Uhr\u00a0Fr\u00fchst\u00fcck\u00a0\u00a0\u00a0\u00a0\u00a0\u00a0\u00a0\u00a0\u00a0\u00a0\u00a0\u00a0\u00a0(3) Fr\u00fchst\u00fcck am unruhigen Meer<\/p>\n<p><a href=\"https:\/\/www.freiburg-schwarzwald.de\/blog\/mittelmeer-ligurien-moneglia\/moneglia4spuele130911\/\" rel=\"attachment wp-att-37828\"><img loading=\"lazy\" decoding=\"async\" class=\"alignnone size-thumbnail wp-image-37828\" title=\"moneglia4spuele130911\" alt=\"\" src=\"https:\/\/www.freiburg-schwarzwald.de\/blog\/wp-content\/uploads\/2013\/09\/moneglia4spuele130911-180x135.jpg\" width=\"180\" height=\"135\" srcset=\"https:\/\/www.freiburg-schwarzwald.de\/blog\/wp-content\/uploads\/2013\/09\/moneglia4spuele130911-180x135.jpg 180w, https:\/\/www.freiburg-schwarzwald.de\/blog\/wp-content\/uploads\/2013\/09\/moneglia4spuele130911.jpg 640w\" sizes=\"auto, (max-width: 180px) 100vw, 180px\" \/><\/a>\u00a0\u00a0\u00a0\u00a0\u00a0\u00a0\u00a0\u00a0\u00a0 <a href=\"https:\/\/www.freiburg-schwarzwald.de\/blog\/mittelmeer-ligurien-moneglia\/moneglia5felsufer130911\/\" rel=\"attachment wp-att-37829\"><img loading=\"lazy\" decoding=\"async\" class=\"alignnone size-thumbnail wp-image-37829\" title=\"moneglia5felsufer130911\" alt=\"\" src=\"https:\/\/www.freiburg-schwarzwald.de\/blog\/wp-content\/uploads\/2013\/09\/moneglia5felsufer130911-180x135.jpg\" width=\"180\" height=\"135\" srcset=\"https:\/\/www.freiburg-schwarzwald.de\/blog\/wp-content\/uploads\/2013\/09\/moneglia5felsufer130911-180x135.jpg 180w, https:\/\/www.freiburg-schwarzwald.de\/blog\/wp-content\/uploads\/2013\/09\/moneglia5felsufer130911.jpg 640w\" sizes=\"auto, (max-width: 180px) 100vw, 180px\" \/><\/a>\u00a0\u00a0\u00a0\u00a0\u00a0\u00a0\u00a0\u00a0\u00a0 <a href=\"https:\/\/www.freiburg-schwarzwald.de\/blog\/mittelmeer-ligurien-moneglia\/moneglia6lektuere130912\/\" rel=\"attachment wp-att-37830\"><img loading=\"lazy\" decoding=\"async\" title=\"moneglia6lektuere130912\" alt=\"\" src=\"https:\/\/www.freiburg-schwarzwald.de\/blog\/wp-content\/uploads\/2013\/09\/moneglia6lektuere130912-180x135.jpg\" width=\"180\" height=\"135\" \/><\/a><br \/>\n(4) Die Sp\u00fcler am Meer 11.9.2013\u00a0\u00a0\u00a0\u00a0\u00a0\u00a0\u00a0\u00a0 (5) Mittagszeit\u00a0\u00a0\u00a0\u00a0\u00a0\u00a0\u00a0\u00a0\u00a0\u00a0\u00a0\u00a0\u00a0\u00a0\u00a0\u00a0\u00a0\u00a0\u00a0\u00a0\u00a0\u00a0\u00a0\u00a0\u00a0\u00a0\u00a0\u00a0\u00a0\u00a0\u00a0\u00a0\u00a0\u00a0\u00a0\u00a0\u00a0\u00a0\u00a0\u00a0\u00a0\u00a0\u00a0 (6) Urlaubslekt\u00fcre am Meer<\/p>\n<p><a href=\"https:\/\/www.freiburg-schwarzwald.de\/blog\/mittelmeer-ligurien-moneglia\/moneglia7wellen130912-2\/\" rel=\"attachment wp-att-37832\"><img loading=\"lazy\" decoding=\"async\" class=\"alignnone size-thumbnail wp-image-37832\" title=\"moneglia7wellen130912\" alt=\"\" src=\"https:\/\/www.freiburg-schwarzwald.de\/blog\/wp-content\/uploads\/2013\/09\/moneglia7wellen1309121-180x135.jpg\" width=\"180\" height=\"135\" srcset=\"https:\/\/www.freiburg-schwarzwald.de\/blog\/wp-content\/uploads\/2013\/09\/moneglia7wellen1309121-180x135.jpg 180w, https:\/\/www.freiburg-schwarzwald.de\/blog\/wp-content\/uploads\/2013\/09\/moneglia7wellen1309121-640x480.jpg 640w, https:\/\/www.freiburg-schwarzwald.de\/blog\/wp-content\/uploads\/2013\/09\/moneglia7wellen1309121.jpg 1000w\" sizes=\"auto, (max-width: 180px) 100vw, 180px\" \/><\/a>\u00a0\u00a0\u00a0\u00a0\u00a0\u00a0\u00a0\u00a0\u00a0\u00a0<a href=\"https:\/\/www.freiburg-schwarzwald.de\/blog\/mittelmeer-ligurien-moneglia\/moneglia8surfen130912\/\" rel=\"attachment wp-att-37833\"><img loading=\"lazy\" decoding=\"async\" class=\"alignnone size-thumbnail wp-image-37833\" title=\"moneglia8surfen130912\" alt=\"\" src=\"https:\/\/www.freiburg-schwarzwald.de\/blog\/wp-content\/uploads\/2013\/09\/moneglia8surfen130912-180x135.jpg\" width=\"180\" height=\"135\" srcset=\"https:\/\/www.freiburg-schwarzwald.de\/blog\/wp-content\/uploads\/2013\/09\/moneglia8surfen130912-180x135.jpg 180w, https:\/\/www.freiburg-schwarzwald.de\/blog\/wp-content\/uploads\/2013\/09\/moneglia8surfen130912.jpg 640w\" sizes=\"auto, (max-width: 180px) 100vw, 180px\" \/><\/a>\u00a0\u00a0\u00a0\u00a0\u00a0\u00a0\u00a0\u00a0\u00a0\u00a0 <a href=\"https:\/\/www.freiburg-schwarzwald.de\/blog\/mittelmeer-ligurien-moneglia\/moneglia9surfen130912\/\" rel=\"attachment wp-att-37834\"><img loading=\"lazy\" decoding=\"async\" class=\"alignnone size-thumbnail wp-image-37834\" title=\"moneglia9surfen130912\" alt=\"\" src=\"https:\/\/www.freiburg-schwarzwald.de\/blog\/wp-content\/uploads\/2013\/09\/moneglia9surfen130912-180x135.jpg\" width=\"180\" height=\"135\" srcset=\"https:\/\/www.freiburg-schwarzwald.de\/blog\/wp-content\/uploads\/2013\/09\/moneglia9surfen130912-180x135.jpg 180w, https:\/\/www.freiburg-schwarzwald.de\/blog\/wp-content\/uploads\/2013\/09\/moneglia9surfen130912.jpg 640w\" sizes=\"auto, (max-width: 180px) 100vw, 180px\" \/><\/a><br \/>\n(7) Wellen am 12.9.2013\u00a0\u00a0\u00a0\u00a0\u00a0\u00a0\u00a0\u00a0\u00a0\u00a0\u00a0\u00a0\u00a0\u00a0\u00a0\u00a0\u00a0\u00a0\u00a0\u00a0\u00a0\u00a0\u00a0 (8) Surfen an der ligurischen K\u00fcste\u00a0\u00a0\u00a0\u00a0\u00a0\u00a0\u00a0\u00a0\u00a0\u00a0\u00a0 (9)\u00a0Endlich die Welle<\/p>\n<p><a href=\"https:\/\/www.freiburg-schwarzwald.de\/blog\/mittelmeer-ligurien-moneglia\/moneglia10surfen130912\/\" rel=\"attachment wp-att-37837\"><img loading=\"lazy\" decoding=\"async\" title=\"moneglia10surfen130912\" alt=\"\" src=\"https:\/\/www.freiburg-schwarzwald.de\/blog\/wp-content\/uploads\/2013\/09\/moneglia10surfen130912-180x142.jpg\" width=\"180\" height=\"142\" \/><\/a>\u00a0\u00a0\u00a0\u00a0\u00a0\u00a0\u00a0\u00a0\u00a0 <a href=\"https:\/\/www.freiburg-schwarzwald.de\/blog\/mittelmeer-ligurien-moneglia\/moneglia11surfen130912\/\" rel=\"attachment wp-att-37838\"><img loading=\"lazy\" decoding=\"async\" class=\"alignnone size-thumbnail wp-image-37838\" title=\"moneglia11surfen130912\" alt=\"\" src=\"https:\/\/www.freiburg-schwarzwald.de\/blog\/wp-content\/uploads\/2013\/09\/moneglia11surfen130912-180x135.jpg\" width=\"180\" height=\"135\" srcset=\"https:\/\/www.freiburg-schwarzwald.de\/blog\/wp-content\/uploads\/2013\/09\/moneglia11surfen130912-180x135.jpg 180w, https:\/\/www.freiburg-schwarzwald.de\/blog\/wp-content\/uploads\/2013\/09\/moneglia11surfen130912-640x480.jpg 640w, https:\/\/www.freiburg-schwarzwald.de\/blog\/wp-content\/uploads\/2013\/09\/moneglia11surfen130912.jpg 1000w\" sizes=\"auto, (max-width: 180px) 100vw, 180px\" \/><\/a>\u00a0\u00a0\u00a0\u00a0\u00a0\u00a0\u00a0\u00a0\u00a0 <a href=\"https:\/\/www.freiburg-schwarzwald.de\/blog\/mittelmeer-ligurien-moneglia\/moneglia15baden-wellenbrecher130912\/\" rel=\"attachment wp-att-37842\"><img loading=\"lazy\" decoding=\"async\" class=\"alignnone size-thumbnail wp-image-37842\" title=\"moneglia15baden-wellenbrecher130912\" alt=\"\" src=\"https:\/\/www.freiburg-schwarzwald.de\/blog\/wp-content\/uploads\/2013\/09\/moneglia15baden-wellenbrecher130912-180x135.jpg\" width=\"180\" height=\"135\" srcset=\"https:\/\/www.freiburg-schwarzwald.de\/blog\/wp-content\/uploads\/2013\/09\/moneglia15baden-wellenbrecher130912-180x135.jpg 180w, https:\/\/www.freiburg-schwarzwald.de\/blog\/wp-content\/uploads\/2013\/09\/moneglia15baden-wellenbrecher130912-640x480.jpg 640w, https:\/\/www.freiburg-schwarzwald.de\/blog\/wp-content\/uploads\/2013\/09\/moneglia15baden-wellenbrecher130912.jpg 1000w\" sizes=\"auto, (max-width: 180px) 100vw, 180px\" \/><\/a><br \/>\n(10) Duett beim Surfen\u00a0\u00a0\u00a0\u00a0\u00a0\u00a0\u00a0\u00a0\u00a0\u00a0\u00a0\u00a0\u00a0\u00a0\u00a0\u00a0\u00a0\u00a0\u00a0\u00a0\u00a0\u00a0\u00a0\u00a0\u00a0\u00a0\u00a0\u00a0(11) Wellen am 12.9.2013\u00a0\u00a0\u00a0\u00a0\u00a0\u00a0\u00a0\u00a0\u00a0\u00a0\u00a0\u00a0\u00a0\u00a0\u00a0\u00a0\u00a0\u00a0\u00a0\u00a0 (12) Wellenbrecher vor dem Strand<\/p>\n<p><a href=\"https:\/\/www.freiburg-schwarzwald.de\/blog\/mittelmeer-ligurien-moneglia\/moneglia14baden-wind130912\/\" rel=\"attachment wp-att-37841\"><img loading=\"lazy\" decoding=\"async\" class=\"alignnone size-thumbnail wp-image-37841\" title=\"moneglia14baden-wind130912\" alt=\"\" src=\"https:\/\/www.freiburg-schwarzwald.de\/blog\/wp-content\/uploads\/2013\/09\/moneglia14baden-wind130912-180x135.jpg\" width=\"180\" height=\"135\" srcset=\"https:\/\/www.freiburg-schwarzwald.de\/blog\/wp-content\/uploads\/2013\/09\/moneglia14baden-wind130912-180x135.jpg 180w, https:\/\/www.freiburg-schwarzwald.de\/blog\/wp-content\/uploads\/2013\/09\/moneglia14baden-wind130912-640x480.jpg 640w, https:\/\/www.freiburg-schwarzwald.de\/blog\/wp-content\/uploads\/2013\/09\/moneglia14baden-wind130912.jpg 1000w\" sizes=\"auto, (max-width: 180px) 100vw, 180px\" \/><\/a>\u00a0\u00a0\u00a0\u00a0\u00a0\u00a0\u00a0\u00a0\u00a0\u00a0\u00a0<a href=\"https:\/\/www.freiburg-schwarzwald.de\/blog\/mittelmeer-ligurien-moneglia\/moneglia12baden-wind130912\/\" rel=\"attachment wp-att-37839\"><img loading=\"lazy\" decoding=\"async\" title=\"moneglia12baden-wind130912\" alt=\"\" src=\"https:\/\/www.freiburg-schwarzwald.de\/blog\/wp-content\/uploads\/2013\/09\/moneglia12baden-wind130912-180x135.jpg\" width=\"180\" height=\"135\" \/><\/a>\u00a0\u00a0\u00a0\u00a0\u00a0\u00a0\u00a0\u00a0\u00a0\u00a0\u00a0 <a href=\"https:\/\/www.freiburg-schwarzwald.de\/blog\/mittelmeer-ligurien-moneglia\/moneglia13baden-windstille130914\/\" rel=\"attachment wp-att-37840\"><img loading=\"lazy\" decoding=\"async\" class=\"alignnone size-thumbnail wp-image-37840\" title=\"moneglia13baden-windstille130914\" alt=\"\" src=\"https:\/\/www.freiburg-schwarzwald.de\/blog\/wp-content\/uploads\/2013\/09\/moneglia13baden-windstille130914-180x135.jpg\" width=\"180\" height=\"135\" srcset=\"https:\/\/www.freiburg-schwarzwald.de\/blog\/wp-content\/uploads\/2013\/09\/moneglia13baden-windstille130914-180x135.jpg 180w, https:\/\/www.freiburg-schwarzwald.de\/blog\/wp-content\/uploads\/2013\/09\/moneglia13baden-windstille130914-640x480.jpg 640w, https:\/\/www.freiburg-schwarzwald.de\/blog\/wp-content\/uploads\/2013\/09\/moneglia13baden-windstille130914.jpg 1000w\" sizes=\"auto, (max-width: 180px) 100vw, 180px\" \/><\/a><br \/>\n(13) Badespass am 12.9.2013\u00a0\u00a0\u00a0\u00a0\u00a0\u00a0\u00a0 \u00a0\u00a0\u00a0\u00a0\u00a0\u00a0\u00a0 (14) Baden hinter der Feldbarriere\u00a0\u00a0\u00a0\u00a0\u00a0\u00a0\u00a0\u00a0\u00a0\u00a0\u00a0\u00a0\u00a0\u00a0\u00a0(15) Wie (14), aber Windstille<\/p>\n<p><a href=\"https:\/\/www.freiburg-schwarzwald.de\/blog\/mittelmeer-ligurien-moneglia\/moneglia16buch130913\/\" rel=\"attachment wp-att-37843\"><img loading=\"lazy\" decoding=\"async\" class=\"alignnone size-thumbnail wp-image-37843\" title=\"moneglia16buch130913\" alt=\"\" src=\"https:\/\/www.freiburg-schwarzwald.de\/blog\/wp-content\/uploads\/2013\/09\/moneglia16buch130913-135x180.jpg\" width=\"135\" height=\"180\" srcset=\"https:\/\/www.freiburg-schwarzwald.de\/blog\/wp-content\/uploads\/2013\/09\/moneglia16buch130913-135x180.jpg 135w, https:\/\/www.freiburg-schwarzwald.de\/blog\/wp-content\/uploads\/2013\/09\/moneglia16buch130913.jpg 480w\" sizes=\"auto, (max-width: 135px) 100vw, 135px\" \/><\/a>\u00a0\u00a0\u00a0\u00a0\u00a0\u00a0\u00a0\u00a0\u00a0\u00a0\u00a0\u00a0\u00a0\u00a0\u00a0\u00a0\u00a0\u00a0\u00a0\u00a0\u00a0\u00a0\u00a0\u00a0\u00a0 <a href=\"https:\/\/www.freiburg-schwarzwald.de\/blog\/mittelmeer-ligurien-moneglia\/moneglia17sonnenbaden130913\/\" rel=\"attachment wp-att-37844\"><img loading=\"lazy\" decoding=\"async\" class=\"alignnone size-thumbnail wp-image-37844\" title=\"moneglia17sonnenbaden130913\" alt=\"\" src=\"https:\/\/www.freiburg-schwarzwald.de\/blog\/wp-content\/uploads\/2013\/09\/moneglia17sonnenbaden130913-180x142.jpg\" width=\"180\" height=\"142\" srcset=\"https:\/\/www.freiburg-schwarzwald.de\/blog\/wp-content\/uploads\/2013\/09\/moneglia17sonnenbaden130913-180x142.jpg 180w, https:\/\/www.freiburg-schwarzwald.de\/blog\/wp-content\/uploads\/2013\/09\/moneglia17sonnenbaden130913.jpg 640w\" sizes=\"auto, (max-width: 180px) 100vw, 180px\" \/><\/a>\u00a0\u00a0\u00a0\u00a0\u00a0\u00a0\u00a0\u00a0\u00a0\u00a0 <a href=\"https:\/\/www.freiburg-schwarzwald.de\/blog\/mittelmeer-ligurien-moneglia\/moneglia18quartett130913\/\" rel=\"attachment wp-att-37845\"><img loading=\"lazy\" decoding=\"async\" class=\"alignnone size-thumbnail wp-image-37845\" title=\"moneglia18quartett130913\" alt=\"\" src=\"https:\/\/www.freiburg-schwarzwald.de\/blog\/wp-content\/uploads\/2013\/09\/moneglia18quartett130913-180x143.jpg\" width=\"180\" height=\"143\" srcset=\"https:\/\/www.freiburg-schwarzwald.de\/blog\/wp-content\/uploads\/2013\/09\/moneglia18quartett130913-180x143.jpg 180w, https:\/\/www.freiburg-schwarzwald.de\/blog\/wp-content\/uploads\/2013\/09\/moneglia18quartett130913.jpg 639w\" sizes=\"auto, (max-width: 180px) 100vw, 180px\" \/><\/a><br \/>\n(16) &#8230; das gute Buch\u00a0\u00a0\u00a0\u00a0\u00a0\u00a0\u00a0\u00a0\u00a0\u00a0\u00a0\u00a0\u00a0\u00a0\u00a0\u00a0\u00a0\u00a0\u00a0\u00a0\u00a0\u00a0\u00a0\u00a0\u00a0\u00a0\u00a0\u00a0\u00a0\u00a0\u00a0\u00a0\u00a0\u00a0\u00a0\u00a0 (17) Das Gefieder trocknen\u00a0\u00a0\u00a0\u00a0\u00a0\u00a0\u00a0\u00a0\u00a0\u00a0\u00a0\u00a0\u00a0\u00a0\u00a0\u00a0\u00a0\u00a0\u00a0\u00a0\u00a0\u00a0\u00a0\u00a0\u00a0 (18) Zwei + zwei<\/p>\n<p><a href=\"https:\/\/www.freiburg-schwarzwald.de\/blog\/mittelmeer-ligurien-moneglia\/moneglia19quartett130913\/\" rel=\"attachment wp-att-37846\"><img loading=\"lazy\" decoding=\"async\" class=\"alignnone size-thumbnail wp-image-37846\" title=\"moneglia19quartett130913\" alt=\"\" src=\"https:\/\/www.freiburg-schwarzwald.de\/blog\/wp-content\/uploads\/2013\/09\/moneglia19quartett130913-180x135.jpg\" width=\"180\" height=\"135\" srcset=\"https:\/\/www.freiburg-schwarzwald.de\/blog\/wp-content\/uploads\/2013\/09\/moneglia19quartett130913-180x135.jpg 180w, https:\/\/www.freiburg-schwarzwald.de\/blog\/wp-content\/uploads\/2013\/09\/moneglia19quartett130913.jpg 640w\" sizes=\"auto, (max-width: 180px) 100vw, 180px\" \/><\/a>\u00a0\u00a0\u00a0\u00a0\u00a0\u00a0\u00a0\u00a0\u00a0 <a href=\"https:\/\/www.freiburg-schwarzwald.de\/blog\/mittelmeer-ligurien-moneglia\/moneglia20felsen130913\/\" rel=\"attachment wp-att-37847\"><img loading=\"lazy\" decoding=\"async\" class=\"alignnone size-thumbnail wp-image-37847\" title=\"moneglia20felsen130913\" alt=\"\" src=\"https:\/\/www.freiburg-schwarzwald.de\/blog\/wp-content\/uploads\/2013\/09\/moneglia20felsen130913-180x135.jpg\" width=\"180\" height=\"135\" srcset=\"https:\/\/www.freiburg-schwarzwald.de\/blog\/wp-content\/uploads\/2013\/09\/moneglia20felsen130913-180x135.jpg 180w, https:\/\/www.freiburg-schwarzwald.de\/blog\/wp-content\/uploads\/2013\/09\/moneglia20felsen130913.jpg 640w\" sizes=\"auto, (max-width: 180px) 100vw, 180px\" \/><\/a>\u00a0\u00a0\u00a0\u00a0\u00a0\u00a0\u00a0\u00a0\u00a0 <a href=\"https:\/\/www.freiburg-schwarzwald.de\/blog\/mittelmeer-ligurien-moneglia\/moneglia21felsen130913\/\" rel=\"attachment wp-att-37848\"><img loading=\"lazy\" decoding=\"async\" class=\"alignnone size-thumbnail wp-image-37848\" title=\"moneglia21felsen130913\" alt=\"\" src=\"https:\/\/www.freiburg-schwarzwald.de\/blog\/wp-content\/uploads\/2013\/09\/moneglia21felsen130913-180x135.jpg\" width=\"180\" height=\"135\" srcset=\"https:\/\/www.freiburg-schwarzwald.de\/blog\/wp-content\/uploads\/2013\/09\/moneglia21felsen130913-180x135.jpg 180w, https:\/\/www.freiburg-schwarzwald.de\/blog\/wp-content\/uploads\/2013\/09\/moneglia21felsen130913.jpg 640w\" sizes=\"auto, (max-width: 180px) 100vw, 180px\" \/><\/a><br \/>\n(19) Blick nordostw\u00e4rts Moneglia\u00a0\u00a0\u00a0\u00a0\u00a0 \u00a0\u00a0\u00a0\u00a0\u00a0 (20) Viele auf einem Felsen\u00a0\u00a0\u00a0\u00a0\u00a0\u00a0\u00a0\u00a0\u00a0\u00a0\u00a0\u00a0\u00a0\u00a0\u00a0\u00a0\u00a0\u00a0\u00a0\u00a0\u00a0\u00a0\u00a0\u00a0 (21)<\/p>\n<p><a href=\"https:\/\/www.freiburg-schwarzwald.de\/blog\/mittelmeer-ligurien-moneglia\/moneglia22spuele130914\/\" rel=\"attachment wp-att-37849\"><img loading=\"lazy\" decoding=\"async\" class=\"alignnone size-thumbnail wp-image-37849\" title=\"moneglia22spuele130914\" alt=\"\" src=\"https:\/\/www.freiburg-schwarzwald.de\/blog\/wp-content\/uploads\/2013\/09\/moneglia22spuele130914-160x180.jpg\" width=\"160\" height=\"180\" srcset=\"https:\/\/www.freiburg-schwarzwald.de\/blog\/wp-content\/uploads\/2013\/09\/moneglia22spuele130914-160x180.jpg 160w, https:\/\/www.freiburg-schwarzwald.de\/blog\/wp-content\/uploads\/2013\/09\/moneglia22spuele130914-569x640.jpg 569w, https:\/\/www.freiburg-schwarzwald.de\/blog\/wp-content\/uploads\/2013\/09\/moneglia22spuele130914.jpg 659w\" sizes=\"auto, (max-width: 160px) 100vw, 160px\" \/><\/a>\u00a0\u00a0\u00a0\u00a0\u00a0\u00a0\u00a0\u00a0\u00a0\u00a0\u00a0\u00a0\u00a0\u00a0\u00a0\u00a0 <a href=\"https:\/\/www.freiburg-schwarzwald.de\/blog\/mittelmeer-ligurien-moneglia\/moneglia23uferplatz130914\/\" rel=\"attachment wp-att-37850\"><img loading=\"lazy\" decoding=\"async\" class=\"alignnone size-thumbnail wp-image-37850\" title=\"moneglia23uferplatz130914\" alt=\"\" src=\"https:\/\/www.freiburg-schwarzwald.de\/blog\/wp-content\/uploads\/2013\/09\/moneglia23uferplatz130914-180x135.jpg\" width=\"180\" height=\"135\" srcset=\"https:\/\/www.freiburg-schwarzwald.de\/blog\/wp-content\/uploads\/2013\/09\/moneglia23uferplatz130914-180x135.jpg 180w, https:\/\/www.freiburg-schwarzwald.de\/blog\/wp-content\/uploads\/2013\/09\/moneglia23uferplatz130914.jpg 640w\" sizes=\"auto, (max-width: 180px) 100vw, 180px\" \/><\/a>\u00a0\u00a0\u00a0\u00a0\u00a0\u00a0\u00a0\u00a0\u00a0 <a href=\"https:\/\/www.freiburg-schwarzwald.de\/blog\/mittelmeer-ligurien-moneglia\/moneglia24fels130914\/\" rel=\"attachment wp-att-37851\"><img loading=\"lazy\" decoding=\"async\" class=\"alignnone size-thumbnail wp-image-37851\" title=\"moneglia24fels130914\" alt=\"\" src=\"https:\/\/www.freiburg-schwarzwald.de\/blog\/wp-content\/uploads\/2013\/09\/moneglia24fels130914-180x135.jpg\" width=\"180\" height=\"135\" srcset=\"https:\/\/www.freiburg-schwarzwald.de\/blog\/wp-content\/uploads\/2013\/09\/moneglia24fels130914-180x135.jpg 180w, https:\/\/www.freiburg-schwarzwald.de\/blog\/wp-content\/uploads\/2013\/09\/moneglia24fels130914.jpg 640w\" sizes=\"auto, (max-width: 180px) 100vw, 180px\" \/><\/a><br \/>\n(22) Geschirrsp\u00fclen mit Meerblick\u00a0\u00a0\u00a0\u00a0\u00a0\u00a0\u00a0\u00a0\u00a0\u00a0\u00a0\u00a0\u00a0\u00a0(23) Blick nordw\u00e4rts\u00a0\u00a0\u00a0\u00a0\u00a0\u00a0\u00a0\u00a0\u00a0\u00a0\u00a0\u00a0\u00a0\u00a0\u00a0\u00a0\u00a0\u00a0\u00a0\u00a0\u00a0\u00a0\u00a0\u00a0\u00a0\u00a0\u00a0\u00a0\u00a0\u00a0\u00a0\u00a0\u00a0\u00a0\u00a0\u00a0\u00a0 (24) 14.9.2013<\/p>\n<p><a href=\"https:\/\/www.freiburg-schwarzwald.de\/blog\/mittelmeer-ligurien-moneglia\/moneglia25schwimmen130914\/\" rel=\"attachment wp-att-37852\"><img loading=\"lazy\" decoding=\"async\" class=\"alignnone size-thumbnail wp-image-37852\" title=\"moneglia25schwimmen130914\" alt=\"\" src=\"https:\/\/www.freiburg-schwarzwald.de\/blog\/wp-content\/uploads\/2013\/09\/moneglia25schwimmen130914-180x135.jpg\" width=\"180\" height=\"135\" srcset=\"https:\/\/www.freiburg-schwarzwald.de\/blog\/wp-content\/uploads\/2013\/09\/moneglia25schwimmen130914-180x135.jpg 180w, https:\/\/www.freiburg-schwarzwald.de\/blog\/wp-content\/uploads\/2013\/09\/moneglia25schwimmen130914.jpg 640w\" sizes=\"auto, (max-width: 180px) 100vw, 180px\" \/><\/a>\u00a0\u00a0\u00a0\u00a0\u00a0\u00a0\u00a0\u00a0\u00a0 <a href=\"https:\/\/www.freiburg-schwarzwald.de\/blog\/mittelmeer-ligurien-moneglia\/moneglia26schwimmen130914\/\" rel=\"attachment wp-att-37857\"><img loading=\"lazy\" decoding=\"async\" class=\"alignnone size-thumbnail wp-image-37857\" title=\"moneglia26schwimmen130914\" alt=\"\" src=\"https:\/\/www.freiburg-schwarzwald.de\/blog\/wp-content\/uploads\/2013\/09\/moneglia26schwimmen130914-135x180.jpg\" width=\"135\" height=\"180\" srcset=\"https:\/\/www.freiburg-schwarzwald.de\/blog\/wp-content\/uploads\/2013\/09\/moneglia26schwimmen130914-135x180.jpg 135w, https:\/\/www.freiburg-schwarzwald.de\/blog\/wp-content\/uploads\/2013\/09\/moneglia26schwimmen130914.jpg 480w\" sizes=\"auto, (max-width: 135px) 100vw, 135px\" \/><\/a>\u00a0\u00a0\u00a0\u00a0\u00a0\u00a0\u00a0\u00a0\u00a0\u00a0\u00a0\u00a0\u00a0\u00a0\u00a0\u00a0\u00a0\u00a0\u00a0\u00a0\u00a0\u00a0\u00a0\u00a0\u00a0\u00a0\u00a0\u00a0<a href=\"https:\/\/www.freiburg-schwarzwald.de\/blog\/mittelmeer-ligurien-moneglia\/moneglia27schwimmen130914\/\" rel=\"attachment wp-att-37858\"><img loading=\"lazy\" decoding=\"async\" class=\"alignnone size-thumbnail wp-image-37858\" title=\"moneglia27schwimmen130914\" alt=\"\" src=\"https:\/\/www.freiburg-schwarzwald.de\/blog\/wp-content\/uploads\/2013\/09\/moneglia27schwimmen130914-180x135.jpg\" width=\"180\" height=\"135\" srcset=\"https:\/\/www.freiburg-schwarzwald.de\/blog\/wp-content\/uploads\/2013\/09\/moneglia27schwimmen130914-180x135.jpg 180w, https:\/\/www.freiburg-schwarzwald.de\/blog\/wp-content\/uploads\/2013\/09\/moneglia27schwimmen130914.jpg 640w\" sizes=\"auto, (max-width: 180px) 100vw, 180px\" \/><\/a><br \/>\n(25) Betrieb am kleinen Boot\u00a0\u00a0\u00a0\u00a0\u00a0\u00a0\u00a0\u00a0\u00a0\u00a0\u00a0\u00a0\u00a0\u00a0\u00a0\u00a0\u00a0 (26) Blick auf Moneglia um 14 Uhr\u00a0\u00a0\u00a0\u00a0\u00a0\u00a0\u00a0\u00a0\u00a0\u00a0\u00a0\u00a0\u00a0\u00a0\u00a0\u00a0 (27) Wasser 26 Grad<\/p>\n<p><a href=\"https:\/\/www.freiburg-schwarzwald.de\/blog\/mittelmeer-ligurien-moneglia\/moneglia28fiascetti130914\/\" rel=\"attachment wp-att-37859\"><img loading=\"lazy\" decoding=\"async\" class=\"alignnone size-thumbnail wp-image-37859\" title=\"moneglia28fiascetti130914\" alt=\"\" src=\"https:\/\/www.freiburg-schwarzwald.de\/blog\/wp-content\/uploads\/2013\/09\/moneglia28fiascetti130914-180x135.jpg\" width=\"180\" height=\"135\" srcset=\"https:\/\/www.freiburg-schwarzwald.de\/blog\/wp-content\/uploads\/2013\/09\/moneglia28fiascetti130914-180x135.jpg 180w, https:\/\/www.freiburg-schwarzwald.de\/blog\/wp-content\/uploads\/2013\/09\/moneglia28fiascetti130914.jpg 640w\" sizes=\"auto, (max-width: 180px) 100vw, 180px\" \/><\/a>\u00a0\u00a0\u00a0\u00a0\u00a0\u00a0\u00a0\u00a0\u00a0 <a href=\"https:\/\/www.freiburg-schwarzwald.de\/blog\/mittelmeer-ligurien-moneglia\/moneglia29bellavista130914\/\" rel=\"attachment wp-att-37860\"><img loading=\"lazy\" decoding=\"async\" class=\"alignnone size-thumbnail wp-image-37860\" title=\"moneglia29bellavista130914\" alt=\"\" src=\"https:\/\/www.freiburg-schwarzwald.de\/blog\/wp-content\/uploads\/2013\/09\/moneglia29bellavista130914-180x135.jpg\" width=\"180\" height=\"135\" srcset=\"https:\/\/www.freiburg-schwarzwald.de\/blog\/wp-content\/uploads\/2013\/09\/moneglia29bellavista130914-180x135.jpg 180w, https:\/\/www.freiburg-schwarzwald.de\/blog\/wp-content\/uploads\/2013\/09\/moneglia29bellavista130914.jpg 640w\" sizes=\"auto, (max-width: 180px) 100vw, 180px\" \/><\/a>\u00a0\u00a0\u00a0\u00a0\u00a0\u00a0\u00a0\u00a0\u00a0 <a href=\"https:\/\/www.freiburg-schwarzwald.de\/blog\/mittelmeer-ligurien-moneglia\/moneglia30ufer130914\/\" rel=\"attachment wp-att-37861\"><img loading=\"lazy\" decoding=\"async\" class=\"alignnone size-thumbnail wp-image-37861\" title=\"moneglia30ufer130914\" alt=\"\" src=\"https:\/\/www.freiburg-schwarzwald.de\/blog\/wp-content\/uploads\/2013\/09\/moneglia30ufer130914-180x135.jpg\" width=\"180\" height=\"135\" srcset=\"https:\/\/www.freiburg-schwarzwald.de\/blog\/wp-content\/uploads\/2013\/09\/moneglia30ufer130914-180x135.jpg 180w, https:\/\/www.freiburg-schwarzwald.de\/blog\/wp-content\/uploads\/2013\/09\/moneglia30ufer130914.jpg 640w\" sizes=\"auto, (max-width: 180px) 100vw, 180px\" \/><\/a><br \/>\n(28) Fiaschetti Kilo 3.80 Euro\u00a0\u00a0\u00a0\u00a0\u00a0\u00a0\u00a0\u00a0\u00a0\u00a0\u00a0\u00a0\u00a0\u00a0\u00a0\u00a0 (29) Nix tun<\/p>\n<p><a href=\"https:\/\/www.freiburg-schwarzwald.de\/blog\/mittelmeer-ligurien-moneglia\/moneglia31fels130914\/\" rel=\"attachment wp-att-37862\"><img loading=\"lazy\" decoding=\"async\" class=\"alignnone size-thumbnail wp-image-37862\" title=\"moneglia31fels130914\" alt=\"\" src=\"https:\/\/www.freiburg-schwarzwald.de\/blog\/wp-content\/uploads\/2013\/09\/moneglia31fels130914-180x135.jpg\" width=\"180\" height=\"135\" srcset=\"https:\/\/www.freiburg-schwarzwald.de\/blog\/wp-content\/uploads\/2013\/09\/moneglia31fels130914-180x135.jpg 180w, https:\/\/www.freiburg-schwarzwald.de\/blog\/wp-content\/uploads\/2013\/09\/moneglia31fels130914.jpg 640w\" sizes=\"auto, (max-width: 180px) 100vw, 180px\" \/><\/a>\u00a0\u00a0\u00a0\u00a0\u00a0\u00a0\u00a0\u00a0\u00a0 <a href=\"https:\/\/www.freiburg-schwarzwald.de\/blog\/mittelmeer-ligurien-moneglia\/moneglia32strand130914\/\" rel=\"attachment wp-att-37863\"><img loading=\"lazy\" decoding=\"async\" class=\"alignnone size-thumbnail wp-image-37863\" title=\"moneglia32strand130914\" alt=\"\" src=\"https:\/\/www.freiburg-schwarzwald.de\/blog\/wp-content\/uploads\/2013\/09\/moneglia32strand130914-180x135.jpg\" width=\"180\" height=\"135\" srcset=\"https:\/\/www.freiburg-schwarzwald.de\/blog\/wp-content\/uploads\/2013\/09\/moneglia32strand130914-180x135.jpg 180w, https:\/\/www.freiburg-schwarzwald.de\/blog\/wp-content\/uploads\/2013\/09\/moneglia32strand130914.jpg 640w\" sizes=\"auto, (max-width: 180px) 100vw, 180px\" \/><\/a>\u00a0\u00a0\u00a0\u00a0\u00a0\u00a0\u00a0\u00a0\u00a0 <a href=\"https:\/\/www.freiburg-schwarzwald.de\/blog\/mittelmeer-ligurien-moneglia\/moneglia33strand130914\/\" rel=\"attachment wp-att-37864\"><img loading=\"lazy\" decoding=\"async\" class=\"alignnone size-thumbnail wp-image-37864\" title=\"moneglia33strand130914\" alt=\"\" src=\"https:\/\/www.freiburg-schwarzwald.de\/blog\/wp-content\/uploads\/2013\/09\/moneglia33strand130914-180x135.jpg\" width=\"180\" height=\"135\" srcset=\"https:\/\/www.freiburg-schwarzwald.de\/blog\/wp-content\/uploads\/2013\/09\/moneglia33strand130914-180x135.jpg 180w, https:\/\/www.freiburg-schwarzwald.de\/blog\/wp-content\/uploads\/2013\/09\/moneglia33strand130914.jpg 640w\" sizes=\"auto, (max-width: 180px) 100vw, 180px\" \/><\/a><br \/>\n(31)\u00a0\u00a0\u00a0\u00a0\u00a0\u00a0\u00a0\u00a0\u00a0\u00a0\u00a0\u00a0\u00a0\u00a0\u00a0\u00a0\u00a0\u00a0\u00a0\u00a0\u00a0\u00a0\u00a0\u00a0\u00a0\u00a0\u00a0\u00a0\u00a0\u00a0\u00a0\u00a0\u00a0\u00a0\u00a0\u00a0\u00a0\u00a0\u00a0\u00a0\u00a0\u00a0\u00a0\u00a0\u00a0\u00a0\u00a0\u00a0\u00a0\u00a0\u00a0\u00a0\u00a0\u00a0\u00a0\u00a0 (32) Strand Smeraldo\u00a0\u00a0\u00a0\u00a0\u00a0\u00a0\u00a0\u00a0\u00a0\u00a0\u00a0\u00a0\u00a0\u00a0\u00a0\u00a0\u00a0\u00a0\u00a0\u00a0\u00a0\u00a0\u00a0\u00a0\u00a0\u00a0\u00a0\u00a0\u00a0 (33) Strand Smeraldo<\/p>\n<p><a href=\"https:\/\/www.freiburg-schwarzwald.de\/blog\/mittelmeer-ligurien-moneglia\/moneglia34ebook130914\/\" rel=\"attachment wp-att-37865\"><img loading=\"lazy\" decoding=\"async\" class=\"alignnone size-thumbnail wp-image-37865\" title=\"moneglia34ebook130914\" alt=\"\" src=\"https:\/\/www.freiburg-schwarzwald.de\/blog\/wp-content\/uploads\/2013\/09\/moneglia34ebook130914-180x135.jpg\" width=\"180\" height=\"135\" srcset=\"https:\/\/www.freiburg-schwarzwald.de\/blog\/wp-content\/uploads\/2013\/09\/moneglia34ebook130914-180x135.jpg 180w, https:\/\/www.freiburg-schwarzwald.de\/blog\/wp-content\/uploads\/2013\/09\/moneglia34ebook130914.jpg 640w\" sizes=\"auto, (max-width: 180px) 100vw, 180px\" \/><\/a>\u00a0\u00a0\u00a0\u00a0\u00a0\u00a0\u00a0\u00a0\u00a0 <a href=\"https:\/\/www.freiburg-schwarzwald.de\/blog\/mittelmeer-ligurien-moneglia\/moneglia35spiaggia130914\/\" rel=\"attachment wp-att-37866\"><img loading=\"lazy\" decoding=\"async\" class=\"alignnone size-thumbnail wp-image-37866\" title=\"moneglia35spiaggia130914\" alt=\"\" src=\"https:\/\/www.freiburg-schwarzwald.de\/blog\/wp-content\/uploads\/2013\/09\/moneglia35spiaggia130914-180x135.jpg\" width=\"180\" height=\"135\" srcset=\"https:\/\/www.freiburg-schwarzwald.de\/blog\/wp-content\/uploads\/2013\/09\/moneglia35spiaggia130914-180x135.jpg 180w, https:\/\/www.freiburg-schwarzwald.de\/blog\/wp-content\/uploads\/2013\/09\/moneglia35spiaggia130914.jpg 640w\" sizes=\"auto, (max-width: 180px) 100vw, 180px\" \/><\/a>\u00a0\u00a0\u00a0\u00a0\u00a0\u00a0\u00a0\u00a0\u00a0\u00a0\u00a0 <a href=\"https:\/\/www.freiburg-schwarzwald.de\/blog\/mittelmeer-ligurien-moneglia\/moneglia36spiaggia130914\/\" rel=\"attachment wp-att-37867\"><img loading=\"lazy\" decoding=\"async\" class=\"alignnone size-thumbnail wp-image-37867\" title=\"moneglia36spiaggia130914\" alt=\"\" src=\"https:\/\/www.freiburg-schwarzwald.de\/blog\/wp-content\/uploads\/2013\/09\/moneglia36spiaggia130914-180x135.jpg\" width=\"180\" height=\"135\" srcset=\"https:\/\/www.freiburg-schwarzwald.de\/blog\/wp-content\/uploads\/2013\/09\/moneglia36spiaggia130914-180x135.jpg 180w, https:\/\/www.freiburg-schwarzwald.de\/blog\/wp-content\/uploads\/2013\/09\/moneglia36spiaggia130914-640x480.jpg 640w, https:\/\/www.freiburg-schwarzwald.de\/blog\/wp-content\/uploads\/2013\/09\/moneglia36spiaggia130914.jpg 1000w\" sizes=\"auto, (max-width: 180px) 100vw, 180px\" \/><\/a><br \/>\n(34) e-Book lesen am Meer\u00a0\u00a0\u00a0\u00a0\u00a0\u00a0\u00a0\u00a0\u00a0\u00a0\u00a0\u00a0\u00a0\u00a0\u00a0\u00a0\u00a0\u00a0\u00a0\u00a0(35) Badestrand\u00a0Moneglia 14.9.2013\u00a0\u00a0\u00a0\u00a0\u00a0\u00a0\u00a0 (36) Spiaggia communale<\/p>\n<p>&nbsp;<\/p>\n<p>(7) &#8211; (14) Sehr selten an der ligurischen K\u00fcste: Am 12.\/13.9.2013 sorgte ein kr\u00e4ftiger Sturm daf\u00fcr, dass hohe Wellen das Surfen m\u00f6glich machten. Man mu\u00df also nicht unbedingt an die Atlantikk\u00fcste fahren.<\/p>\n<p>(28) Fiaschetti Kilo 3.80 Euro: Obst ist sehr teuer in Italien, auch zur Erntezeit Mitte September. Ein Kilo Pfirsiche 3.50 Euro, Feigen 6.50 Euro, S\u00fcdtiroler \u00c4pfel 2.80 Euro, Trauben aus Sizilien 4.30 Euro. Fischetti sind ein Zwischending von Mirabellen und Reneclauden.<\/p>\n<p>(35) und (36) Der Sandstrand von Moneglia liegt gesch\u00fctzt hinter einer Wellenbrecher-Barriere aus gro\u00dfen Felsbrocken. So kann man auch bei st\u00fcrmischem Wetter (fast) immer baden. Vier Bezahl-Abschnitte mit gr\u00fcn-gelben, blauen, roten und orange Liegest\u00fchlen und ein kostenfrei-\u00f6ffentlicher Abschnitt, an dem sich die Einheimischen treffen: Vorne im Sand die Familien mit Kindern, dahinter auf der erh\u00f6hten, aber eben von der Strasse zug\u00e4nglichen Terrasse die Alten. Gli anziani finden sich dort ab 17 Uhr auf den zahlrechen B\u00e4nken ein zu einem\u00a0 Schw\u00e4tzchen (aber fast nur Omas, denn die Opas haben ihr Stammplatz im Ort an der Strassengabelung beim Polizeigeb\u00e4ude).<\/p>\n","protected":false},"excerpt":{"rendered":"<p>Moneglia an der ligurischen K\u00fcste zwischen Genua und La Spezia vom 8.-15.9.2013: Zwei Tage Sturm und aufgew\u00fchltes Meer, sonst Sonne, Wind, Ruhe\u00a0und angenehm 26 Grad warmes Wasser. Am \u00f6stlichen Abschnitt des Strandes sind die Einheimischen: Viel Betrieb,\u00a0viel Deutschfreundlichkeit, jedes l\u00e4ngere &hellip; <a href=\"https:\/\/www.freiburg-schwarzwald.de\/blog\/mittelmeer-ligurien-moneglia\/\">Weiterlesen <span class=\"meta-nav\">&rarr;<\/span><\/a><\/p>\n","protected":false},"author":4,"featured_media":0,"comment_status":"open","ping_status":"closed","sticky":false,"template":"","format":"standard","meta":{"footnotes":""},"categories":[195,211],"tags":[489,346],"class_list":["post-37816","post","type-post","status-publish","format-standard","hentry","category-eu","category-italien","tag-european-union","tag-urlaub"],"_links":{"self":[{"href":"https:\/\/www.freiburg-schwarzwald.de\/blog\/wp-json\/wp\/v2\/posts\/37816","targetHints":{"allow":["GET"]}}],"collection":[{"href":"https:\/\/www.freiburg-schwarzwald.de\/blog\/wp-json\/wp\/v2\/posts"}],"about":[{"href":"https:\/\/www.freiburg-schwarzwald.de\/blog\/wp-json\/wp\/v2\/types\/post"}],"author":[{"embeddable":true,"href":"https:\/\/www.freiburg-schwarzwald.de\/blog\/wp-json\/wp\/v2\/users\/4"}],"replies":[{"embeddable":true,"href":"https:\/\/www.freiburg-schwarzwald.de\/blog\/wp-json\/wp\/v2\/comments?post=37816"}],"version-history":[{"count":0,"href":"https:\/\/www.freiburg-schwarzwald.de\/blog\/wp-json\/wp\/v2\/posts\/37816\/revisions"}],"wp:attachment":[{"href":"https:\/\/www.freiburg-schwarzwald.de\/blog\/wp-json\/wp\/v2\/media?parent=37816"}],"wp:term":[{"taxonomy":"category","embeddable":true,"href":"https:\/\/www.freiburg-schwarzwald.de\/blog\/wp-json\/wp\/v2\/categories?post=37816"},{"taxonomy":"post_tag","embeddable":true,"href":"https:\/\/www.freiburg-schwarzwald.de\/blog\/wp-json\/wp\/v2\/tags?post=37816"}],"curies":[{"name":"wp","href":"https:\/\/api.w.org\/{rel}","templated":true}]}}