{"id":37776,"date":"2013-09-17T11:47:51","date_gmt":"2013-09-17T09:47:51","guid":{"rendered":"https:\/\/www.freiburg-schwarzwald.de\/blog\/?p=37776"},"modified":"2013-09-17T12:21:28","modified_gmt":"2013-09-17T10:21:28","slug":"senioren-wg-contra-heimgesetz","status":"publish","type":"post","link":"https:\/\/www.freiburg-schwarzwald.de\/blog\/senioren-wg-contra-heimgesetz\/","title":{"rendered":"Senioren-WG contra Heimgesetz"},"content":{"rendered":"<p>Das neue Heimgesetz f\u00fcr <a title=\"Demenz-Wohngruppen\" href=\"https:\/\/www.freiburg-schwarzwald.de\/blog\/selbsthilfe\/chronisch\/demenz\/demenz-wohngruppen\/\">Senioren-WGs <\/a>mit der Bezeichnung\u00a0&#8222;Wohn-, Teilhabe- und Pflegegesetz (WTPG)&#8220; wurde\u00a0im Juni 2013 vorgelegt und soll im Fr\u00fchjahr 2014 im Stuttgarter Landtag verabschiedet werden. Ziel ist es \u00e4lteren <a title=\"Pflege\" href=\"https:\/\/www.freiburg-schwarzwald.de\/blog\/business\/dienste\/pflege\/\">pflegebed\u00fcrftigen<\/a> Menschen abseits der Alters- und Pflegeheime\u00a0vielf\u00e4ltige <a title=\"Wohnen\" href=\"https:\/\/www.freiburg-schwarzwald.de\/blog\/business\/dienste\/immobilien\/wohnen\/\">Wohnformen<\/a> anzubieten, diesen einen gesetzlichen Rahmen zu geben und Missbrauch\u00a0auszuschlie\u00dfen.<!--more--><br \/>\nZwei Typen von Pflege-Wohngemeinschaften sollen\u00a0k\u00fcnftig unterschieden werden: <em>&#8222;vollst\u00e4ndig selbstorganisierte und selbstbestimmte Wohngruppen&#8220;<\/em> und <em>&#8222;ambulant betreute Wohngruppen<\/em>&#8222;. Nur letztere fallen unter das neue WTPG mit all ihren strikten Auflagen, die viele\u00a0bestehende WGs weder wirtschaftlich noch\u00a0organisatorisch erf\u00fcllen k\u00f6nnen.\u00a0Zwei Beispiele: Die Seniorenwohngruppe &#8222;WEGE e. V.&#8220; in Emmendingen mit 18 Senioren in zwei Wohnungen seit 2004. Der &#8222;Adlergarten&#8220; in <a title=\"Eichstetten\" href=\"https:\/\/www.freiburg-schwarzwald.de\/blog\/regio\/orte\/eichstetten\/\">Eichstetten<\/a>. Beide gem\u00e4ss dem <a title=\"Demenz-Wohngruppen\" href=\"https:\/\/www.freiburg-schwarzwald.de\/blog\/selbsthilfe\/chronisch\/demenz\/demenz-wohngruppen\/\">&#8222;Freiburger Modell&#8220;<\/a> unter Leitung von Prof Thomas Klie der\u00a0Evangelischen Fachhochschule organisierte WGs fallen zuk\u00fcnftig als &#8222;ambulant betreute WGs&#8220; unter das neue Heimgesetz mit all ihren gesetzlichen Reglementierungen wie Mindestzimmergr\u00f6\u00dfe 25 qm und maximale Gruppengr\u00f6\u00df\u00dfe 8 Personen. Diese und weitere Vorschriften w\u00fcrden\u00a0das Aus bedeuten &#8211; das Aus f\u00fcr jahrelanges und \u00fcberwiegend ehrenamtliches Engagement.<br \/>\n17.9.2013<\/p>\n<p><a href=\"https:\/\/www.freiburger-modell.de\/partner\/emmendingen.php\">https:\/\/www.freiburger-modell.de\/partner\/emmendingen.php<\/a><br \/>\n<a href=\"https:\/\/www.buergergemeinschaft-eichstetten.de\/Adlergarten.html\">https:\/\/www.buergergemeinschaft-eichstetten.de\/Adlergarten.html<\/a><br \/>\n<a href=\"https:\/\/www.domiziel-online.org\/\" target=\"_blank\">https:\/\/www.domiziel-online.org<\/a><br \/>\n\u00a0 \u00a0\u00a0\u00a0<br \/>\n\u00a0\u00a0\u00a0<br \/>\n<strong>Heimgesetz-Entwurf bedroht Senioren-WGs<\/strong><br \/>\n&#8222;Seit zehn Jahren h\u00e4ngen diese Wohnformen juristisch im luftleeren Raum. Ich war Gott froh, dass es nun eine Regelung geben sollte, an der sich alle Modelle orientieren k\u00f6nnen&#8220;, sagt Rausch. Umso gr\u00f6\u00dfer ist die Entt\u00e4uschung \u00fcber den Gesetzesentwurf, der vor rund drei Monaten vorgelegt wurde. &#8222;Der Gesetzesentwurf macht mich w\u00fctend und traurig. Alles was wir eingebracht haben, wurde offenbar ignoriert. Das lasse ich mir nicht bieten, und das lassen sich auch die Angeh\u00f6rigen nicht bieten&#8220;, sagt Rausch (von der WEGE) . &#8230;.<br \/>\nAlles vom 17.9.2013 bitte lesen auf<br \/>\n<a href=\"https:\/\/www.badische-zeitung.de\/kreis-breisgau-hochschwarzwald\/wachsende-sorgen-in-senioren-wgs--75268587.html\">https:\/\/www.badische-zeitung.de\/kreis-breisgau-hochschwarzwald\/wachsende-sorgen-in-senioren-wgs&#8211;75268587.html<\/a>\u00a0<\/p>\n<p><strong>ZWTPG als Reglementierungsresetz<\/strong><br \/>\nZuerst mussten sich die\u00a0vielen\u00a0im Rahmen\u00a0des &#8222;Freiburger Modells&#8220; entstandenen Dementen-WGs und Wohngruppen in juristisch unsicherem Terrain bew\u00e4hren. Mit Erfolg.\u00a0Dabei erwarteten sie\u00a0fast sehns\u00fcchtig eine gesetzliche Absicherung und beruhigende Grundlegung ihres Engagements. Nun aber soll ihnen mit dem WTPG ein gesetzliches Korsett \u00fcbergest\u00fclpt werden, das rot-gr\u00fcner Reglementierungs- und Bevormundungswut entsprechend jeden Freiraum verbietet, gute Erfahrungen ignoriert und ehrenamtliches Engagement t\u00f6tet. Beispiel: Warum mu\u00df ein Einzelzimmer mindestens 25 qm gro\u00df sein? Warum wird schon bei 24 qm nicht mehr gef\u00f6rdert?<br \/>\n17.9.2013<\/p>\n<p>&nbsp;<\/p>\n","protected":false},"excerpt":{"rendered":"<p>Das neue Heimgesetz f\u00fcr Senioren-WGs mit der Bezeichnung\u00a0&#8222;Wohn-, Teilhabe- und Pflegegesetz (WTPG)&#8220; wurde\u00a0im Juni 2013 vorgelegt und soll im Fr\u00fchjahr 2014 im Stuttgarter Landtag verabschiedet werden. Ziel ist es \u00e4lteren pflegebed\u00fcrftigen Menschen abseits der Alters- und Pflegeheime\u00a0vielf\u00e4ltige Wohnformen anzubieten, diesen &hellip; <a href=\"https:\/\/www.freiburg-schwarzwald.de\/blog\/senioren-wg-contra-heimgesetz\/\">Weiterlesen <span class=\"meta-nav\">&rarr;<\/span><\/a><\/p>\n","protected":false},"author":4,"featured_media":0,"comment_status":"open","ping_status":"closed","sticky":false,"template":"","format":"standard","meta":{"footnotes":""},"categories":[102,91],"tags":[727,460,92],"class_list":["post-37776","post","type-post","status-publish","format-standard","hentry","category-senioren","category-wohnen","tag-demenz","tag-miete","tag-wohnformen"],"_links":{"self":[{"href":"https:\/\/www.freiburg-schwarzwald.de\/blog\/wp-json\/wp\/v2\/posts\/37776","targetHints":{"allow":["GET"]}}],"collection":[{"href":"https:\/\/www.freiburg-schwarzwald.de\/blog\/wp-json\/wp\/v2\/posts"}],"about":[{"href":"https:\/\/www.freiburg-schwarzwald.de\/blog\/wp-json\/wp\/v2\/types\/post"}],"author":[{"embeddable":true,"href":"https:\/\/www.freiburg-schwarzwald.de\/blog\/wp-json\/wp\/v2\/users\/4"}],"replies":[{"embeddable":true,"href":"https:\/\/www.freiburg-schwarzwald.de\/blog\/wp-json\/wp\/v2\/comments?post=37776"}],"version-history":[{"count":0,"href":"https:\/\/www.freiburg-schwarzwald.de\/blog\/wp-json\/wp\/v2\/posts\/37776\/revisions"}],"wp:attachment":[{"href":"https:\/\/www.freiburg-schwarzwald.de\/blog\/wp-json\/wp\/v2\/media?parent=37776"}],"wp:term":[{"taxonomy":"category","embeddable":true,"href":"https:\/\/www.freiburg-schwarzwald.de\/blog\/wp-json\/wp\/v2\/categories?post=37776"},{"taxonomy":"post_tag","embeddable":true,"href":"https:\/\/www.freiburg-schwarzwald.de\/blog\/wp-json\/wp\/v2\/tags?post=37776"}],"curies":[{"name":"wp","href":"https:\/\/api.w.org\/{rel}","templated":true}]}}