{"id":37728,"date":"2013-09-16T20:29:54","date_gmt":"2013-09-16T18:29:54","guid":{"rendered":"https:\/\/www.freiburg-schwarzwald.de\/blog\/?p=37728"},"modified":"2013-09-16T20:29:54","modified_gmt":"2013-09-16T18:29:54","slug":"wendepunkt-ist-25-hinschauen","status":"publish","type":"post","link":"https:\/\/www.freiburg-schwarzwald.de\/blog\/wendepunkt-ist-25-hinschauen\/","title":{"rendered":"Wendepunkt ist 25 &#8211; Hinschauen"},"content":{"rendered":"<p>Mit einer Ausstellung und einem Konzert begeht <a title=\"Wendepunkt\" href=\"https:\/\/www.freiburg-schwarzwald.de\/blog\/selbsthilfe\/kinder\/wendepunkt\/\">&#8222;Wendepunkt&#8220;<\/a> sein 25-j\u00e4hriges Bestehen.\u00a0Ist das Thema <a title=\"Sexuellermissbrauch\" href=\"https:\/\/www.freiburg-schwarzwald.de\/blog\/selbsthilfe\/krise\/sexuellermissbrauch\/\">sexuelle Gewalt<\/a> an <a title=\"Kinder\" href=\"https:\/\/www.freiburg-schwarzwald.de\/blog\/selbsthilfe\/kinder\/\">Kindern<\/a> und Jugendlichen auch in den vergangenen Jahren durch zahlreiche aufgedeckte Missbrauchsf\u00e4lle hochaktuell, neu ist es nicht: Bereits seit 25 Jahren ist der Verein &#8222;Wendepunkt&#8220; Anlaufstelle f\u00fcr m\u00e4nnliche und weibliche Opfer von sexuellem Missbrauch im Breisgau. <!--more-->Um das 25-j\u00e4hrige Bestehen zu begehen und die Arbeit des Vereins in der \u00d6ffentlichkeit transparent zu machen, veranstaltet der Verein zwei besondere Aktionen.<br \/>\nSeit 1988 besch\u00e4ftigt sich &#8222;Wendepunkt&#8220; mit der Thematik, informiert, ber\u00e4t und bietet Hilfe und Unterst\u00fctzung. Von Freitag, 13., bis Sonntag, 22. September, wird im E-Werk an der Eschholzstra\u00dfe die Foto-Ausstellung &#8222;Hin-schauen!&#8220; zu sehen sein, die das Motto des Vereins &#8222;Hinschauen statt Wegsehen&#8220; aufgreift. Die Ausstellung zeigt ungew\u00f6hnliche Fotografien der Fotok\u00fcnstlerin Britt Schilling, die Menschen fotografiert hat, die den Verein unterst\u00fctzen.<br \/>\nAm 2. Oktober 2013\u00a0feiert Wendepunkt dann einen Benefizabend, ebenfalls im E-Werk. Die Organisatoren konnten dazu regional und national bekannte K\u00fcnstler wie The Brothers, Jess Jochimsen, C\u00e9cile Verny, Bella Nugent, Peaceful Sins, Bigamie, The Bad Band und Cover Nostra verpflichten, die kostenlos auftreten.<br \/>\nDie Ausstellung &#8222;Hinschauen!&#8220; ist vom 13. September an donnerstags bis samstags von 18 bis 21 Uhr und sonntags von 15 bis 20 Uhr zu besichtigen. Das Benefizkonzert startet um 20 Uhr, Tickets sind unter <a title=\"\" href=\"https:\/\/www.wendepunkt-freiburg.de\/\" target=\"_blank\">https:\/\/www.wendepunkt-freiburg.de<\/a> erh\u00e4ltlich.<\/p>\n","protected":false},"excerpt":{"rendered":"<p>Mit einer Ausstellung und einem Konzert begeht &#8222;Wendepunkt&#8220; sein 25-j\u00e4hriges Bestehen.\u00a0Ist das Thema sexuelle Gewalt an Kindern und Jugendlichen auch in den vergangenen Jahren durch zahlreiche aufgedeckte Missbrauchsf\u00e4lle hochaktuell, neu ist es nicht: Bereits seit 25 Jahren ist der Verein &hellip; <a href=\"https:\/\/www.freiburg-schwarzwald.de\/blog\/wendepunkt-ist-25-hinschauen\/\">Weiterlesen <span class=\"meta-nav\">&rarr;<\/span><\/a><\/p>\n","protected":false},"author":4,"featured_media":0,"comment_status":"open","ping_status":"closed","sticky":false,"template":"","format":"standard","meta":{"footnotes":""},"categories":[54,59,104,65],"tags":[397,732,329],"class_list":["post-37728","post","type-post","status-publish","format-standard","hentry","category-ehrenamt","category-frauen","category-hilfe","category-sexuellermissbrauch","tag-ausstellung","tag-gewalt","tag-jubilaeum"],"_links":{"self":[{"href":"https:\/\/www.freiburg-schwarzwald.de\/blog\/wp-json\/wp\/v2\/posts\/37728","targetHints":{"allow":["GET"]}}],"collection":[{"href":"https:\/\/www.freiburg-schwarzwald.de\/blog\/wp-json\/wp\/v2\/posts"}],"about":[{"href":"https:\/\/www.freiburg-schwarzwald.de\/blog\/wp-json\/wp\/v2\/types\/post"}],"author":[{"embeddable":true,"href":"https:\/\/www.freiburg-schwarzwald.de\/blog\/wp-json\/wp\/v2\/users\/4"}],"replies":[{"embeddable":true,"href":"https:\/\/www.freiburg-schwarzwald.de\/blog\/wp-json\/wp\/v2\/comments?post=37728"}],"version-history":[{"count":0,"href":"https:\/\/www.freiburg-schwarzwald.de\/blog\/wp-json\/wp\/v2\/posts\/37728\/revisions"}],"wp:attachment":[{"href":"https:\/\/www.freiburg-schwarzwald.de\/blog\/wp-json\/wp\/v2\/media?parent=37728"}],"wp:term":[{"taxonomy":"category","embeddable":true,"href":"https:\/\/www.freiburg-schwarzwald.de\/blog\/wp-json\/wp\/v2\/categories?post=37728"},{"taxonomy":"post_tag","embeddable":true,"href":"https:\/\/www.freiburg-schwarzwald.de\/blog\/wp-json\/wp\/v2\/tags?post=37728"}],"curies":[{"name":"wp","href":"https:\/\/api.w.org\/{rel}","templated":true}]}}