{"id":37648,"date":"2013-09-16T13:12:49","date_gmt":"2013-09-16T11:12:49","guid":{"rendered":"https:\/\/www.freiburg-schwarzwald.de\/blog\/?p=37648"},"modified":"2013-09-16T20:33:48","modified_gmt":"2013-09-16T18:33:48","slug":"mtb-marathons-sonke-wegner","status":"publish","type":"post","link":"https:\/\/www.freiburg-schwarzwald.de\/blog\/mtb-marathons-sonke-wegner\/","title":{"rendered":"MTB-Marathons &#8211; S\u00f6nke Wegner"},"content":{"rendered":"<p>Ein Globetrotter in Sachen <a title=\"MTB-Kirchzarten\" href=\"https:\/\/www.freiburg-schwarzwald.de\/blog\/sport\/sportlern\/biken\/mtb-kirchzarten\/\">Mountainbike<\/a> &#8211;\u00a0S\u00f6nke Wegner nimmt an <a title=\"Ultra-Bike\" href=\"https:\/\/www.freiburg-schwarzwald.de\/blog\/sport\/sportlern\/biken\/ultra-bike\/\">MTB-Marathons <\/a>auf der ganzen Welt teil\u00a0und berichtet dar\u00fcber.\u00a0Der in Freiburg geborene und in Kirchzarten aufgewachsene drei\u00dfigj\u00e4hrige Realschullehrer spielte bis zur C-Jugend beim <a title=\"Kirchzarten\" href=\"https:\/\/www.freiburg-schwarzwald.de\/blog\/regio\/orte\/kirchzarten\/\">SV Kirchzarten<\/a>. Dann entdeckte er das Snowboard, es wurde viele Jahre zu seiner Leidenschaft. Freestyle, Spr\u00fcnge, Fahren in der Halfpipe<!--more--> \u2013 je spektakul\u00e4rer, desto spannender f\u00fcr S\u00f6nke. Wettk\u00e4mpfe geh\u00f6rten ebenso zum Alltag wie Sommertraining auf Gletschern oder Fotoaufnahmen f\u00fcr Magazine. Intensives Ausdauer- und Krafttraining brachte die notwendige Fitness. Bei einem Sturz im Winter 2001 zog er sich einen Kreuzbandriss und doppelten Kiefernbruch zu. Die Reha machte ihn wieder fit, doch die Snowboard-Karriere war gelaufen.\u00a0An der P\u00e4dagogischen Hochschule Freiburg studierte S\u00f6nke Wegner Mathematik und Geografie f\u00fcr das Lehramt, machte an der \u201eRealschule am Giersberg\u201c in Kirchzarten sein Referendariat, jobbte als Krankheitsvertreter in Bad Krozingen und ging vor vier Jahren nach Basel. Hier betreut er an vier Tagen in der Sekundarstufe eine Klasse mit 25 Kindern. Freitag oder Montag hat er frei, was ihm Zeit f\u00fcr sein neues sportliches Hobby, den Radsport, verschafft. St\u00f6rend ist allerdings die t\u00e4gliche zweist\u00fcndige Pendelei zwischen seinem Wohnort Freiburg und Basel. Trotz der guten Arbeitsbedingungen in der Schweiz m\u00f6chte S\u00f6nke gerne wieder in Kirchzarten oder der Region arbeiten.<br \/>\nW\u00e4hrend des Studiums gestaltete der sympathische Sportsmann die Mountainbikeszene Kirchzartens mit. Er trainierte den MTB-Nachwuchs und geh\u00f6rte zu den Initiatoren des Lexware-Racing-Teams. \u201eEs machte mir viel Spa\u00df\u201c, erinnert sich S\u00f6nke Wegner, \u201edie Kids zu trainieren und ihnen das Gef\u00fchl f\u00fcr die M\u00f6glichkeiten des Bikes zu vermitteln.\u201c Er selbst hatte bereits erste MTB-Wettkampferfahrungen beim Ultra-Bike auf einem Focus-MTB von \u201eMike-the-Bike\u201c Mike Kluge, dem Sieger der ersten beiden Kirchzartener Veranstaltungen. 2004 und 2005 wurde S\u00f6nke Deutscher Hochschulmeister im Cross Country und im Marathon. Es waren dann fortan auch die langen Rennen, die ihn begeisterten.<\/p>\n<p>\u00a0<a href=\"https:\/\/www.freiburg-schwarzwald.de\/blog\/mtb-marathons-sonke-wegner\/wegner-mountinebike130907\/\" rel=\"attachment wp-att-37734\"><img loading=\"lazy\" decoding=\"async\" class=\"alignnone size-thumbnail wp-image-37734\" title=\"wegner-mountinebike130907\" src=\"https:\/\/www.freiburg-schwarzwald.de\/blog\/wp-content\/uploads\/2013\/09\/wegner-mountinebike130907-180x87.jpg\" alt=\"\" width=\"180\" height=\"87\" srcset=\"https:\/\/www.freiburg-schwarzwald.de\/blog\/wp-content\/uploads\/2013\/09\/wegner-mountinebike130907-180x87.jpg 180w, https:\/\/www.freiburg-schwarzwald.de\/blog\/wp-content\/uploads\/2013\/09\/wegner-mountinebike130907.jpg 640w\" sizes=\"auto, (max-width: 180px) 100vw, 180px\" \/><\/a><\/p>\n<p>In den Bergen Andalusiens startete S\u00f6nke Wegner beim \u201eAndalucia Bike Race Cordoba\u201c 2013 auf anspruchsvollen Strecken.\u00a0Fotos: Gerhard L\u00fcck\/Privat<\/p>\n<p>Bereits 2005 nahm er an der 24-Stunden-Weltmeisterschaft im Team Supernova in Ruhpolding teil und bestritt die \u201eGerman Bike Masters\u201c, eine MTB-Marathon-Serie. Bei vielen Marathonrennen in Frankreich, Italien, \u00d6sterreich und der Schweiz ging S\u00f6nke an den Start: \u201eDort sind die Strecken technisch viel anspruchsvoller als bei uns, mit vielen Singletrails, Steinen und Wurzeln.\u201c Manche Top-Ten-Platzierung kam dabei heraus. Mit Matthias Glaser nahm er 2012 am \u201eCap Epic\u201c, dem achtt\u00e4gigen Etappenrennen in S\u00fcdafrika teil. Diese \u201eTour de France der Mountainbiker\u201c geh\u00f6re zu den h\u00e4rtesten MTB-Rennen auf der Welt. Die beiden Kirchzartener kamen unter 450 Teams als 27. ins Ziel.\u00a0Und auch 2013 war S\u00f6nke Wegner wieder \u201eon Tour\u201c. Im Februar bestritt er mit Daniel Eiermann die f\u00fcnft\u00e4gige \u201eAndalusia Bike Race\u201c als 22. von 400 Teams. Ende Juni startete er in Kanada beim sieben Tage dauernden \u201eBC Bike-Race\u201c auf einem \u201eMediastartplatz\u201c. Um all seine Reisen zu finanzieren, schreibt S\u00f6nke als freier Mitarbeiter f\u00fcr das Bike-Magazin \u201eWorld of MTB\u201c. \u201eDas Rennen in Kanada, bei dem ich von 400 Teilnehmern Elfter wurde\u201c, freut sich Wegner, \u201ezeichnet sich durch rund neunzig Prozent Singletrails aus. Entsprechend hoch sind die technischen Anforderungen.\u201c Kaum aus Kanada zur\u00fcck, ging es f\u00fcr sechs Tage nach Polen zum \u201eSudety-MTB-Challenge\u201c \u00fcber 400 Kilometer und 12.000 H\u00f6henmeter. Auf den technisch anspruchsvollen Grenzwegen zwischen Polen und Tschechien kam S\u00f6nke unter 200 Startern als Dritter aufs Treppchen. Ende August war er dann auch im Wallis beim \u201eGrand Raid\u201c bei Verbier \u00fcber 125 Kilometer und 5.025 H\u00f6henmeter dabei. Und noch ist die Saison nicht zu Ende: \u201eDanach hoffe ich dann auf einen guten Schnee, um in der Langlaufloipe die Grundlagen f\u00fcr 2014 zu legen.\u201c Unter <a href=\"https:\/\/www.soenkewegner.blogspot.de\">https:\/\/www.soenkewegner.blogspot.de<\/a> \/\u00a0 sind spannende Berichte von S\u00f6nke zu finden!<br \/>\n12.9.2013, Gerhard L\u00fcck, <a href=\"https:\/\/www.dreisamtaeler.de\">www.dreisamtaeler.de<\/a><\/p>\n","protected":false},"excerpt":{"rendered":"<p>Ein Globetrotter in Sachen Mountainbike &#8211;\u00a0S\u00f6nke Wegner nimmt an MTB-Marathons auf der ganzen Welt teil\u00a0und berichtet dar\u00fcber.\u00a0Der in Freiburg geborene und in Kirchzarten aufgewachsene drei\u00dfigj\u00e4hrige Realschullehrer spielte bis zur C-Jugend beim SV Kirchzarten. Dann entdeckte er das Snowboard, es wurde &hellip; <a href=\"https:\/\/www.freiburg-schwarzwald.de\/blog\/mtb-marathons-sonke-wegner\/\">Weiterlesen <span class=\"meta-nav\">&rarr;<\/span><\/a><\/p>\n","protected":false},"author":4,"featured_media":0,"comment_status":"open","ping_status":"closed","sticky":false,"template":"","format":"standard","meta":{"footnotes":""},"categories":[75,124],"tags":[113,69],"class_list":["post-37648","post","type-post","status-publish","format-standard","hentry","category-biken","category-sportvereine-vereine","tag-fahrrad","tag-mtb"],"_links":{"self":[{"href":"https:\/\/www.freiburg-schwarzwald.de\/blog\/wp-json\/wp\/v2\/posts\/37648","targetHints":{"allow":["GET"]}}],"collection":[{"href":"https:\/\/www.freiburg-schwarzwald.de\/blog\/wp-json\/wp\/v2\/posts"}],"about":[{"href":"https:\/\/www.freiburg-schwarzwald.de\/blog\/wp-json\/wp\/v2\/types\/post"}],"author":[{"embeddable":true,"href":"https:\/\/www.freiburg-schwarzwald.de\/blog\/wp-json\/wp\/v2\/users\/4"}],"replies":[{"embeddable":true,"href":"https:\/\/www.freiburg-schwarzwald.de\/blog\/wp-json\/wp\/v2\/comments?post=37648"}],"version-history":[{"count":0,"href":"https:\/\/www.freiburg-schwarzwald.de\/blog\/wp-json\/wp\/v2\/posts\/37648\/revisions"}],"wp:attachment":[{"href":"https:\/\/www.freiburg-schwarzwald.de\/blog\/wp-json\/wp\/v2\/media?parent=37648"}],"wp:term":[{"taxonomy":"category","embeddable":true,"href":"https:\/\/www.freiburg-schwarzwald.de\/blog\/wp-json\/wp\/v2\/categories?post=37648"},{"taxonomy":"post_tag","embeddable":true,"href":"https:\/\/www.freiburg-schwarzwald.de\/blog\/wp-json\/wp\/v2\/tags?post=37648"}],"curies":[{"name":"wp","href":"https:\/\/api.w.org\/{rel}","templated":true}]}}