{"id":37629,"date":"2013-09-16T09:35:22","date_gmt":"2013-09-16T07:35:22","guid":{"rendered":"https:\/\/www.freiburg-schwarzwald.de\/blog\/?p=37629"},"modified":"2013-09-20T08:49:57","modified_gmt":"2013-09-20T06:49:57","slug":"bundestagswahl-2013-unter-18","status":"publish","type":"post","link":"https:\/\/www.freiburg-schwarzwald.de\/blog\/bundestagswahl-2013-unter-18\/","title":{"rendered":"Bundestagswahl 2013 unter 18"},"content":{"rendered":"<p><a title=\"Jugend\" href=\"https:\/\/www.freiburg-schwarzwald.de\/blog\/selbsthilfe\/jugend\/\">Jugend<\/a> w\u00e4hlt anders als\u00a0<a title=\"Familie\" href=\"https:\/\/www.freiburg-schwarzwald.de\/blog\/selbsthilfe\/familie\/\">Eltern<\/a> bzw. <a title=\"OmaOpa\" href=\"https:\/\/www.freiburg-schwarzwald.de\/blog\/selbsthilfe\/senioren\/omaopa\/\">Oma\/Opa <\/a>&#8211; stimmt nur bedingt. <a title=\"Kinder\" href=\"https:\/\/www.freiburg-schwarzwald.de\/blog\/selbsthilfe\/kinder\/\">Jugend<\/a> w\u00e4hlt eher links als konservativ &#8211; falsch. Bei der vom Deutschen Kinderhilfswerk organisierten <a title=\"Bundestagswahl 22. Sep 2013\" href=\"https:\/\/www.freiburg-schwarzwald.de\/blog\/bundestagswahl-22-sep-2013\/\">Bundestagswahl<\/a> der unter 18-J\u00e4hrigen wurde mit\u00a0 Klischees aufger\u00e4umt. CDU 30%, Gr\u00fcne 18.5%, SPD 17.9, Piraten 12.1, FDP 4.56 und Linke 4.5 (f\u00fcr BW). &#8222;Wahlbeteiligung n\u00fctzt links&#8220; &#8211; auch dieses Klischee gilt kaum, siehe Bayernwahl 15.9.2013.<!--more--><\/p>\n<p align=\"left\">\u00a0\u00a0<br \/>\n&#8222;Es wird ein Stein ins Rollen gebracht. Wichtig ist, dass die politisch Handelnden noch mehr erkennen, welche Chancen bei der U18-Initiative liegen [&#8230;].\u201c Urich Deppendorf, Leiter des ARD-Hauptstadtstudios im Interview zur U18-Bundestagswahl 2009<br \/>\n&#8222;U18 ist die Wahl f\u00fcr alle Kinder und Jugendlichen unter 18 Jahren. Neun Tage vor der Bundestagswahl d\u00fcrfen bundesweit alle Kinder und Jugendlichen unter 18 Jahren ihre Stimme abgeben, unter nur leicht ver\u00e4nderten Bedingungen. Wahllokale k\u00f6nnen \u00fcberall dort eingerichtet werden, wo sich Kinder und Jugendliche aufhalten: in Kinder- und Jugendfreizeiteinrichtungen, Schulen, Sportvereinen, Bibliotheken, auf \u00f6ffentlichen Stra\u00dfen und Pl\u00e4tzen in Form mobiler Wahllokale&#8230; Damit alle gut informiert ihr Kreuz machen k\u00f6nnen, finden im Vorfeld der Wahl viele verschiedene Aktionen der politischen Bildung statt. Die Wahlergebnisse werden noch am Wahlabend ausgewertet und ver\u00f6ffentlicht. &#8230;. Kinder und Jugendliche sollen dabei unterst\u00fctzt werden, Politik zu verstehen, Unterschiede in den Partei- und Wahlprogrammen zu erkennen und Versprechen von Politikerinnen und Politikern zu hinterfragen. Sie sollen so ihre eigenen Interessen erkennen und formulieren lernen, selbst Antworten auf politische Fragen finden &#8211; und aktiv ihre eigene Lebenswelt mitgestalten.&#8220;<\/p>\n<p align=\"left\">In der Steuerungsgruppe des U18-Wahlprojekts auf Bundesebene sind vertreten: <a href=\"https:\/\/www.dkhw.de\/cms\/\" target=\"_blank\">Das Deutsche Kinderhilfswerk<\/a>, <a href=\"https:\/\/www.dbjr.de\/\" target=\"_blank\">der Deutsche Bundesjugendring<\/a>, die Landesjugendringe, viele Jugendverb\u00e4nde und das Berliner U18-Netzwerk.<br \/>\n16.9.2013, mehr auf \u00a0<a href=\"https:\/\/www.u18.org\/bundestagswahl-2013\/\">https:\/\/www.u18.org\/bundestagswahl-2013\/<\/a>, <a href=\"https:\/\/www.u18.org\">www.u18.org<\/a><\/p>\n<p align=\"left\">Erstaunlich:<br \/>\nBei der B\u00fcrgermeinsterwahl in Singen 2012 lag die Wahlbeteiligung der erstmals zugelassenen 16-18j\u00e4hrigen nur bei 37 %.<br \/>\nDie Mitgliederanzahl der Jusos gibt von 300000 in 1973 auf 50000 in 2013 zur\u00fcck.<\/p>\n","protected":false},"excerpt":{"rendered":"<p>Jugend w\u00e4hlt anders als\u00a0Eltern bzw. Oma\/Opa &#8211; stimmt nur bedingt. Jugend w\u00e4hlt eher links als konservativ &#8211; falsch. Bei der vom Deutschen Kinderhilfswerk organisierten Bundestagswahl der unter 18-J\u00e4hrigen wurde mit\u00a0 Klischees aufger\u00e4umt. CDU 30%, Gr\u00fcne 18.5%, SPD 17.9, Piraten 12.1, &hellip; <a href=\"https:\/\/www.freiburg-schwarzwald.de\/blog\/bundestagswahl-2013-unter-18\/\">Weiterlesen <span class=\"meta-nav\">&rarr;<\/span><\/a><\/p>\n","protected":false},"author":4,"featured_media":0,"comment_status":"open","ping_status":"closed","sticky":false,"template":"","format":"standard","meta":{"footnotes":""},"categories":[18,60],"tags":[525,500,504],"class_list":["post-37629","post","type-post","status-publish","format-standard","hentry","category-bildung","category-jugend","tag-politik","tag-wahl","tag-weiterbildung"],"_links":{"self":[{"href":"https:\/\/www.freiburg-schwarzwald.de\/blog\/wp-json\/wp\/v2\/posts\/37629","targetHints":{"allow":["GET"]}}],"collection":[{"href":"https:\/\/www.freiburg-schwarzwald.de\/blog\/wp-json\/wp\/v2\/posts"}],"about":[{"href":"https:\/\/www.freiburg-schwarzwald.de\/blog\/wp-json\/wp\/v2\/types\/post"}],"author":[{"embeddable":true,"href":"https:\/\/www.freiburg-schwarzwald.de\/blog\/wp-json\/wp\/v2\/users\/4"}],"replies":[{"embeddable":true,"href":"https:\/\/www.freiburg-schwarzwald.de\/blog\/wp-json\/wp\/v2\/comments?post=37629"}],"version-history":[{"count":0,"href":"https:\/\/www.freiburg-schwarzwald.de\/blog\/wp-json\/wp\/v2\/posts\/37629\/revisions"}],"wp:attachment":[{"href":"https:\/\/www.freiburg-schwarzwald.de\/blog\/wp-json\/wp\/v2\/media?parent=37629"}],"wp:term":[{"taxonomy":"category","embeddable":true,"href":"https:\/\/www.freiburg-schwarzwald.de\/blog\/wp-json\/wp\/v2\/categories?post=37629"},{"taxonomy":"post_tag","embeddable":true,"href":"https:\/\/www.freiburg-schwarzwald.de\/blog\/wp-json\/wp\/v2\/tags?post=37629"}],"curies":[{"name":"wp","href":"https:\/\/api.w.org\/{rel}","templated":true}]}}