{"id":37481,"date":"2013-09-06T14:01:10","date_gmt":"2013-09-06T12:01:10","guid":{"rendered":"https:\/\/www.freiburg-schwarzwald.de\/blog\/?p=37481"},"modified":"2013-09-06T14:19:19","modified_gmt":"2013-09-06T12:19:19","slug":"kinderkrippen-frankreich-protest","status":"publish","type":"post","link":"https:\/\/www.freiburg-schwarzwald.de\/blog\/kinderkrippen-frankreich-protest\/","title":{"rendered":"Kinderkrippen Frankreich Protest"},"content":{"rendered":"<p>Seit Jahren wird uns die franz\u00f6sische <a title=\"Familie\" href=\"https:\/\/www.freiburg-schwarzwald.de\/blog\/selbsthilfe\/familie\/\">Familienpolitik<\/a> mit dem angeblich frauengerechten Ideal aus <a title=\"Kinderkrippe\" href=\"https:\/\/www.freiburg-schwarzwald.de\/blog\/bildung\/kinderkrippe\/\">Kinderbetreuung<\/a> (Krippe ab 10 Wochen, Ecole Maternelle 3-5 Jahre kostenlos) und Berufst\u00e4tigkeit (sp\u00e4testens 3 Monate nach Geburt) als Vorbild pr\u00e4sentiert. Schlie\u00dflich liegt in\u00a0F\u00a0die <a title=\"Baby\" href=\"https:\/\/www.freiburg-schwarzwald.de\/blog\/selbsthilfe\/kinder\/baby-2\/\">Geburtenrate<\/a> bei 2.1 <a title=\"Kinder\" href=\"https:\/\/www.freiburg-schwarzwald.de\/blog\/selbsthilfe\/kinder\/\">Kindern<\/a> pro Frau, in D nur bei\u00a01.4.\u00a0Gleichwohl wenden sich immer mehr <a title=\"France\" href=\"https:\/\/www.freiburg-schwarzwald.de\/blog\/global\/france\/\">Franz\u00f6sinnen<\/a> von dieser Familienpolitik ab,<img decoding=\"async\" title=\"Weiterlesen \u2026\" src=\"https:\/\/www.freiburg-schwarzwald.de\/blog\/wp-includes\/js\/tinymce\/plugins\/wordpress\/img\/trans.gif\" alt=\"\" \/> <!--more-->da der pers\u00f6nliche Preis einer Entfremdung von Mutter und Kind zu hoch sei.\u00a0&#8222;Auf diese Weise entsteht eine Gesellschaft, in der Erwachsene ungest\u00f6rt ihrer Arbeit und sogar ihren Hobbys nachgehen k\u00f6nnen, aber keine wirkliche Beziehung zu ihren Kindern aufbauen. Denn eine Beziehung braucht Zeit und auch Raum. Und genau das fehlt in Frankreich&#8220;, so der seit 24 Jahren in Lyon praktizierende\u00a0Kinderarzt und Psychotherapeut Adrian Serban, im Juli 2013 Mitbegr\u00fcnder der &#8222;Association pour l&#8217;Attachement et l&#8217;Autonomie&#8220; bzw. &#8222;Verein f\u00fcr Bindung und Selbst\u00e4ndigkeit&#8220;.<\/p>\n<p>Ab der 10. Lebenswoche und sp\u00e4testens im Alter von 3 Monaten geben Franz\u00f6sinnen ihr Kind in die Krippe. Doch die in Deutschland so hoch gepriesene fr\u00fche staatliche Betreuung (Krippe, dann Ecole Maternelle) f\u00fchrt in Frankreich dazu, dass sich Frauen von ihren Kindern zunehmend entfremdet f\u00fchlen.<\/p>\n<p>Viele M\u00fctter w\u00fcrden l\u00e4nger bei ihren Kindern zuhause bleiben, sie bringen ihren Nachwuchs jedoch aus drei Gr\u00fcnden nach sp\u00e4testens drei Monaten in die Krippe:<br \/>\n1. Auch in Frankreich mangelt es an Betreuungspl\u00e4tzen, Pr\u00e4s. Hollande will 300000 neue Pl\u00e4tze bis 2016 einrichten<br \/>\n2. Le regard des autres, also der &#8222;Strenge Blick der anderen&#8220; propagiert ein Bild der modernen, emanzipierten Franz\u00f6sin, die schon kurz nach der Geburt eines Kindes (immer) berufst\u00e4tig ist, gro\u00dfenteils sogar in Vollzeit.<br \/>\n3. Gefahr des Verlustes eines Krippenplatzes, wenn das Vierteljahr ab Geburt verstrichen ist.<br \/>\n<!-- RSPEAK_STOP --><\/p>\n<p>Die meisten M\u00fctter, die ihren Kindern die Brust geben und nach drei Monaten die Arbeit wieder aufnehmen, stillen vorher ab (in F bekommen weniger als 10% der 6 Monate alten Kinder die Brust, in D sind es 40%).<\/p>\n<p>In Frankreich gibt es \u00fcberhaupt keine Mutter-Kind-Kliniken. In einer Unicef-Studie, die Kinder zu ihrer Beziehung zu den Eltern befragt, steht Frankreich auf dem 30. und damit letzten Platz. Frankreich ist in der EU Spitzenreiter am Verbrauch von Antidepressive f\u00fcr Kinder.<\/p>\n<p>Ecole Maternelle, die einer Vorschule gleicht. Die \u00c4rztin Marie Levasseur:\u00a0Hier geht es weniger um die Entfaltung der Pers\u00f6nlichkeit eines Kindes, sondern darum, ihm beizubringen, ein Sch\u00fcler zu werden. Langes Stillsitzen wird systematisch einge\u00fcbt. Es gibt Noten zwischen 1 und 5. Freies Spiel oder gar Eigensinn stehen nicht im p\u00e4dagogischen Konzept. Unsauber gemalte Bilder werden vor den Augan der anderen Kinder zerrissen.<\/p>\n<p>Die Tradition der Ammen reicht bis weit ins 20. Jahrhundert hinein: Wohlhabende geben ihr KInd kurz nach der Geburt aufs Land zu einer Amme. Eltern besuchen das Kind kaum und holen es erst nach 2-3 Jahren zu sich. EIn Grnd: Die Mutter sollte m\u00f6glichst rasch wieder schwanger werden, und da st\u00f6rt das empf\u00e4ngnisverz\u00f6gernde Stillen.<\/p>\n<p>Familien mit mehr als 3 Kindern zahlen in F kaum Steuern. Kindergeld gibt es erst ab dem 2. Kind. Die Frauen &#8222;bekomen so viele Kinder, gerade weil sie sich nicht um die Kinder k\u00fcmmern m\u00fcssen!&#8220;, so Adrian Serban.<\/p>\n<p>Die &#8222;Fondation pour l&#8217;Enfance&#8220; (der franz. Kinderschutzbund) beklagt: Nach wie vor wird jungen franz\u00f6sischen Eltern vermittelt, dass eine fr\u00fche Trennung aus ihren Kindern sp\u00e4ter selbst\u00e4ndige Erwachsene mache und dass der zeitige Eintritt in die sogenannte Collectivit\u00e9 (also Krippe + Kindergarten Ecole Maternelle) wichtig sei f\u00fcr ihre Entwicklung zu sozialen Wesen.<\/p>\n<p>Frankreich hat vor 20 Jahren die UN-Kinderrechtskonvention ratifiziert, aber in F gibt es immer noch kein Gesetz, das Eltern das Schlage ihrer Kinder verbietet. &#8222;\u00dcber 80% Der franz\u00f6sischen Eltern benutzen Ohrfeige (claque) oder Schl\u00e4ge auf den Popo (une fess\u00e9s) regelm\u00e4\u00dfig , um ihre Kinder zur Raison zu bringen&#8220; (\u00c4rztin Marie Levasseur in einer Untersuchung).<\/p>\n<p>Seit Fr\u00fchjahr 2013 formiert sich in Frankreich eine Bewegung der T\u00f6chter der &#8222;Superffrauen&#8220;, die unter Emanzipation nicht mehr nur Vollzeitberufst\u00e4tigkeit und fr\u00fches Abl\u00f6sen von ihren Kindern versteht, sondern eine l\u00e4ngere und intensive Bindung zum eigenen Kind bef\u00fcrworten.<br \/>\n6.9.2013<\/p>\n<p>Association pour l&#8217;Attachement et l&#8217;Autonomie<br \/>\n<a href=\"https:\/\/www.troisa.org\">www.troisa.org<\/a><br \/>\n<a href=\"https:\/\/leblogdetroisa.blogspot.de\/\">https:\/\/leblogdetroisa.blogspot.de\/<\/a><br \/>\n\u00a0\u00a0<br \/>\nElternzeitschrift &#8222;Grandir autrement&#8220; fordert mehr Bindung und N\u00e4he zwischen Mutter und Kind:<br \/>\n<a href=\"https:\/\/www.grandirautrement.com\/\">www.grandirautrement.com<\/a>\u00a0<br \/>\n\u00a0\u00a0<br \/>\nLiebe auf Distanz, Die fr\u00fche staatliche Betreuung in Frankreich hat ihren Preis &#8211; Frauen f\u00fchlen sich zunehmend entfremdet von ihren Kindern.<br \/>\nMargarete Moulin, <a href=\"https:\/\/www.zeit.de\/\">www.zeit.de<\/a> , Nr.37, 5.9.2013, S. 65-66<\/p>\n","protected":false},"excerpt":{"rendered":"<p>Seit Jahren wird uns die franz\u00f6sische Familienpolitik mit dem angeblich frauengerechten Ideal aus Kinderbetreuung (Krippe ab 10 Wochen, Ecole Maternelle 3-5 Jahre kostenlos) und Berufst\u00e4tigkeit (sp\u00e4testens 3 Monate nach Geburt) als Vorbild pr\u00e4sentiert. Schlie\u00dflich liegt in\u00a0F\u00a0die Geburtenrate bei 2.1 Kindern &hellip; <a href=\"https:\/\/www.freiburg-schwarzwald.de\/blog\/kinderkrippen-frankreich-protest\/\">Weiterlesen <span class=\"meta-nav\">&rarr;<\/span><\/a><\/p>\n","protected":false},"author":4,"featured_media":0,"comment_status":"open","ping_status":"closed","sticky":false,"template":"","format":"standard","meta":{"footnotes":""},"categories":[79,195,58,59,61,93],"tags":[521,488,721],"class_list":["post-37481","post","type-post","status-publish","format-standard","hentry","category-arbeit","category-eu","category-familie","category-frauen","category-kinder","category-kindergarten","tag-family","tag-child","tag-kindergarten"],"_links":{"self":[{"href":"https:\/\/www.freiburg-schwarzwald.de\/blog\/wp-json\/wp\/v2\/posts\/37481","targetHints":{"allow":["GET"]}}],"collection":[{"href":"https:\/\/www.freiburg-schwarzwald.de\/blog\/wp-json\/wp\/v2\/posts"}],"about":[{"href":"https:\/\/www.freiburg-schwarzwald.de\/blog\/wp-json\/wp\/v2\/types\/post"}],"author":[{"embeddable":true,"href":"https:\/\/www.freiburg-schwarzwald.de\/blog\/wp-json\/wp\/v2\/users\/4"}],"replies":[{"embeddable":true,"href":"https:\/\/www.freiburg-schwarzwald.de\/blog\/wp-json\/wp\/v2\/comments?post=37481"}],"version-history":[{"count":0,"href":"https:\/\/www.freiburg-schwarzwald.de\/blog\/wp-json\/wp\/v2\/posts\/37481\/revisions"}],"wp:attachment":[{"href":"https:\/\/www.freiburg-schwarzwald.de\/blog\/wp-json\/wp\/v2\/media?parent=37481"}],"wp:term":[{"taxonomy":"category","embeddable":true,"href":"https:\/\/www.freiburg-schwarzwald.de\/blog\/wp-json\/wp\/v2\/categories?post=37481"},{"taxonomy":"post_tag","embeddable":true,"href":"https:\/\/www.freiburg-schwarzwald.de\/blog\/wp-json\/wp\/v2\/tags?post=37481"}],"curies":[{"name":"wp","href":"https:\/\/api.w.org\/{rel}","templated":true}]}}