{"id":37425,"date":"2013-09-05T10:13:43","date_gmt":"2013-09-05T08:13:43","guid":{"rendered":"https:\/\/www.freiburg-schwarzwald.de\/blog\/?p=37425"},"modified":"2013-09-05T10:13:43","modified_gmt":"2013-09-05T08:13:43","slug":"atomenergie-indien-film","status":"publish","type":"post","link":"https:\/\/www.freiburg-schwarzwald.de\/blog\/atomenergie-indien-film\/","title":{"rendered":"Atomenergie Indien &#8211; Film"},"content":{"rendered":"<p>&#8218;High Power&#8216; &#8211;\u00a0<a title=\"AKW\" href=\"https:\/\/www.freiburg-schwarzwald.de\/blog\/energie\/akw\/\">Atomenergie<\/a> in Indien, diesen Film zeigt die Anti-Atom-Gruppe Freiburg am\u00a015. 9.2013 um 19 Uhr, in der Schreinerei Wittich, Haslacher Str. 25.\u00a0Der indische Regisseur Pradeep Indulkar ist\u00a0anwesend. Es gibt indische Musik\u00a0und indisches Essen. Mitveranstalter: Deutsch-Indische Gesellschaft, <a title=\"EineWelt\" href=\"https:\/\/www.freiburg-schwarzwald.de\/blog\/global\/einewelt\/\">Eine-Welt-Forum<\/a>, Menschenrechte 3000, EVOtrinova, <a title=\"Frieden\" href=\"https:\/\/www.freiburg-schwarzwald.de\/blog\/engagement\/zukunft\/frieden\/\">Friedensforum Freiburg<\/a>\u00a0und Evangelische Studierenden Gemeinde.<!--more--><\/p>\n<p>Selten dringen Nachrichten \u00fcber den Ausbau der Atomenergie und den Widerstand der Bev\u00f6lkerung hiergegen bis nach Deutschland. Zuletzt sorgte der Tod eines Demonstranten bei Protesten am AKW Kudankulam im S\u00fcden Indiens im September 2012 f\u00fcr internationale Schlagzeilen. Doch nicht nur im S\u00fcden Indiens im Bundesstaat Tamil Nadu wurde 2002 mit dem Bau eines weiteren Atom-Reaktors begonnen. Der Film &#8218;High Power&#8216; erz\u00e4hlt von den Folgen des Baus des ersten indischen Atomkraftwerks in den 1960er Jahren. Die lokale Bev\u00f6lkerung verlor Land, Fischgr\u00fcnde und Gesundheit. Der Film wurde dieses Jahr in Rio de Janeiro mit dem Yellow Oscar in der Kategorie Dokumentarfilm ausgezeichnet. Pradeep Indulkar arbeitete einst als Ingenieur in der Atomforschung. Inzwischen engagiert er sich f\u00fcr den Umweltschutz und gegen Atomkraftwerke.<br \/>\nNach der Filmvorf\u00fchrung berichtet Pradeep Indulkar \u00fcber den gewaltfreien Widerstand gegen die geplante Atomanlage in Jaitapur. Jaitapur liegt s\u00fcdlich von Mumbai an der Westk\u00fcste Indiens in einem Erdbebengebiet. Der Atomkonzern Areva plant dort das gr\u00f6\u00dfte Atomkraftwerk der Welt &#8211; sechs Reaktoren mit einer Gesamtleistung von 9.900 Megawatt. Die Bundesregierung soll den Bau des Atomkraftwerkes in Indien mit Hermesb\u00fcrgschaften unterst\u00fctzen.<br \/>\n5.9.2013, Ingo Falk, <a href=\"https:\/\/www.antiatomfreiburg.de\">www.antiatomfreiburg.de<\/a><\/p>\n","protected":false},"excerpt":{"rendered":"<p>&#8218;High Power&#8216; &#8211;\u00a0Atomenergie in Indien, diesen Film zeigt die Anti-Atom-Gruppe Freiburg am\u00a015. 9.2013 um 19 Uhr, in der Schreinerei Wittich, Haslacher Str. 25.\u00a0Der indische Regisseur Pradeep Indulkar ist\u00a0anwesend. Es gibt indische Musik\u00a0und indisches Essen. Mitveranstalter: Deutsch-Indische Gesellschaft, Eine-Welt-Forum, Menschenrechte 3000, &hellip; <a href=\"https:\/\/www.freiburg-schwarzwald.de\/blog\/atomenergie-indien-film\/\">Weiterlesen <span class=\"meta-nav\">&rarr;<\/span><\/a><\/p>\n","protected":false},"author":4,"featured_media":0,"comment_status":"open","ping_status":"closed","sticky":false,"template":"","format":"standard","meta":{"footnotes":""},"categories":[164,52,36,172],"tags":[163,520,443],"class_list":["post-37425","post","type-post","status-publish","format-standard","hentry","category-akw","category-einewelt","category-engagement","category-zukunft","tag-atomkraft","tag-frieden","tag-termin"],"_links":{"self":[{"href":"https:\/\/www.freiburg-schwarzwald.de\/blog\/wp-json\/wp\/v2\/posts\/37425","targetHints":{"allow":["GET"]}}],"collection":[{"href":"https:\/\/www.freiburg-schwarzwald.de\/blog\/wp-json\/wp\/v2\/posts"}],"about":[{"href":"https:\/\/www.freiburg-schwarzwald.de\/blog\/wp-json\/wp\/v2\/types\/post"}],"author":[{"embeddable":true,"href":"https:\/\/www.freiburg-schwarzwald.de\/blog\/wp-json\/wp\/v2\/users\/4"}],"replies":[{"embeddable":true,"href":"https:\/\/www.freiburg-schwarzwald.de\/blog\/wp-json\/wp\/v2\/comments?post=37425"}],"version-history":[{"count":0,"href":"https:\/\/www.freiburg-schwarzwald.de\/blog\/wp-json\/wp\/v2\/posts\/37425\/revisions"}],"wp:attachment":[{"href":"https:\/\/www.freiburg-schwarzwald.de\/blog\/wp-json\/wp\/v2\/media?parent=37425"}],"wp:term":[{"taxonomy":"category","embeddable":true,"href":"https:\/\/www.freiburg-schwarzwald.de\/blog\/wp-json\/wp\/v2\/categories?post=37425"},{"taxonomy":"post_tag","embeddable":true,"href":"https:\/\/www.freiburg-schwarzwald.de\/blog\/wp-json\/wp\/v2\/tags?post=37425"}],"curies":[{"name":"wp","href":"https:\/\/api.w.org\/{rel}","templated":true}]}}