{"id":3735,"date":"2012-05-24T07:33:33","date_gmt":"2012-05-24T07:33:33","guid":{"rendered":"https:\/\/www.freiburg-schwarzwald.de\/blog\/?p=3735"},"modified":"2012-05-24T07:37:54","modified_gmt":"2012-05-24T07:37:54","slug":"alemannisch-im-dreilandereck-veranderung-der-regionaldialekte","status":"publish","type":"post","link":"https:\/\/www.freiburg-schwarzwald.de\/blog\/alemannisch-im-dreilandereck-veranderung-der-regionaldialekte\/","title":{"rendered":"Alemannisch im Dreil\u00e4ndereck &#8211; Ver\u00e4nderung der Regionaldialekte"},"content":{"rendered":"<p>Freund ist Fr\u00fcnd und Frend und Freind&#8230; Hoch-, H\u00f6chst- und Niederalemannisch ist immer wieder abgegrenzt worden, von West nach Ost, von Nord nach S\u00fcd. Aber wie und was spricht der <a title=\"Alemannisch\" href=\"https:\/\/www.freiburg-schwarzwald.de\/blog\/kultur\/alemannisch\/\">Alemanne<\/a> heutzutage wirklich? Spricht er (oder sie) noch so wie es in den Alemannischen Lexika erforscht oder im S\u00fcdwestdeutschen Sprachatlas vor vierzig Jahren r\u00e4umlich abgegrenzt wurde? Der Sprachwissenschaftler Philipp Stoeckle (33) von der Uni Freiburg stellte im BZ-Haus Ergebnisse einer Studie vor: &#8222;Regionaldialekt im <a title=\"Trirhena\" href=\"https:\/\/www.freiburg-schwarzwald.de\/blog\/regio\/trirhena\/\">Dreil\u00e4ndereck<\/a>&#8222;. Die Daten stammen aus einer Befragung von rund 220 Personen aus 38 Orten im Gebiet zwischen Herbolzheim im Norden und Bad S\u00e4ckingen im S\u00fcden. Dazu einige Orte am schweizerischen Hochrhein und im els\u00e4ssischen Frankreich. <!--more-->Seltsamerweise ist die niederalemannische Ortenau nicht dabei und die per Annoncen und Aufrufen in Vereinen gefundenen Personen mussten nicht zwingend alemannisch sprechen k\u00f6nnen. Ob so ein umfassend recherchiertes Standardwerk aktualisiert werden kann, ist zu hinterfragen, vielleicht wird die Datengrundlage ja noch verbreitert. Jeder Testperson wurden 40 standardisierte Abfrages\u00e4tze mit insgesamt 66 eingebauten sprachlichen Ph\u00e4nomenen vorgelegt. Bei: &#8222;Er hat sich den Kopf angeschlagen&#8220; etwa kam es auf die Aussprache von &#8222;hat&#8220; und &#8222;Kopf&#8220; an. Het, hot, Chopf, Chupf sind dabei herausgekommen, in anderen S\u00e4tzen ging es um F\u00fc\u00df&#8220; und Fie\u00df, um Zittig oder Zittung.<br \/>\nErgebnis: Es gibt grundlegende Unterschiede zwischen dem Elsass und S\u00fcdbaden und der Schweiz. Am liebsten h\u00f6ren die Alemannen ihren jeweils eigenen Dialekt, am wenigsten Mundart wird in St\u00e4dten wie Freiburg gesprochen, am meisten im Hotzenwald und in der Schweiz sowieso, im Elsass ist es zum Teil sehr schwierig, \u00fcberhaupt noch Dialektsprecher zu finden. &#8222;Das ist eine sch\u00f6ne Doktorarbeit. Aber etwas wirklich Neues habe ich nicht erfahren&#8220;, formulierte Klaus Poppen, &#8222;Alt-Pr\u00e4si&#8220; der Muettersprochgsellschaft wie \u00fcblich drastisch seine Entt\u00e4uschung, dass \u00fcber dem Sammeln von Daten und ihrer mathematischen Verarbeitung und grafischen Pr\u00e4sentation hinaus offen bleibt, warum sich Dialekt ver\u00e4ndert und weshalb dialektsprachliche Identit\u00e4t in der Schweiz so immens stark geworden und hierzulande r\u00fcckl\u00e4ufig ist. Oder ging es gar nicht um Dialekt, sondern um Umgangssprache? &#8222;Man braucht eine Datengrundlage&#8220;, nahm Johanna Regnath, Gesch\u00e4ftsf\u00fchrerin des Vereins Alemannisches Institut Freiburg die Forscher in Schutz, r\u00e4umte aber ein, dass gesellschaftliche Faktoren \u2013 bis hin zur Migration \u2013 hinzugezogen werden m\u00fcssen. Insbesondere bei der Frage, ob der Dialekt das &#8222;Dreyeckland&#8220; noch verbindet. Die neue Studie n\u00e4hrt n\u00e4mlich den Verdacht, dass die Landes- zugleich Sprachgrenzen blieben oder wieder geworden sind.<br \/>\nHeinz Siebold<!-- RSPEAK_STOP --><\/p>\n","protected":false},"excerpt":{"rendered":"<p>Freund ist Fr\u00fcnd und Frend und Freind&#8230; Hoch-, H\u00f6chst- und Niederalemannisch ist immer wieder abgegrenzt worden, von West nach Ost, von Nord nach S\u00fcd. Aber wie und was spricht der Alemanne heutzutage wirklich? Spricht er (oder sie) noch so wie &hellip; <a href=\"https:\/\/www.freiburg-schwarzwald.de\/blog\/alemannisch-im-dreilandereck-veranderung-der-regionaldialekte\/\">Weiterlesen <span class=\"meta-nav\">&rarr;<\/span><\/a><\/p>\n","protected":false},"author":2,"featured_media":0,"comment_status":"open","ping_status":"closed","sticky":false,"template":"","format":"standard","meta":{"footnotes":""},"categories":[212,105],"tags":[],"class_list":["post-3735","post","type-post","status-publish","format-standard","hentry","category-alemannisch","category-trirhena"],"_links":{"self":[{"href":"https:\/\/www.freiburg-schwarzwald.de\/blog\/wp-json\/wp\/v2\/posts\/3735","targetHints":{"allow":["GET"]}}],"collection":[{"href":"https:\/\/www.freiburg-schwarzwald.de\/blog\/wp-json\/wp\/v2\/posts"}],"about":[{"href":"https:\/\/www.freiburg-schwarzwald.de\/blog\/wp-json\/wp\/v2\/types\/post"}],"author":[{"embeddable":true,"href":"https:\/\/www.freiburg-schwarzwald.de\/blog\/wp-json\/wp\/v2\/users\/2"}],"replies":[{"embeddable":true,"href":"https:\/\/www.freiburg-schwarzwald.de\/blog\/wp-json\/wp\/v2\/comments?post=3735"}],"version-history":[{"count":0,"href":"https:\/\/www.freiburg-schwarzwald.de\/blog\/wp-json\/wp\/v2\/posts\/3735\/revisions"}],"wp:attachment":[{"href":"https:\/\/www.freiburg-schwarzwald.de\/blog\/wp-json\/wp\/v2\/media?parent=3735"}],"wp:term":[{"taxonomy":"category","embeddable":true,"href":"https:\/\/www.freiburg-schwarzwald.de\/blog\/wp-json\/wp\/v2\/categories?post=3735"},{"taxonomy":"post_tag","embeddable":true,"href":"https:\/\/www.freiburg-schwarzwald.de\/blog\/wp-json\/wp\/v2\/tags?post=3735"}],"curies":[{"name":"wp","href":"https:\/\/api.w.org\/{rel}","templated":true}]}}