{"id":37161,"date":"2013-08-29T10:20:20","date_gmt":"2013-08-29T08:20:20","guid":{"rendered":"https:\/\/www.freiburg-schwarzwald.de\/blog\/?p=37161"},"modified":"2013-08-31T10:29:55","modified_gmt":"2013-08-31T08:29:55","slug":"sandfang-dreisam-laerm-nachts","status":"publish","type":"post","link":"https:\/\/www.freiburg-schwarzwald.de\/blog\/sandfang-dreisam-laerm-nachts\/","title":{"rendered":"Sandfang Dreisam Laerm nachts"},"content":{"rendered":"<p>Die <a title=\"Dreisam\" href=\"https:\/\/www.freiburg-schwarzwald.de\/blog\/regio\/fluss\/dreisam\/\">Dreisam<\/a> mit\u00a0sauberem Wasser, schattenspendenden B\u00e4umen, gr\u00fcnen Uferwiesen\u00a0und <a title=\"Dreisamuferweg\" href=\"https:\/\/www.freiburg-schwarzwald.de\/blog\/regio\/verkehr\/fahrradwege\/dreisamuferweg\/\">Dreisamuferweg<\/a> &#8211; eine einmalig sch\u00f6ne Zone f\u00fcr<a title=\"Oeffentlicher-Raum\" href=\"https:\/\/www.freiburg-schwarzwald.de\/blog\/kultur\/oeffentlicher-raum\/\"> Begegnung und Erholungszone<\/a>\u00a0quer durch die Stadt Freiburg, von Ebnet bis Lehen. Wenn nur nicht der <a title=\"Abfall\" href=\"https:\/\/www.freiburg-schwarzwald.de\/blog\/natur\/umwelt\/abfall\/\">M\u00fcll<\/a> und <a title=\"Laerm\" href=\"https:\/\/www.freiburg-schwarzwald.de\/blog\/natur\/umwelt\/laerm\/\">L\u00e4rm als Umweltgift Nr. 1<\/a> w\u00e4re.\u00a0Vor allem die\u00a0laute Musik mit den<a title=\"Musik\" href=\"https:\/\/www.freiburg-schwarzwald.de\/blog\/kultur\/musik\/\"> tiefen B\u00e4ssen<\/a>, die ab 22 Uhr die Nacht hindurch wummert und Schlaf unm\u00f6glich macht, auch am <a title=\"Sandfang\" href=\"https:\/\/www.freiburg-schwarzwald.de\/blog\/regio\/freiburg\/sandfang\/\">Sandfang<\/a> in der Oberau.<!--more--><\/p>\n<p><strong>Dreisam wird immer mehr zur Partyzone \u2013 Anwohner ver\u00e4rgert<br \/>\n<\/strong>Sie r\u00fccken mit Bierkisten und Grillgut an und trommeln laut Anwohnern stundenlang auf Bongos: F\u00fcr Jugendliche wird die Dreisam immer mehr zur Partyzone. Die Stadt will den Konflikt l\u00f6sen. Der Freiburger Osten kommt nicht zur Ruhe. Nachdem die n\u00e4chtlichen Ruhest\u00f6rungen im Bereich der Sternwaldwiese offensichtlich nachgelassen haben, r\u00fcckt jetzt offenbar der Sandfangweg immer mehr in den Fokus feiernder Jugendlicher. Bewohner aus dem benachbarten Wohngebiet wollen sich das nicht l\u00e4nger gefallen lassen.<br \/>\nSeit acht Jahren wohnt Georg Hau\u00df nur einen Steinwurf von der Liegewiese am Sandfangweg entfernt. Vor allem die Ruhe und die unmittelbare N\u00e4he zum Waldrand und zur Dreisam waren es, die ihn bewogen haben, dorthin zu ziehen. Doch seit einiger Zeit ist es nach seinen Schilderungen vorbei mit der Beschaulichkeit \u2013 zumindest an lauen Sommerabenden. Dann wird die Liegewiese vor seinem Fenster zur Partyzone. &#8222;Von Jahr zu Jahr kommen mehr Feierfreudige&#8220;, so seine Beobachtung. Dass die Rasenfl\u00e4che tags\u00fcber an sch\u00f6nen Sommertagen von Erholungssuchenden dicht belagert ist, st\u00f6rt ihn nicht: &#8222;Niemand hat was gegen das Freizeitvergn\u00fcgen an der Dreisam.&#8220;<br \/>\nAnwohner fordern Kontrollen: Kein Verst\u00e4ndnis hat er allerdings, dass die Liegewiese bei sch\u00f6nem Wetter nicht selten bis in die fr\u00fchen Morgenstunden geradezu okkupiert werde. Besonders f\u00fchlen sich die Anwohner vom L\u00e4rm mitgebrachter Musikmaschinen mit besonders tief eingestellten B\u00e4ssen sowie dem oft stundenlangen Trommeln auf Bongos gest\u00f6rt. Dazu komme, dass weit und breit keine Toilette vorhanden sei und die Notdurft unter B\u00fcschen in der unmittelbaren Umgebung verrichtet werde. &#8222;Etliche Gruppen r\u00fccken in den fr\u00fchen Abendstunden mit kompletter Grillausr\u00fcstung samt diversen Bierkisten an \u2013 und hinterlassen nach ihrem Abzug in den fr\u00fchen Morgenstunden ein mit M\u00fcll und Scherben \u00fcbers\u00e4tes Gel\u00e4nde&#8220;, \u00e4rgert sich eine Nachbarin aus der ebenfalls betroffene Neumattenstra\u00dfe, die ihren Namen nicht in der Zeitung lesen m\u00f6chte. Um die Zust\u00e4nde kurzfristig zu \u00e4ndern, kommt von den Anwohnern aus dem Bereich des Sandfangwegs und der Neumattenstra\u00dfe der Vorschlag, die Einhaltung der gesetzlich vorgeschriebenen Ruhezeit ab 22\u2005Uhr durch den Gemeindevollzugsdienst kontrollieren zu lassen.<\/p>\n<p>Stadt will Konzept vorlegen: Der B\u00fcrgerverein Oberwiehre-Waldsee geht davon aus, dass durch das Anlegen von zwei oder drei festen Grillpl\u00e4tzen die derzeit unbefriedigende Situation deutlich verbessert werden k\u00f6nnte. Ein auf Initiative der Stadtteilvertretung ins Leben gerufener &#8222;runder Tisch&#8220; hat in den vergangenen Monaten dazu konkrete Vorschl\u00e4ge erarbeitet. Das Garten- und Tiefbauamt sowie das Umweltschutzamt sind augenblicklich dabei, im Rahmen der geplanten Dreisam-Renaturierung entsprechende Standorte festzulegen. Wie Pressesprecherin Martina Schickle von der Stadt Freiburg auf Anfrage mitteilte, sind f\u00fcr jedermann nutzbare Grillfl\u00e4chen fernab der Wohnbebauung vorgesehen. Geplante &#8222;Freizeitzonen&#8220;, die eine solche Nutzung erm\u00f6glichen, seien unter anderem auf H\u00f6he der Jugendherberge im Bereich des Ottilienstegs denkbar. &#8222;Sobald ein fertiges Konzept vorliegt, muss es die politischen Gremien passieren&#8220;, so Schickle zum Weg des Verfahrens.<br \/>\nGeorg Hau\u00df hofft, dass eine solche L\u00f6sung nicht auf den Sankt-Nimmerleins-Tag verschoben, sondern m\u00f6glichst rasch in die Tat umgesetzt wird. &#8222;Auch die Anwohner der Liegewiese am Sandfangweg haben einen Anspruch auf n\u00e4chtlichen Schlaf&#8220;, betont Hau\u00df.<br \/>\n29.8.2013, Andreas Peikert<\/p>\n<p><a href=\"https:\/\/www.freiburg-schwarzwald.de\/blog\/baden-in-dreisam-am-sandfang\/dreisam4sandfang-baden1130812\/\" rel=\"attachment wp-att-36444\"><img loading=\"lazy\" decoding=\"async\" class=\"alignnone size-thumbnail wp-image-36444\" title=\"dreisam4sandfang-baden1130812\" src=\"https:\/\/www.freiburg-schwarzwald.de\/blog\/wp-content\/uploads\/2013\/08\/dreisam4sandfang-baden1130812-180x135.jpg\" alt=\"\" width=\"180\" height=\"135\" srcset=\"https:\/\/www.freiburg-schwarzwald.de\/blog\/wp-content\/uploads\/2013\/08\/dreisam4sandfang-baden1130812-180x135.jpg 180w, https:\/\/www.freiburg-schwarzwald.de\/blog\/wp-content\/uploads\/2013\/08\/dreisam4sandfang-baden1130812.jpg 640w\" sizes=\"auto, (max-width: 180px) 100vw, 180px\" \/><\/a>\u00a0 Baden in der Dreisam\u00a0am Sandfang am 12.8.2013<\/p>\n<p><strong>Ey Leute &#8211; bleibt doch locker<\/strong><br \/>\nEy Leute &#8211; bleibt doch locker! Wir wollen doch nur ganz friedlich ein ganz klein bisschen Fun haben. Ist doch nicht unser Problem, wenn ihr Spie\u00dfer poofen wollt, wenn wir ein bisschen Mucke mitbringen. Cool bleiben! Wir sind locker &#8211; wir k\u00f6nnen auspoofen. Ihr nicht? Hey &#8211; falschen Job gew\u00e4hlt! Und wenn&#8217;s euch nicht passt? Wie w\u00e4r&#8217;s mit wegziehen??<br \/>\n29.8.2013, Andreas M\u00fcller<br \/>\n\u00a0\u00a0\u00a0<br \/>\n<strong>Ich bin eine von den Spie\u00dferinnen<\/strong><br \/>\nHallo ich bin eine von den &#8222;Spiesserinnen&#8220; die Nachts schlafen m\u00fcssen, damit sie am n\u00e4chsten morgen um 6 aufstehen k\u00f6nnen um ihrem spiesigen Job nachzugehen um die coolen Sozialabgaben zu zahlen, von denen andere die nicht so fr\u00fch ins Bett m\u00fcssen leben, zu erwirtschaften. Ich wohn zwar nicht an der Dreisam, daf\u00fcr aber im <a title=\"Seepark\" href=\"https:\/\/www.freiburg-schwarzwald.de\/blog\/regio\/freiburg\/seepark\/\">Seepark<\/a> und dort wird die Larmbel\u00e4stigung durch Feier- u. Trinkw\u00fctige Zeitgenossen sowie Motorrollerfahrer in den Nachtstunden immer unertr\u00e4glicher. Aber glaubt mir, eines Tages kann ich auch bei euch mitfeiern, rumgr\u00f6hlen und mit Bierflaschen um mich werfen, die B\u00fcsche vollpinkeln, mich cool dabei finden und denken, was war ich doch bl\u00f6d \u00fcberhaupt so einem spiesigen Leben nachgegangen zu sein. N\u00e4mlich dann, wenn mich der L\u00e4rm nachts so wahnsinnig gemacht hat, ich durch die hochkochenden Aggressionen straff\u00e4llig wurde, mein Job verloren hab und mit Antidepressiva gl\u00fccklich vom Sozialstaat leb. Ja, dann kann ich auch bei eurer Sause mitmachen!<br \/>\n29.8.2013, Claudia Klausen<br \/>\n\u00a0\u00a0<br \/>\n<strong>Ey Partyfreunde &#8211; bleibt doch locker<\/strong><br \/>\nEy Partyfreunde &#8211; bleibt doch locker! Wir wollen doch nur ganz friedlich ein ganz klein bisschen schlafen. Ist doch nicht unser Problem, wenn ihr tags\u00fcber nicht ausgelastet seid und \u00fcbersch\u00fcssige Energie habt. Cool bleiben!<br \/>\nWir sind locker &#8211; wir k\u00f6nnen die Nachtruhe einhalten. Ihr nicht? Hey &#8211; falsche Zeit gew\u00e4hlt! Und wenn&#8217;s euch nicht passt? Wie w\u00e4r&#8217;s mit in der Pampa feiern? Sorry, konnte nicht widerstehen \ud83d\ude09<br \/>\n29.8.2013, Markus Vonderstra\u00df<br \/>\n\u00a0\u00a0<br \/>\n<strong>Egoismus<\/strong><br \/>\nJa, die M\u00f6glichkeit nachts auch ungest\u00f6rt zu ruhen ist ein nicht zu untersch\u00e4tzendes Gut, welches gesch\u00fctzt werden mu\u00df. Der Egoismus der l\u00e4rmenden Partybesucher ist echt krank. Mir doch egeal, ob das eine Wohngegend ist, mir doch egal, ob da jemand schlafen will, ICH m\u00f6chte aber jetzt und hier feiern. Und das soll sozialvertr\u00e4glich sein?<br \/>\nUnd nein, ich wohne nicht an besagtem Ort, aber ich fahre jeden Tag mit dem Rad auf den Dreisamuferweg und darf morgens die \u00dcberreste der verschiedenen Partys bewundern und sp\u00e4tnachmittags\/abends die ersten Hernziehenden f\u00fcr die n\u00e4chste Party.<br \/>\n30.8.2013, Heiner Dubois<br \/>\n\u00a0\u00a0<br \/>\n<strong>Runder Tisch Sandfangweg direkt am Ort<\/strong><br \/>\nAn Sensibilit\u00e4t mangelt es auch den Grillhorden vom Sandfangweg. Allabendlich versammeln sie sich dort um ihre Lagerfeuer, halten totes Tier ins Feuer und blasen in Didscheridus, nachdem das Heroin zu wirken begonnen hat. Die schlaflosen Anwohner fordern jetzt umgehend einen Runden Tisch. Im Hinblick auf die bevorstehende Grillhochsaison zwischen den Jahren soll der Druck rechtzeitig erh\u00f6ht werden. Der Runde Tisch trifft sich ab sofort immer nach Feierabend direkt am Ort des Geschehens. Die Teilnehmer werden gebeten, Grillfleisch und Getr\u00e4nke selber mitzubringen. Um die Bereitstellung von Bongos und Alph\u00f6rnern wird sich der B\u00fcrgerverein Oberwiehre\/Waldsee k\u00fcmmern. &#8230;.<br \/>\nAlles von Florian Kech vom 31.8.2013 bitte esen auf<br \/>\n<a href=\"https:\/\/www.badische-zeitung.de\/lokales\/freiburg\/salto-rueckwaerts-grillhorden-am-sandfangweg\">https:\/\/www.badische-zeitung.de\/lokales\/freiburg\/salto-rueckwaerts-grillhorden-am-sandfangweg<\/a><\/p>\n","protected":false},"excerpt":{"rendered":"<p>Die Dreisam mit\u00a0sauberem Wasser, schattenspendenden B\u00e4umen, gr\u00fcnen Uferwiesen\u00a0und Dreisamuferweg &#8211; eine einmalig sch\u00f6ne Zone f\u00fcr Begegnung und Erholungszone\u00a0quer durch die Stadt Freiburg, von Ebnet bis Lehen. Wenn nur nicht der M\u00fcll und L\u00e4rm als Umweltgift Nr. 1 w\u00e4re.\u00a0Vor allem die\u00a0laute &hellip; <a href=\"https:\/\/www.freiburg-schwarzwald.de\/blog\/sandfang-dreisam-laerm-nachts\/\">Weiterlesen <span class=\"meta-nav\">&rarr;<\/span><\/a><\/p>\n","protected":false},"author":4,"featured_media":0,"comment_status":"open","ping_status":"closed","sticky":false,"template":"","format":"standard","meta":{"footnotes":""},"categories":[158,210,249,157,68],"tags":[117,156],"class_list":["post-37161","post","type-post","status-publish","format-standard","hentry","category-gesund","category-gewalt","category-hock","category-oeffentlicher-raum","category-umwelt","tag-dreisamuferweg","tag-larm"],"_links":{"self":[{"href":"https:\/\/www.freiburg-schwarzwald.de\/blog\/wp-json\/wp\/v2\/posts\/37161","targetHints":{"allow":["GET"]}}],"collection":[{"href":"https:\/\/www.freiburg-schwarzwald.de\/blog\/wp-json\/wp\/v2\/posts"}],"about":[{"href":"https:\/\/www.freiburg-schwarzwald.de\/blog\/wp-json\/wp\/v2\/types\/post"}],"author":[{"embeddable":true,"href":"https:\/\/www.freiburg-schwarzwald.de\/blog\/wp-json\/wp\/v2\/users\/4"}],"replies":[{"embeddable":true,"href":"https:\/\/www.freiburg-schwarzwald.de\/blog\/wp-json\/wp\/v2\/comments?post=37161"}],"version-history":[{"count":0,"href":"https:\/\/www.freiburg-schwarzwald.de\/blog\/wp-json\/wp\/v2\/posts\/37161\/revisions"}],"wp:attachment":[{"href":"https:\/\/www.freiburg-schwarzwald.de\/blog\/wp-json\/wp\/v2\/media?parent=37161"}],"wp:term":[{"taxonomy":"category","embeddable":true,"href":"https:\/\/www.freiburg-schwarzwald.de\/blog\/wp-json\/wp\/v2\/categories?post=37161"},{"taxonomy":"post_tag","embeddable":true,"href":"https:\/\/www.freiburg-schwarzwald.de\/blog\/wp-json\/wp\/v2\/tags?post=37161"}],"curies":[{"name":"wp","href":"https:\/\/api.w.org\/{rel}","templated":true}]}}