{"id":36826,"date":"2013-08-20T19:25:20","date_gmt":"2013-08-20T17:25:20","guid":{"rendered":"https:\/\/www.freiburg-schwarzwald.de\/blog\/?p=36826"},"modified":"2013-10-05T18:33:07","modified_gmt":"2013-10-05T16:33:07","slug":"bundestagswahl-22-sep-2013","status":"publish","type":"post","link":"https:\/\/www.freiburg-schwarzwald.de\/blog\/bundestagswahl-22-sep-2013\/","title":{"rendered":"Bundestagswahl 22. Sep 2013"},"content":{"rendered":"<p><a title=\"Bundestagswahl 2013 Ergebnis\" href=\"https:\/\/www.freiburg-schwarzwald.de\/blog\/bundestagswahl-2013-ergebnis\/\">\u00a0Bundestagswahl<\/a> am 22. September 2013 &#8211; Splitter aus Freiburg.<!--more--><\/p>\n<p>&nbsp;<\/p>\n<p>&nbsp;<\/p>\n<p><a href=\"https:\/\/www.freiburg-schwarzwald.de\/blog\/ebnet-afghani-israeli-niebel\/ebnet11niebel-farhatyar130820\/\" rel=\"attachment wp-att-36735\"><img loading=\"lazy\" decoding=\"async\" class=\"alignnone size-thumbnail wp-image-36735\" title=\"ebnet11niebel-farhatyar130820\" src=\"https:\/\/www.freiburg-schwarzwald.de\/blog\/wp-content\/uploads\/2013\/08\/ebnet11niebel-farhatyar130820-180x135.jpg\" alt=\"\" width=\"180\" height=\"135\" srcset=\"https:\/\/www.freiburg-schwarzwald.de\/blog\/wp-content\/uploads\/2013\/08\/ebnet11niebel-farhatyar130820-180x135.jpg 180w, https:\/\/www.freiburg-schwarzwald.de\/blog\/wp-content\/uploads\/2013\/08\/ebnet11niebel-farhatyar130820-640x480.jpg 640w, https:\/\/www.freiburg-schwarzwald.de\/blog\/wp-content\/uploads\/2013\/08\/ebnet11niebel-farhatyar130820.jpg 1024w\" sizes=\"auto, (max-width: 180px) 100vw, 180px\" \/><\/a>\u00a0\u00a0\u00a0\u00a0\u00a0\u00a0\u00a0\u00a0\u00a0\u00a0\u00a0 <a href=\"https:\/\/www.freiburg-schwarzwald.de\/blog\/bundestagswahl-22-sep-2013\/afd-freiburg130824\/\" rel=\"attachment wp-att-36830\"><img loading=\"lazy\" decoding=\"async\" class=\"alignnone size-thumbnail wp-image-36830\" title=\"afd-freiburg130824\" src=\"https:\/\/www.freiburg-schwarzwald.de\/blog\/wp-content\/uploads\/2013\/08\/afd-freiburg130824-135x180.jpg\" alt=\"\" width=\"135\" height=\"180\" srcset=\"https:\/\/www.freiburg-schwarzwald.de\/blog\/wp-content\/uploads\/2013\/08\/afd-freiburg130824-135x180.jpg 135w, https:\/\/www.freiburg-schwarzwald.de\/blog\/wp-content\/uploads\/2013\/08\/afd-freiburg130824.jpg 480w\" sizes=\"auto, (max-width: 135px) 100vw, 135px\" \/><\/a>\u00a0\u00a0\u00a0\u00a0\u00a0\u00a0\u00a0\u00a0\u00a0\u00a0\u00a0\u00a0 \u00a0\u00a0\u00a0 <a href=\"https:\/\/www.freiburg-schwarzwald.de\/blog\/bundestagswahl-22-sep-2013\/gruene-freiburg130824\/\" rel=\"attachment wp-att-36831\"><img loading=\"lazy\" decoding=\"async\" class=\"alignnone size-thumbnail wp-image-36831\" title=\"gruene-freiburg130824\" src=\"https:\/\/www.freiburg-schwarzwald.de\/blog\/wp-content\/uploads\/2013\/08\/gruene-freiburg130824-180x135.jpg\" alt=\"\" width=\"180\" height=\"135\" srcset=\"https:\/\/www.freiburg-schwarzwald.de\/blog\/wp-content\/uploads\/2013\/08\/gruene-freiburg130824-180x135.jpg 180w, https:\/\/www.freiburg-schwarzwald.de\/blog\/wp-content\/uploads\/2013\/08\/gruene-freiburg130824.jpg 640w\" sizes=\"auto, (max-width: 180px) 100vw, 180px\" \/><\/a>\u00a0\u00a0\u00a0\u00a0\u00a0\u00a0\u00a0\u00a0\u00a0\u00a0\u00a0\u00a0\u00a0\u00a0\u00a0\u00a0<br \/>\n(1) Niebel in Ebnet\u00a021.8.2013\u00a0\u00a0\u00a0\u00a0 \u00a0\u00a0\u00a0\u00a0\u00a0\u00a0\u00a0\u00a0\u00a0\u00a0\u00a0 (2) AfD Rathausplatz 24.8.2013\u00a0\u00a0\u00a0\u00a0\u00a0\u00a0 (3) Die Gr\u00fcnen Rathausplatz 24.8.2013<\/p>\n<p><a href=\"https:\/\/www.freiburg-schwarzwald.de\/blog\/bundestagswahl-22-sep-2013\/afd-muensterplatz130826\/\" rel=\"attachment wp-att-37135\"><img loading=\"lazy\" decoding=\"async\" class=\"alignnone size-thumbnail wp-image-37135\" title=\"afd-muensterplatz130826\" src=\"https:\/\/www.freiburg-schwarzwald.de\/blog\/wp-content\/uploads\/2013\/08\/afd-muensterplatz130826-135x180.jpg\" alt=\"\" width=\"135\" height=\"180\" srcset=\"https:\/\/www.freiburg-schwarzwald.de\/blog\/wp-content\/uploads\/2013\/08\/afd-muensterplatz130826-135x180.jpg 135w, https:\/\/www.freiburg-schwarzwald.de\/blog\/wp-content\/uploads\/2013\/08\/afd-muensterplatz130826.jpg 480w\" sizes=\"auto, (max-width: 135px) 100vw, 135px\" \/><\/a><br \/>\n(4) M\u00fcnsterplatz 26.8.2013<br \/>\n\u00a0\u00a0<br \/>\n(1) Minister Dirk Niebel am 21.8.2013 im Ebneter Schlo\u00df:\u00a0<br \/>\n<a href=\"https:\/\/www.freiburg-schwarzwald.de\/blog\/ebnet-afghani-israeli-niebel\/\">https:\/\/www.freiburg-schwarzwald.de\/blog\/ebnet-afghani-israeli-niebel\/<\/a>\u00a0(21.8.2013)<br \/>\n(2) Friedrich von Spee (links) am Wahlstand Rathausplatz in Freiburg am 24.8.2013<br \/>\n\u00a0<a href=\"mailto:fvonspee@web.de\">fvonspee@web.de<\/a> , <a href=\"mailto:geschaeftsstelle@fr.alternativefuer-bw.de\">geschaeftsstelle@fr.alternativefuer-bw.de<\/a><br \/>\n(3) Katrin G\u00f6ring-Eckardt und Kerstin Andreae am 24.8.2013 am Rathausplatz Freiburg. KGE verstieg sich zu der Aussage: &#8222;Inzwischen sind fast ein Viertel der Deutschen von Armut bedroht&#8220; \u00a0&#8211; was f\u00fcr ein Unsinn!<br \/>\nDie Gr\u00fcnen hatten am 24.8.2013 einen ganz jungen Musiker f\u00fcrs Rahmenprogramm engagiert: den Gitarristen und S\u00e4nger Simon Riesterer. Der 18-J\u00e4hrige kommt aus Staufen, geht noch zur Schule \u2013 und kann singen, zum Beispiel &#8222;Pumped up kicks&#8220; und &#8222;I follow rivers&#8220;. Ein frischer Auftritt, bei dem leider aufmerksame Zuh\u00f6rer fehlten.<br \/>\n(4) Dr. Elke Fein (rechts) am AfD-Mobil beim Historischen Kaufhaus am M\u00fcnsterplatz<\/p>\n<p>&nbsp;<\/p>\n<p>&nbsp;<\/p>\n<p><strong>Vermummte greifen AfD-Veranstaltung in Bremen an<\/strong><br \/>\nVermummte St\u00f6rer haben eine Wahlkampfveranstaltung der Alternative f\u00fcr Deutschland angegriffen. Ein Mann wurde dabei mit einem Messer verletzt. Parteivorstand Bernd Lucke musste seine Rede unter Polizeischutz fortsetzen.<br \/>\nAlles vom 24.8.2013 bitte lesen auf<br \/>\n<a href=\"https:\/\/www.spiegel.de\/politik\/deutschland\/wahlkampfrede-von-bernd-lucke-vermummte-greifen-afd-veranstaltung-an-a-918436.html\">https:\/\/www.spiegel.de\/politik\/deutschland\/wahlkampfrede-von-bernd-lucke-vermummte-greifen-afd-veranstaltung-an-a-918436.html<\/a><br \/>\n\u00a0\u00a0<\/p>\n<p><strong>Ich rate der AfD zu mehr Gelassenheit<\/strong><br \/>\nWenn die Versenkung von Duzenden Milliarden Eurorettung im Mittelmeer jedes Jahr, die Ablehnung ungeordneter Einwanderung in die Sozialsysteme, die F\u00f6rderung der Familie als Keimzelle der Gesellschaft, das Fordern von Volksabstimmungen und anderes, wenn das &#8222;rechts&#8220; ist, ja, dann ist die AfD halt &#8222;rechts&#8220;. Dazu sollte sie stehen.<br \/>\nP.S.: Eine Demokratie, in der es nur eine Linke gibt, ist eine &#8222;Volksdemokratie&#8220; \u00e0 la DDR. Es muss einen Gegenpol zur Linken geben, sonst kann von Demokratie keine Rede sein. Genau, wie es innerhalb der Linken neben Extremismus auch ein demokratisches Spektrum gibt, gibt es das auch bei der Rechten.<br \/>\n26.8.2013, Hans-Joachim Burghardt<br \/>\n\u00a0\u00a0<br \/>\n\u00a0\u00a0\u00a0\u00a0\u00a0<br \/>\n<strong>Undemokratisch &#8230;.<\/strong><br \/>\nNicht dass mir die AfD gef\u00e4llt, aber solche Aktionen sind einfach eine bodenlose Dummheit.\u00a0 Zum einen ist es undemokratisch und zum anderen sind solche Aktionen eher Wahlkampfhilfe f\u00fcr die AfD.<br \/>\nDie Saat geht auf und zwar die, die von Gr\u00fcnen, Linken und vielen Medien in Deutschland gelegt wurde. Da wurden 15.000 unbescholtene Parteimitglieder zu Nazis erkl\u00e4rt und in die rechtsradikale Ecke geschoben. Und das ist das Ergebnis: Zust\u00e4nde wie zur Zeit der Weimarer Republik.<br \/>\n24.8.2013, Thorsten<br \/>\n\u00a0\u00a0<br \/>\n<strong>Attacke auf AfD-Wahlstand am Rathausplatz Freiburg<br \/>\n<\/strong>Gerangel auf dem Rathausplatz. Eine vierk\u00f6pfige Gruppe hat am Freitag gegen 14 Uhr auf dem Rathausplatz den Wahlkampfstand der Partei &#8222;Alternative f\u00fcr Deutschland&#8220; (AfD) \u00fcberfallen&#8230;.<br \/>\nAlles vom 24.8.2013 bitte lesen auf<br \/>\n<a href=\"https:\/\/www.badische-zeitung.de\/attacke-auf-afd-wahlstand\">https:\/\/www.badische-zeitung.de\/attacke-auf-afd-wahlstand<\/a><br \/>\n\u00a0\u00a0<\/p>\n<p><strong>Wahlbehinderungen<\/strong><br \/>\nSchon interessant in welch epischer Breite hier \u00fcber die mehr oder weniger nichtssagenden Spr\u00fcche der Frau G\u00f6ring-Eckardt und dem m\u00f6glichen Zuh\u00f6reransturm &#8211; wenn es denn nicht geregnet h\u00e4tte &#8211; berichtet wird. Passt irgendwie nicht zu den 2 Tage vorher stattgefundenen massiven Wahlbehinderungen der AfD am gleichen Platz. Es w\u00e4re sicher passend gewesen, wenn die Dame hierzu wenigstens einige bedauernde Worte gesagt und ihr Missfallen \u00fcber diese unglaublichen Vorg\u00e4nge in einem angeblich noch demokratischen Land ausgedr\u00fcckt und sich von der Verhaltensweise einiger Extremisten distanziert h\u00e4tte. Aber nichts von alledem. Schade, da h\u00e4tte man sich mal als Demokrat darstellen k\u00f6nnen, oder?<br \/>\n25.8.2013, Alfred Winkelrmann<br \/>\n\u00a0\u00a0\u00a0<br \/>\n<strong>Die Griechen leiden, die Deutschen zahlen, die Banken kassieren<\/strong><br \/>\nIch habe lange an die Zukunft eines geeinten Europas geglaubt. Doch jetzt bekommt die Alternative Liste meine Stimme wegen ihrer \u00fcberragend zutreffenden Wahlaussage: &#8222;Die Griechen leiden, die Deutschen zahlen, die Banken kassieren.&#8220; Das ist es, was viele Deutsche schon lange empfinden. Und wir haben einfach keine Lust mehr auf das Bankenrettungsspiel!<br \/>\n4.9.2013, Hans-Peter Steidinger, Hartheim<\/p>\n<p>&nbsp;<\/p>\n<p><strong>Wahlverdrossenheit: Die Politik geht nicht auf die W\u00e4hler ein<\/strong><br \/>\nDie Wahlverdrossenheit ist meines Erachtens in erster Linie den gro\u00dfen Parteien anzulasten, da deren Politik zu wenig auf die Stimmungen des Wahlvolkes eingeht. Auch gr\u00f6\u00dfere Umfragen zu neuen Gesetzesvorlagen, mit <strong><span style=\"color: #ff0000;\">\u00fcber 70 Prozent Anteil an Ablehnung<\/span><\/strong> unter den Befragten, haben Mehrheiten im Parlament v\u00f6llig ignoriert. Eine Abstimmung, inszeniert am 12. Dezember 2012, die das Grundgesetz zur k\u00f6rperlichen Unversehrtheit zu Gunsten von religi\u00f6sen Minderheiten verdrehte, hat mich endg\u00fcltig ver\u00e4rgert. In der Abstimmung ging es um religi\u00f6s bedingte <a title=\"Beschneidung\" href=\"https:\/\/www.freiburg-schwarzwald.de\/blog\/selbsthilfe\/kinder\/beschneidung\/\">Beschneidung<\/a> von Jungen. Unsere beiden regionalen &#8222;Volksvertreter&#8220; haben nach dem Aufschrei von moslemischen, und vor allem j\u00fcdischen Minderheiten f\u00fcr die Freigabe der Beschneidung gestimmt (gemeinsam mit weiteren 432 unverantwortlichen Abgeordneten). Solch eine Verdrehung des Grundgesetzes ist f\u00fcr mich ein wesentlicher Punkt, um den Kandidaten meine Stimme zu verweigern.<br \/>\n4.9.2013, Heinz Birmele, Ihringen<!-- RSPEAK_STOP --><\/p>\n","protected":false},"excerpt":{"rendered":"<p>\u00a0Bundestagswahl am 22. September 2013 &#8211; Splitter aus Freiburg.<\/p>\n","protected":false},"author":4,"featured_media":0,"comment_status":"open","ping_status":"closed","sticky":false,"template":"","format":"standard","meta":{"footnotes":""},"categories":[36,172],"tags":[525,500],"class_list":["post-36826","post","type-post","status-publish","format-standard","hentry","category-engagement","category-zukunft","tag-politik","tag-wahl"],"_links":{"self":[{"href":"https:\/\/www.freiburg-schwarzwald.de\/blog\/wp-json\/wp\/v2\/posts\/36826","targetHints":{"allow":["GET"]}}],"collection":[{"href":"https:\/\/www.freiburg-schwarzwald.de\/blog\/wp-json\/wp\/v2\/posts"}],"about":[{"href":"https:\/\/www.freiburg-schwarzwald.de\/blog\/wp-json\/wp\/v2\/types\/post"}],"author":[{"embeddable":true,"href":"https:\/\/www.freiburg-schwarzwald.de\/blog\/wp-json\/wp\/v2\/users\/4"}],"replies":[{"embeddable":true,"href":"https:\/\/www.freiburg-schwarzwald.de\/blog\/wp-json\/wp\/v2\/comments?post=36826"}],"version-history":[{"count":0,"href":"https:\/\/www.freiburg-schwarzwald.de\/blog\/wp-json\/wp\/v2\/posts\/36826\/revisions"}],"wp:attachment":[{"href":"https:\/\/www.freiburg-schwarzwald.de\/blog\/wp-json\/wp\/v2\/media?parent=36826"}],"wp:term":[{"taxonomy":"category","embeddable":true,"href":"https:\/\/www.freiburg-schwarzwald.de\/blog\/wp-json\/wp\/v2\/categories?post=36826"},{"taxonomy":"post_tag","embeddable":true,"href":"https:\/\/www.freiburg-schwarzwald.de\/blog\/wp-json\/wp\/v2\/tags?post=36826"}],"curies":[{"name":"wp","href":"https:\/\/api.w.org\/{rel}","templated":true}]}}