{"id":36816,"date":"2013-08-24T16:47:36","date_gmt":"2013-08-24T14:47:36","guid":{"rendered":"https:\/\/www.freiburg-schwarzwald.de\/blog\/?p=36816"},"modified":"2013-08-24T16:51:32","modified_gmt":"2013-08-24T14:51:32","slug":"rad-tandem-pilotin-gesucht","status":"publish","type":"post","link":"https:\/\/www.freiburg-schwarzwald.de\/blog\/rad-tandem-pilotin-gesucht\/","title":{"rendered":"Rad-Tandem-Pilotin gesucht"},"content":{"rendered":"<p>Gesucht wird eine Pilotin f\u00fcr ein Rennrad- und <a title=\"Biken\" href=\"https:\/\/www.freiburg-schwarzwald.de\/blog\/sport\/sportlern\/biken\/\">Mountainbike<\/a>-Tandem. Sie sollte aus der Region kommen, Rennsporterfahrung mitbringen und bereit sein, dreimal w\u00f6chentlich zu trainieren. Geboten wird die Aussicht auf Erfolge beim Para-Cycling, dem Radsport f\u00fcr <a title=\"Behinderung\" href=\"https:\/\/www.freiburg-schwarzwald.de\/blog\/selbsthilfe\/behinderung\/\">Menschen mit Behinderung<\/a>.\u00a0Sabine Borchers war eine ambitionierte Radfahrerin \u2013 ehe ein Unfall ihre Karriere abrupt beendete. Doch die 37-J\u00e4hrige will zur\u00fcck aufs Rad. <!--more-->Genauer: aufs Tandem. Diese Suchmeldung kommt von Sabine Borchers aus Kirchzarten, der amtierenden Deutschen Meisterin im Para-Cycling am Berg und auf der Stra\u00dfe. Die 37-j\u00e4hrige Radsportlerin fuhr viele Rennen f\u00fcr den Radsportverein Concordia Reute (RVC), f\u00fcr den sie 2010 Baden-W\u00fcrttembergische Vizemeisterin wurde. 2012 sollte ihr Mountainbike-Jahr werden, den Ultra-Bike in Kirchzarten fest im Visier. Doch der 26. Januar 2012 durchkreuzte alle Pl\u00e4ne. Auf dem Heimweg mit dem Rad vom Arbeitsplatz in Buchholz prallte sie im Suggental mit einem Auto zusammen, das 80 Stundenkilometer auf dem Tacho hatte. Die Folgen: Eine Woche Koma. Schl\u00fcsselbein- und Kieferbruch. Verletzte Halswirbels\u00e4ule. Blutung im Gehirn. &#8222;Der Helm war mein Lebensretter&#8220;, sagt Borchers. Die Verletzungen heilten. Aber die Gehirnblutungen hatten eine gro\u00dfe Gesichtsfeld-Einschr\u00e4nkung zur Folge. Nach rechts und links schauen geht nur mit Kopfdrehung. Alleine Radfahren war nicht mehr m\u00f6glich.<\/p>\n<p><a href=\"https:\/\/www.freiburg-schwarzwald.de\/blog\/rad-tandem-pilotin-gesucht\/para-cycling-mtb130823\/\" rel=\"attachment wp-att-36819\"><img loading=\"lazy\" decoding=\"async\" class=\"alignnone size-thumbnail wp-image-36819\" title=\"para-cycling-mtb130823\" src=\"https:\/\/www.freiburg-schwarzwald.de\/blog\/wp-content\/uploads\/2013\/08\/para-cycling-mtb130823-180x126.jpg\" alt=\"\" width=\"180\" height=\"126\" srcset=\"https:\/\/www.freiburg-schwarzwald.de\/blog\/wp-content\/uploads\/2013\/08\/para-cycling-mtb130823-180x126.jpg 180w, https:\/\/www.freiburg-schwarzwald.de\/blog\/wp-content\/uploads\/2013\/08\/para-cycling-mtb130823.jpg 553w\" sizes=\"auto, (max-width: 180px) 100vw, 180px\" \/><\/a><\/p>\n<div>\n<div id=\"zoneAdserverMrec\">\n<div id=\"helperAdserverMrec\"><noscript><\/noscript><\/p>\n<div id=\"beacon_dcbd7dbee6\"><img loading=\"lazy\" decoding=\"async\" src=\"https:\/\/w.online-verlag-freiburg.de\/www\/delivery\/lg.php?bannerid=818&amp;campaignid=379&amp;zoneid=133625&amp;loc=1&amp;referer=http%3A%2F%2Fwww.badische-zeitung.de%2Freute%2Fnach-unfall-radsportlerin-sucht-tandem-pilotin--74655425.html&amp;cb=dcbd7dbee6\" alt=\"\" width=\"0\" height=\"0\" \/><\/div>\n<div id=\"adp_container_7157\">\n<div id=\"adp-wrapper-99372065\">\n<div id=\"adp-admarker-99372065\">\n<div id=\"adp-admarker-icon-99372065\"><em>Sitzt nach ihrem Unfall fest im Sattel: Sabine Borchers. Foto:\u00a0Gerhard\u00a0L\u00fcck<\/em><br \/>\n\u00a0<br \/>\nDie Sportkameraden vom RVC Reute lie\u00dfen die Radsportverr\u00fcckte nicht im Stich. Der Verein hat eine eigene Para-Cycling-Gruppe, in der Sportler mit Behinderung ihrer Leidenschaft fr\u00f6nen k\u00f6nnen. Im Oktober vergangenen Jahres nahm sie erstmals an den &#8222;Paralympischen Talenttagen&#8220; vom Deutschen Behindertensportverband (DBS) auf dem Tandem teil. &#8222;Das brachte mir viel Hoffnung&#8220;, erinnert sich Borchers. Wenn sie auch in 2013 nicht alle geplanten Rennen mitfahren konnte, gelang ihr doch <a title=\"\" href=\"https:\/\/www.badische-zeitung.de\/behindertensport\/warias-zeigt-seine-klasse--73053954.html\" target=\"_self\">bei den Deutschen Meisterschaften im Juni in Elzach<\/a> der gro\u00dfe Coup. Mit Eva F\u00fcnfgeld als Pilotin gewann sie das Bergzeitfahren und Ellen Heini verhalf am Tag darauf zum Meistertitel auf der Stra\u00dfe. Seit dieser Zeit sucht sie eine feste Pilotin, mit der sie trainieren und Wettk\u00e4mpfe fahren kann. &#8222;Ich arbeite viel auf dem Hometrainer&#8220;, sagt Borchers, &#8222;doch das Training und die Rennen auf der Stra\u00dfe und im Gel\u00e4nde kann so nicht ersetzt werden.&#8220; Riesig freut sie sich jetzt auf das Mountainbikerrennen in Furtwangen Anfang September, das Eva F\u00fcnfgeld wieder mit ihr f\u00e4hrt. Und dann geht es zu einem DBS-Sichtungsrennen nach Potsdam. Der Leiter der Nationalmannschaft, Tobias Engelmann aus Reute, ist von Borchers Talent \u00fcberzeugt: &#8222;Sabine hat in ihrem ersten Jahr gezeigt, dass sie sich nach ihrem Unfall nicht aufgegeben hat und den Tandemsport, so wie fr\u00fcher den Soloradsport, mit der gleichen Leidenschaft betreibt. Jetzt brauchen wir nur eine Pilotin f\u00fcr sie, die das Tempo mitgehen kann.&#8220;<br \/>\n24.8.2013, Gerhard L\u00fcck<\/div>\n<\/div>\n<\/div>\n<\/div>\n<\/div>\n<\/div>\n<\/div>\n<div>\n<div>Kontakt<\/div>\n<p>Pilotinnen k\u00f6nnen sich bei Sabine Borchers melden Tel.\u00a007661\/9360993 oder per Mail <a title=\"\" href=\"mailto:sabineborchers9@googlemail.com\" target=\"_blank\">sabineborchers9@googlemail.com<\/a> melden.<\/p>\n<\/div>\n","protected":false},"excerpt":{"rendered":"<p>Gesucht wird eine Pilotin f\u00fcr ein Rennrad- und Mountainbike-Tandem. Sie sollte aus der Region kommen, Rennsporterfahrung mitbringen und bereit sein, dreimal w\u00f6chentlich zu trainieren. Geboten wird die Aussicht auf Erfolge beim Para-Cycling, dem Radsport f\u00fcr Menschen mit Behinderung.\u00a0Sabine Borchers war &hellip; <a href=\"https:\/\/www.freiburg-schwarzwald.de\/blog\/rad-tandem-pilotin-gesucht\/\">Weiterlesen <span class=\"meta-nav\">&rarr;<\/span><\/a><\/p>\n","protected":false},"author":4,"featured_media":0,"comment_status":"open","ping_status":"closed","sticky":false,"template":"","format":"standard","meta":{"footnotes":""},"categories":[56,75,104],"tags":[531,69,547],"class_list":["post-36816","post","type-post","status-publish","format-standard","hentry","category-behinderung","category-biken","category-hilfe","tag-handicap","tag-mtb","tag-suche"],"_links":{"self":[{"href":"https:\/\/www.freiburg-schwarzwald.de\/blog\/wp-json\/wp\/v2\/posts\/36816","targetHints":{"allow":["GET"]}}],"collection":[{"href":"https:\/\/www.freiburg-schwarzwald.de\/blog\/wp-json\/wp\/v2\/posts"}],"about":[{"href":"https:\/\/www.freiburg-schwarzwald.de\/blog\/wp-json\/wp\/v2\/types\/post"}],"author":[{"embeddable":true,"href":"https:\/\/www.freiburg-schwarzwald.de\/blog\/wp-json\/wp\/v2\/users\/4"}],"replies":[{"embeddable":true,"href":"https:\/\/www.freiburg-schwarzwald.de\/blog\/wp-json\/wp\/v2\/comments?post=36816"}],"version-history":[{"count":0,"href":"https:\/\/www.freiburg-schwarzwald.de\/blog\/wp-json\/wp\/v2\/posts\/36816\/revisions"}],"wp:attachment":[{"href":"https:\/\/www.freiburg-schwarzwald.de\/blog\/wp-json\/wp\/v2\/media?parent=36816"}],"wp:term":[{"taxonomy":"category","embeddable":true,"href":"https:\/\/www.freiburg-schwarzwald.de\/blog\/wp-json\/wp\/v2\/categories?post=36816"},{"taxonomy":"post_tag","embeddable":true,"href":"https:\/\/www.freiburg-schwarzwald.de\/blog\/wp-json\/wp\/v2\/tags?post=36816"}],"curies":[{"name":"wp","href":"https:\/\/api.w.org\/{rel}","templated":true}]}}