{"id":36763,"date":"2013-08-23T10:52:46","date_gmt":"2013-08-23T08:52:46","guid":{"rendered":"https:\/\/www.freiburg-schwarzwald.de\/blog\/?p=36763"},"modified":"2014-04-13T16:51:54","modified_gmt":"2014-04-13T14:51:54","slug":"lifter-im-strandbad-fehlt","status":"publish","type":"post","link":"https:\/\/www.freiburg-schwarzwald.de\/blog\/lifter-im-strandbad-fehlt\/","title":{"rendered":"Lifter im Strandbad fehlt"},"content":{"rendered":"<p>Freiburgs<a title=\"Strandbad\" href=\"https:\/\/www.freiburg-schwarzwald.de\/blog\/sport\/baeder\/strandbad\/\"> Strandbad <\/a>ist wundersch\u00f6n, aber nur f\u00fcr Fu\u00dfg\u00e4nger. So wurde auch in diesem Sommer vielen <a title=\"Behinderung\" href=\"https:\/\/www.freiburg-schwarzwald.de\/blog\/selbsthilfe\/behinderung\/\">Menschen mit Behinderungen<\/a>\u00a0(nicht nur <a title=\"Rollstuhl\" href=\"https:\/\/www.freiburg-schwarzwald.de\/blog\/selbsthilfe\/behinderung\/rollstuhl\/\">Rollstuhlfahrern<\/a>) das Schwimmen im Strandbad verwehrt, da das Schwimmerbecken immer noch keinen Lifter hat, der stufenlos ins herrlich erfrischende Wasser f\u00fchrt. Bis zur Badesaison 2014 mu\u00df <a title=\"Barrierefrei\" href=\"https:\/\/www.freiburg-schwarzwald.de\/blog\/selbsthilfe\/behinderung\/barrierefrei\/\">Barrierefreiheit<\/a> dringend hergestellt werden. Aus mehreren Gr\u00fcnden:<!--more--><\/p>\n<p>(1) Schwimmen ist gesund. Nicht nur Rollstuhlfahrern, sondern vielen Senioren, die sich beim Ein- und Aussteigen am Schwimmerbecken schwer tun, kann ein Lifter diese M\u00f6glichkeit zur Bewegung im Wasser er\u00f6ffnet werden.<br \/>\n(2) In unmittelbarer N\u00e4he zum Standbad gibt es viele Einrichtungen mit K\u00f6rperbehinderten: Das Wohnheim der AWO gegen\u00fcber vom Strandbad, das Wohnstift Kreuzstein\u00e4cker in der Heinrich-Heine-Strasse, der Laubenhof. Die meisten der 26 BewohnerInnen k\u00f6nnen schwimmen. Dazu m\u00fcssen sie aber zum Eugen-Keidel-bad fahren in den Freiburger Mooswald, da nur dieses Bad einen Lifter hat.<br \/>\n(3) Die demografische Entwicklung l\u00e4\u00dft auch den Freiburger Osten immer \u00e4lter werden.<br \/>\n(4) Die Freiburger Stadtbau FSB bzw. die von ihr betriebene Regio B\u00e4der GmbH m\u00f6ge doch mal eine Kosten-Nutzen-Analyse durchf\u00fchren: Einmalige Kosten zum Einbau eines Lifters versus Zusatzeinnahmen durch Rollstuhlfahrer und Gehbehinderte, von denen sicher viele eine Dauerjahre erwerben w\u00fcrden.<br \/>\nIm Winter 2013\/14 soll eine seitliche Einstiegstreppe am Ostrand des Schwimmerbeckens eingebaut werden. &#8222;Schr\u00e4ge Treppe statt senkrechte Leiter&#8220; &#8211; dies ist im wahrsten Sinne des Wortes &#8222;billig&#8220;\u00a0hilft nur wenigen, ein Lifter hingegen hilft allen<br \/>\n\u00a0\u00a0\u00a0\u00a0\u00a0<br \/>\n<strong>Lifter am Schwimmbecken nur im Eugen-Keidel-Bad<\/strong><br \/>\n&#8222;Es w\u00e4re toll, wenn es in jedem Bad Lifter an den Becken g\u00e4be&#8220;, sagt die st\u00e4dtische Behindertenbeauftragte Esther Grunemann. Sie hatte sich einst f\u00fcr den Einbau des Lifters im Eugen-Keidel-Bad eingesetzt. Die Freiburger Stadtbau (FSB), die f\u00fcr die Regio B\u00e4der GmbH die B\u00e4der betreibt, will das Thema jetzt pr\u00fcfen, sagt die FSB-Pressesprecherin Annette Engelke auf Anfrage der BZ.\u00a0 &#8230;.<br \/>\nAlles vom 22.8.2013 bitte lesen auf<br \/>\n<a href=\"https:\/\/www.badische-zeitung.de\/freiburg\/lifter-am-schwimmbecken-gibt-es-nur-im-eugen-keidel-bad--74564652.html\">https:\/\/www.badische-zeitung.de\/freiburg\/lifter-am-schwimmbecken-gibt-es-nur-im-eugen-keidel-bad&#8211;74564652.html<\/a><br \/>\n\u00a0\u00a0\u00a0\u00a0\u00a0<br \/>\n<strong>Freiburg vergrault &#8230;<\/strong><br \/>\nFreiburg vergrault sich mit dieser Art mehr und mehr Badeg\u00e4ste. Wir gehen seit der unverst\u00e4ndlichen Schlie\u00dfung des Westbads nur noch nach Umkirch oder Denzlingen. Faire Preise und das Denzlinger Bad hat meines Wissens nach einen Lifter!<br \/>\n22.8.2013, Anna Schubert<\/p>\n<p>&nbsp;<\/p>\n<p>Esther Grunemann, Beauftragte f\u00fcr Menschen mit Behinderung, Stadt\u00a0Freiburg<br \/>\nTel 0761\/2169027, <a href=\"mailto:Esther.Grunemann@stadt.freiburg.de\" target=\"_blank\">Esther.Grunemann@stadt.freiburg.de<\/a><br \/>\n\u00a0<br \/>\nAWO Haus Littenweiler<br \/>\nHeinrich-Heine-Strasse, 79117 Freiburg-Littenweiler<br \/>\nFrau Gudrun Dieffenbacher, Tel 0761\/6116911-10, <a href=\"mailto:gudrun.dieffenbacher@awo-baden.de\">gudrun.dieffenbacher@awo-baden.de<\/a>\u00a0<br \/>\nSebastian Dann, Ben Walliser, Tel 0761\/6116920<br \/>\n<a href=\"https:\/\/www.awo-baden.de\/unsere-angebote-fuer\/menschen-mit-behinderung\/wohnheime\/awo-haus-littenweiler.html\">https:\/\/www.awo-baden.de\/unsere-angebote-fuer\/menschen-mit-behinderung\/wohnheime\/awo-haus-littenweiler.html<\/a><br \/>\n\u00a0\u00a0\u00a0<br \/>\nWohnanlage Kreuzstein\u00e4cker<br \/>\n\u00a0<a href=\"https:\/\/www.stiftungsverwaltung-freiburg.de\/index.php?id=986\">https:\/\/www.stiftungsverwaltung-freiburg.de\/index.php?id=986<\/a><br \/>\nKatja Volk , Tel 0761\/2108-181, <a href=\"mailto:volk.k@stiftungsverwaltung-freiburg.de\">volk.k@sv-fr.de<br \/>\n<\/a><\/p>\n","protected":false},"excerpt":{"rendered":"<p>Freiburgs Strandbad ist wundersch\u00f6n, aber nur f\u00fcr Fu\u00dfg\u00e4nger. So wurde auch in diesem Sommer vielen Menschen mit Behinderungen\u00a0(nicht nur Rollstuhlfahrern) das Schwimmen im Strandbad verwehrt, da das Schwimmerbecken immer noch keinen Lifter hat, der stufenlos ins herrlich erfrischende Wasser f\u00fchrt. &hellip; <a href=\"https:\/\/www.freiburg-schwarzwald.de\/blog\/lifter-im-strandbad-fehlt\/\">Weiterlesen <span class=\"meta-nav\">&rarr;<\/span><\/a><\/p>\n","protected":false},"author":4,"featured_media":0,"comment_status":"open","ping_status":"closed","sticky":false,"template":"","format":"standard","meta":{"footnotes":""},"categories":[56,72],"tags":[531,107],"class_list":["post-36763","post","type-post","status-publish","format-standard","hentry","category-behinderung","category-sportlern","tag-handicap","tag-schwimmen"],"_links":{"self":[{"href":"https:\/\/www.freiburg-schwarzwald.de\/blog\/wp-json\/wp\/v2\/posts\/36763","targetHints":{"allow":["GET"]}}],"collection":[{"href":"https:\/\/www.freiburg-schwarzwald.de\/blog\/wp-json\/wp\/v2\/posts"}],"about":[{"href":"https:\/\/www.freiburg-schwarzwald.de\/blog\/wp-json\/wp\/v2\/types\/post"}],"author":[{"embeddable":true,"href":"https:\/\/www.freiburg-schwarzwald.de\/blog\/wp-json\/wp\/v2\/users\/4"}],"replies":[{"embeddable":true,"href":"https:\/\/www.freiburg-schwarzwald.de\/blog\/wp-json\/wp\/v2\/comments?post=36763"}],"version-history":[{"count":0,"href":"https:\/\/www.freiburg-schwarzwald.de\/blog\/wp-json\/wp\/v2\/posts\/36763\/revisions"}],"wp:attachment":[{"href":"https:\/\/www.freiburg-schwarzwald.de\/blog\/wp-json\/wp\/v2\/media?parent=36763"}],"wp:term":[{"taxonomy":"category","embeddable":true,"href":"https:\/\/www.freiburg-schwarzwald.de\/blog\/wp-json\/wp\/v2\/categories?post=36763"},{"taxonomy":"post_tag","embeddable":true,"href":"https:\/\/www.freiburg-schwarzwald.de\/blog\/wp-json\/wp\/v2\/tags?post=36763"}],"curies":[{"name":"wp","href":"https:\/\/api.w.org\/{rel}","templated":true}]}}