{"id":36687,"date":"2013-08-20T16:34:54","date_gmt":"2013-08-20T14:34:54","guid":{"rendered":"https:\/\/www.freiburg-schwarzwald.de\/blog\/?p=36687"},"modified":"2013-08-20T16:34:54","modified_gmt":"2013-08-20T14:34:54","slug":"ecotrinova-vorstand-ecovalley","status":"publish","type":"post","link":"https:\/\/www.freiburg-schwarzwald.de\/blog\/ecotrinova-vorstand-ecovalley\/","title":{"rendered":"ECOtrinova Vorstand ECOvalley"},"content":{"rendered":"<p><a title=\"Ecotrinova\" href=\"https:\/\/www.freiburg-schwarzwald.de\/blog\/natur\/umwelt\/ecotrinova\/\">ECOtrinova e.V.<\/a> ist ein regionaler Zusammenschluss von <a title=\"Umwelt\" href=\"https:\/\/www.freiburg-schwarzwald.de\/blog\/natur\/umwelt\/\">umweltorienterten<\/a> Institutionen, Initiativen, Unternehmen und Vereinen. Ziel\u00a0der Arbeit des Vereins ist eine zukunftsf\u00e4hige Modellregion &#8211; ECOvalley am s\u00fcdlichen Oberrhein. Nun wurde die ehrenamtlichen Vorst\u00e4nde f\u00fcr weitere zwei Jahre\u00a0gew\u00e4hlt &#8211; an der Spitze\u00a0Dr. Georg L\u00f6ser, Physiker und <a title=\"Energiepolitik\" href=\"https:\/\/www.freiburg-schwarzwald.de\/blog\/energie\/energiepolitik\/\">Energie<\/a>&#8211; und Umweltexperte.<!--more--><\/p>\n<p><strong>\u00a0\u00a0\u00a0\u00a0<br \/>\n<\/strong>F\u00fcr zwei weitere Jahre als ehrenamtliche Vorst\u00e4nde des in Freiburg i.Br. ans\u00e4ssigen gemeinn\u00fctzigen Vereins ECOtrinova e.V. best\u00e4tigt wurden k\u00fcrzlich als Vorsitzender Dr. Georg L\u00f6ser, Physiker und Energie- und Umweltexperte, als Stellvertreter die Diplomforstwirtin Dorothea Schulz und der Ingenieur und Umweltgraphiker Bruno Natsch. Weitere Vorstandmitglieder sind erneut Klaus-Dieter K\u00e4ser, IT-Experte und fr\u00fcherer MdL sowie der Diplom-P\u00e4dagoge und Landschaftsplaner Hans-J\u00f6rg Schwander. Die Vorsitzenden f\u00fchren den Verein seit 2002.<\/p>\n<p><strong>ECOtrinova ist ein regionaler Zusammenschluss<\/strong> von Instituten der Umweltfor\u00adschung, -beratung, -erziehung, umweltorientierten Vereinen, Initiativen, B\u00fcros und Unternehmen sowie weiteren Interessierten aus der Region am s\u00fcdlichen Oberrhein. Der Verein arbeitet zusammen mit seinen Mitgliedsvereinigungen und -instituten sowie u.a. dem trinati\u00adonalen Vereine-Netzwerk Energie-3Regio, dem Agenda-21-B\u00fcro der Stadt Frei\u00adburg i.Br., der ECO-Stiftung f\u00fcr Energie-Klima-Umwelt, dem Klimab\u00fcndnis-Freiburg, dem ZEE Zentrum f\u00fcr Erneuerbare Energien und dem Umweltreferat der Studierendenvertretung an der Universit\u00e4t Freiburg.<\/p>\n<p><strong>Ziel der Arbeit des Vereins ist eine zukunftsf\u00e4hige Modellregion<br \/>\n<\/strong>ECOtrinova f\u00fchrt dazu eine Reihe von Gemeinschaftsprojekten in Freiburg und Region durch, auch grenz\u00fcber\u00adschreitend. Hinzu kommt Bildungs-, Informations- und Lobbyarbeit f\u00fcr die Umwelt. Die Mehrzahl der aktuell 38 Mitglieder verantwortet eine Vielzahl gro\u00dfer und kleiner eigener Vorhaben in der Region, national und international.<\/p>\n<p><strong>F\u00fcr ein ECOvalley am s\u00fcdlichen Oberrhein<br \/>\n<\/strong>In 2013\/2014 wird ECOtrinova das 2006 gegr\u00fcndete, mehrfach preisgekr\u00f6nte Samstags-Forum Regio Freiburg als \u201eIdeengenerator\u201c und \u201eVorbildanzeiger\u201c mit Gemeinschaftsveranstal\u00adtungen mit Schirmherrschaft der Freiburger Umweltb\u00fcrgermeisterin Gerda Stuchlik unter dem Motto \u201eGreen City &amp; ECO-Region. Pioniere und Vorbilder &#8211; verstehen \u2013 erleben \u2013 mitmachen\u201c weiterf\u00fchren. Das Forum erreichte mit seinen nunmehr rund 250 Vortr\u00e4gen und rund 90 F\u00fch\u00adrungen bereits14.000 TeilnehmerInnen. Die meisten Vortr\u00e4ge sowie weitere Details nebst Programmen und Fotos sind als pdf-Dateien dokumentiert bei <a href=\"https:\/\/www.ecotrinova.de\/\">www.ecotrinova.de<\/a> unter \u201eSamstags-Forum.<br \/>\n\u00a0\u00a0<br \/>\nAndere Hauptvorhaben ECOtrinovas unter dem Leitbild \u201e<strong>F\u00fcr ein ECOvalley am s\u00fcdlichen Oberrhein\u201c<\/strong> sind die Erweiterung der <strong>\u201eSonnen-Energie-Wege im Eurodistrikt<\/strong>\u201c u.a. um einen Vorbilder-Weg von Freiburg nach Mulhouse, Informationen f\u00fcr eine im w\u00f6rtlichen Sinn bl\u00fchende Region und die aktive Mitwirkung beim Freiburger st\u00e4dtischen Informations- und F\u00f6rderprogramm \u201eKraftwerk Wiehre. Strom und W\u00e4rme vor Ort\u201c. Dieses von ECOtrinova ma\u00dfgeblich angeregte Programm will f\u00fcr Freiburg und die 29.000-Einwohner-Stadtteile Wiehre-Oberau erreichen, dass bei Heizungsrenovierungen Strom erzeugende Heizungen, auch <strong>Mini-BHKW<\/strong> genannt, eingesetzt werden, dies als wichtiger Beitrag zur Energiewende, zum Klimaschutz und zur Energiekosten-Senkung.\u00a0\u00a0\u00a0\u00a0\u00a0\u00a0\u00a0\u00a0\u00a0\u00a0\u00a0\u00a0\u00a0\u00a0\u00a0\u00a0\u00a0\u00a0\u00a0\u00a0\u00a0\u00a0\u00a0\u00a0\u00a0\u00a0\u00a0\u00a0\u00a0\u00a0\u00a0\u00a0\u00a0\u00a0\u00a0\u00a0\u00a0\u00a0\u00a0\u00a0\u00a0\u00a0\u00a0 &#8211;\u00a0\u00a0\u00a0<\/p>\n<p>Gro\u00dfe Sorgen bereitet ECOtrinova weiterhin die Gef\u00e4hrdung der Region durch das <strong>Atomkraftwerk Fessenheim<\/strong> und andere Atomkraftwerke im weiteren Umkreis. Hierzu unterst\u00fctzt der Verein den Trinationalen Atomschutzverband TRAS und B\u00fcrgerinitiativen ideell. Der ECOtrinova-Vorsitzende L\u00f6ser dazu: \u201eParallel zur dringend n\u00f6tigen Stilllegung des Atomkraftwerks Fessenheim als wichtigste Aufgabe f\u00fcr die Region gilt es, <strong>Alternativen f\u00fcr Arbeitspl\u00e4tze<\/strong> u.a. im Energiewende-Bereich aufzuzeigen, auch wenn die quasi beamteten EDF-Angestellten des Atomkraftwerks Fessenheim keine Arbeitspl\u00e4tze verlieren k\u00f6nnen\u201c. Zu den von manchen offiziellen Stellen stark verharmlosten Folgen der Atomkatastrophen von Tschernobyl 1986 und Fukushima 2011 plant ECOtrinova erneut warnend Stellung zu nehmen.<br \/>\nAnders gelagerte \u201eerhebliche Sorgen machen uns die aktuellen <strong>gro\u00dfe Fl\u00e4chen fressenden Beschl\u00fcsse<\/strong> der Stadt Freiburg samt Gemeinderatsmehrheit und der Regionalverbandsver\u00adsammlung S\u00fcdlicher Oberrhein, auf wichtige Gr\u00fcnz\u00fcge und gute und gro\u00dfe landwirtschaftliche Fl\u00e4chen zuzugreifen f\u00fcr neue Stadt- und Ortsteile und neue Gewerbegebiete samt zugeh\u00f6rigen weiteren Verkehrswegen\u201c, so der ECOtrinova-Vorsitzende. Dazu seien aber viele Fl\u00e4chen schonende Alternativen bisher nicht ausreichend gepr\u00fcft oder gar umgesetzt worden.<\/p>\n<p><strong>Festschrift \u201eF\u00fcr ein ECOvalley am s\u00fcdlichen Oberrhein<\/strong>\u201c<br \/>\nZum 20-j\u00e4hrigen Bestehen von ECOtrinova im Herbst 2012 erschien k\u00fcrzlich zu den 20-j\u00e4hrigen Aktivit\u00e4ten, Projekten und Erfolgen die 50-seitige reich bebilderte <strong>Festschrift \u201eF\u00fcr ein ECOvalley am s\u00fcdlichen Oberrhein<\/strong>\u201c, die jetzt als ECOtrinova-Nachrichten 1-2013 unter <a href=\"https:\/\/www.ecotrinva.de\/\">www.ecotrinova.de<\/a> ver\u00f6ffentlicht ist mit Gru\u00dfworten der Regierungspr\u00e4sidentin B\u00e4rbel Sch\u00e4fer und der Freiburger Umweltb\u00fcrgermeisterin Gerda Stuchlik.\u00a0\u00a0<\/p>\n<p><strong>Preisgekr\u00f6nte Projekte von ECOtrinova:<br \/>\n<\/strong>Seit 2003 wurde ECOtrinova f\u00fcr seine Projekte im Bereich Umwelt- und Klimaschutz sowie zur Energie\u00adwende, die in Freiburg und Region sowie trinational am s\u00fcdlichen Oberrhein stattfinden, mehrfach preisgekr\u00f6nt, zuletzt mit dem 1. Preis Umweltschutz der Stadt Freiburg i.Br. 2011 u.a. f\u00fcrs Samstags-Forum Regio Freiburg, mit dem 2. Platz beim Landeswettbewerb \u201eEcht gut! Ehrenamt in Baden-W\u00fcrttemberg in 2009 zu Umwelt und nachhaltiger Entwicklung, dem 1. Preis CO2-Sparer Stadt Freiburg 2008 sowie einem 1. Platz beim lokalen UNESCO-dm-Wettbwerb \u201eIdeen-Initiative-Zukunft\u201c. In 2007 erhielt ECOtrinova einen Aesculap-Umweltpreis, in 2006 einen F\u00f6rderpreis der Klimaschutzinitiative CO2NTRA f\u00fcr gemeinn\u00fctzige Vereine, beide zum Start des Samstags-Forums Regio Freiburg.<\/p>\n<p><strong>Dreimal gewann ECOtrinova beim Landeswettbewerb f\u00fcr kommunale und Agenda21-Projekte<\/strong> mit den deutsch-franz\u00f6sischen \u201eSonnen-Energie-Wegen\u201c f\u00fcr Vorbildobjekte, mit dem rhein\u00fcberschrei\u00adtenden ebenfalls zweisprachigen Ideenwettbewerb f\u00fcr Energie, Klimaschutz und Wasser, beide im hiesigen Eurodistrikt, sowie mit der Agenda21-Aktionsbibliothek Klimaschutz und Umwelt Regio Freiburg, s\u00e4mtlich Gemeinschaftsvorhaben mit anderen Vereinen und Institutionen. Die Agenda21-Aktionsbibliothek diente als Vorstufe zum Samstags-Forum Regio Freiburg. Dieses wiederum f\u00fchrte mit ECOtrinovas Lobbyarbeit zusammen mit dem Klimab\u00fcndnis Freiburg u.a. zu Beschl\u00fcssen des Gemeinderats Richtung <strong>energiesparende Baustandards und f\u00fcr dezentrale Kraftw\u00e4rmekopplung<\/strong> (BHKW) sowie zum Freiburger Programm \u201eKraftwerk Wiehre. Strom und W\u00e4rme vor Ort\u201c.<\/p>\n<p>ECOtrinova e.V., (gemeinn\u00fctziger Verein VR Freiburg i.Br.)<br \/>\nDr. Georg L\u00f6ser, Vorsitzender, Post: Weiherweg 4 B, D-79194 Gundelfingen,<br \/>\n<a href=\"https:\/\/www.ecotrinova.de\">www.ecotrinova.de<\/a> , <a href=\"mailto:ecotrinova@web.de\">ecotrinova@web.de<\/a><\/p>\n","protected":false},"excerpt":{"rendered":"<p>ECOtrinova e.V. ist ein regionaler Zusammenschluss von umweltorienterten Institutionen, Initiativen, Unternehmen und Vereinen. Ziel\u00a0der Arbeit des Vereins ist eine zukunftsf\u00e4hige Modellregion &#8211; ECOvalley am s\u00fcdlichen Oberrhein. Nun wurde die ehrenamtlichen Vorst\u00e4nde f\u00fcr weitere zwei Jahre\u00a0gew\u00e4hlt &#8211; an der Spitze\u00a0Dr. Georg &hellip; <a href=\"https:\/\/www.freiburg-schwarzwald.de\/blog\/ecotrinova-vorstand-ecovalley\/\">Weiterlesen <span class=\"meta-nav\">&rarr;<\/span><\/a><\/p>\n","protected":false},"author":4,"featured_media":0,"comment_status":"open","ping_status":"closed","sticky":false,"template":"","format":"standard","meta":{"footnotes":""},"categories":[131,54,133,127,68,6],"tags":[193,239,151,305],"class_list":["post-36687","post","type-post","status-publish","format-standard","hentry","category-biomasse","category-ehrenamt","category-kraftwaermekopplung","category-solar","category-umwelt","category-vereine","tag-bhkw","tag-energiesparen","tag-erneuerbare-energien","tag-windkraft"],"_links":{"self":[{"href":"https:\/\/www.freiburg-schwarzwald.de\/blog\/wp-json\/wp\/v2\/posts\/36687","targetHints":{"allow":["GET"]}}],"collection":[{"href":"https:\/\/www.freiburg-schwarzwald.de\/blog\/wp-json\/wp\/v2\/posts"}],"about":[{"href":"https:\/\/www.freiburg-schwarzwald.de\/blog\/wp-json\/wp\/v2\/types\/post"}],"author":[{"embeddable":true,"href":"https:\/\/www.freiburg-schwarzwald.de\/blog\/wp-json\/wp\/v2\/users\/4"}],"replies":[{"embeddable":true,"href":"https:\/\/www.freiburg-schwarzwald.de\/blog\/wp-json\/wp\/v2\/comments?post=36687"}],"version-history":[{"count":0,"href":"https:\/\/www.freiburg-schwarzwald.de\/blog\/wp-json\/wp\/v2\/posts\/36687\/revisions"}],"wp:attachment":[{"href":"https:\/\/www.freiburg-schwarzwald.de\/blog\/wp-json\/wp\/v2\/media?parent=36687"}],"wp:term":[{"taxonomy":"category","embeddable":true,"href":"https:\/\/www.freiburg-schwarzwald.de\/blog\/wp-json\/wp\/v2\/categories?post=36687"},{"taxonomy":"post_tag","embeddable":true,"href":"https:\/\/www.freiburg-schwarzwald.de\/blog\/wp-json\/wp\/v2\/tags?post=36687"}],"curies":[{"name":"wp","href":"https:\/\/api.w.org\/{rel}","templated":true}]}}