{"id":36608,"date":"2013-08-17T19:11:24","date_gmt":"2013-08-17T17:11:24","guid":{"rendered":"https:\/\/www.freiburg-schwarzwald.de\/blog\/?p=36608"},"modified":"2013-09-04T13:09:01","modified_gmt":"2013-09-04T11:09:01","slug":"afd-bashing-erzbischof-zollitsch","status":"publish","type":"post","link":"https:\/\/www.freiburg-schwarzwald.de\/blog\/afd-bashing-erzbischof-zollitsch\/","title":{"rendered":"AfD-Bashing Erzbischof Zollitsch"},"content":{"rendered":"<p><a title=\"Christen\" href=\"https:\/\/www.freiburg-schwarzwald.de\/blog\/religion\/christen\/\">Erzbischof Zollitsch<\/a>\u00a0hat die Partei &#8222;Alternative f\u00fcr Deutschland&#8220; AfD scharf attakiert.\u00a0In einem offenen Brief fragt\u00a0die AfD-Kandidatin Beatrix von Storch,\u00a0ob es nicht die Aufgabe eines <a title=\"Katholisch\" href=\"https:\/\/www.freiburg-schwarzwald.de\/blog\/religion\/katholisch\/\">Erzbischofs<\/a> sei, sich in\u00a0<a title=\"EU\" href=\"https:\/\/www.freiburg-schwarzwald.de\/blog\/global\/eu\/\">EU<\/a> und <a title=\"Demokratie\" href=\"https:\/\/www.freiburg-schwarzwald.de\/blog\/engagement\/zukunft\/demokratie\/\">Demokratie<\/a> f\u00fcr den Schutz christlicher Werte einzusetzen und sich um die Armen und Schwachen zu k\u00fcmmern, statt sich auf die Seite von Macht und <a title=\"Euro\" href=\"https:\/\/www.freiburg-schwarzwald.de\/blog\/global\/eu\/euro\/\">Geld<\/a> zu schlagen. <!--more-->Zudem fragt von Storch, ob Zollitsch von den deutschen Bisch\u00f6fen \u00fcberhaupt ein Mandat habe, \u00f6ffentlich gegen die AfD als politische und auf dem Grundgesetz stehende\u00a0Partei Stellung zu beziehen. Von Storch weiter: &#8222;Sie nennen uns \u201eein paar Nostalgiker\u201d, die an der F\u00fcnf-Prozent-H\u00fcrde scheitern sollten. Erzbischof Zollitsch, nur noch ein paar Tr\u00e4umer, aber vor allem die Spekulanten, B\u00e4nker, Politiker und Lobbyisten verschlie\u00dfen ihre Augen vor der Realit\u00e4t. Sie nennen uns Nostalgiker? In der Tat: wir sehnen uns nach Anst\u00e4ndigkeit, Redlichkeit und Ehrlichkeit gegen\u00fcber den B\u00fcrgern. Wir wollen, da\u00df die Regierungen sich an die EU-Verfassung halten. Wir wollen nicht mehr, da\u00df Macht vor Recht geht. Wir wollen nicht, da\u00df die B\u00fcrger und ganze V\u00f6lker durch die Verschuldung in die Knechtschaft gebracht werden. &#8230;.&#8220;<br \/>\nDen gesamten Offenen\u00a0Brief von Beatrix von Storch (AfD) bitte lesen auf:<br \/>\n<a href=\"https:\/\/www.freiewelt.net\/nachricht\/beatrix-von-storch-erwidert-zollitschs-ausfall-gegen-die-afd-10006804\/\" target=\"_blank\">https:\/\/www.freiewelt.net\/nachricht\/beatrix-von-storch-erwidert-zollitschs-ausfall-gegen-die-afd-10006804\/<\/a><\/p>\n<p><em>Erzbischof Robert Zollitsch im Badischen Tagblatt: &#8222;Nein, unsere Zukunft liegt in Europa und nicht in der R\u00fcckkehr in die Nationalstaaten.&#8220; Er hoffe, dass in der AfD &#8222;nur ein paar Nostalgiker&#8220; seien, &#8222;die nicht in den Bundestag einziehen werden&#8220;.<\/em><\/p>\n<p>&nbsp;<\/p>\n<p><strong>Erzbischof Zollitsch spricht zwar \u00fcber die AfD, will aber nicht mit ihr sprechen<\/strong><br \/>\nErzbischof Zollitsch hat die &#8222;Alternative f\u00fcr Deutschland&#8220; als &#8222;Nostalgiker&#8220; bezeichnet und warnt vor einer &#8222;R\u00fcckkehr in die Nationalstaaten&#8220;. Er lehnt ein Gespr\u00e4chsangebot der Parteif\u00fchrung ab, weil er, so sein Sprecher, &#8222;vor der Wahl mit keiner Partei sprechen w\u00fcrde&#8220;.<br \/>\nErzbischof Zollitsch spricht zwar \u00fcber diese Partei, will aber nicht mit ihr sprechen. Da kann man sich eigentlich nur noch wundern. W\u00e4re es nicht die Aufgabe der Kirche, sich f\u00fcr den Schutz christlicher Werte einzusetzen und sich um die sozial Schwachen zu k\u00fcmmern, statt sich auf die Seite von Macht und Geld zu schlagen? Denn es d\u00fcrfte ja wohl unbestreitbar sein, dass die angeblich alternativlose Eurorettungspolitik nicht den Menschen in den S\u00fcdstaaten hilft, sondern nur marode Banken und politische Systeme rettet.<br \/>\nUnd was meint er mit &#8222;R\u00fcckkehr zu den Nationalstaaten&#8220;? Sind die denn schon abgeschafft? Von wem? Die Souver\u00e4nit\u00e4t zur Abschaffung Deutschlands liegt ausschlie\u00dflich beim deutschen Volk, und das wurde dazu bisher nicht gefragt.<br \/>\nEuropa ist eine Wertegemeinschaft (mit christlichen Wurzeln) in Freiheit und keine Schuldenunion, die aus Nachbarn Schuldner und Gl\u00e4ubiger macht. Herr Zollitsch missbraucht sein Amt, um vor einer Partei zu warnen, die f\u00fcr Ehrlichkeit gegen\u00fcber den B\u00fcrgern und f\u00fcr das Prinzip &#8222;Recht vor Macht&#8220; eintritt. Aber das will er offensichtlich nicht sehen. Das ist ein Armutszeugnis f\u00fcr den Vorsitzenden der deutschen Bischofskonferenz.<br \/>\n4.9.2013, Michael Dyllick-Brenzinger, Freiburg<!-- RSPEAK_STOP --><\/p>\n<p>&nbsp;<\/p>\n","protected":false},"excerpt":{"rendered":"<p>Erzbischof Zollitsch\u00a0hat die Partei &#8222;Alternative f\u00fcr Deutschland&#8220; AfD scharf attakiert.\u00a0In einem offenen Brief fragt\u00a0die AfD-Kandidatin Beatrix von Storch,\u00a0ob es nicht die Aufgabe eines Erzbischofs sei, sich in\u00a0EU und Demokratie f\u00fcr den Schutz christlicher Werte einzusetzen und sich um die Armen &hellip; <a href=\"https:\/\/www.freiburg-schwarzwald.de\/blog\/afd-bashing-erzbischof-zollitsch\/\">Weiterlesen <span class=\"meta-nav\">&rarr;<\/span><\/a><\/p>\n","protected":false},"author":4,"featured_media":0,"comment_status":"open","ping_status":"closed","sticky":false,"template":"","format":"standard","meta":{"footnotes":""},"categories":[261,89],"tags":[525,500],"class_list":["post-36608","post","type-post","status-publish","format-standard","hentry","category-katholisch","category-kirchen","tag-politik","tag-wahl"],"_links":{"self":[{"href":"https:\/\/www.freiburg-schwarzwald.de\/blog\/wp-json\/wp\/v2\/posts\/36608","targetHints":{"allow":["GET"]}}],"collection":[{"href":"https:\/\/www.freiburg-schwarzwald.de\/blog\/wp-json\/wp\/v2\/posts"}],"about":[{"href":"https:\/\/www.freiburg-schwarzwald.de\/blog\/wp-json\/wp\/v2\/types\/post"}],"author":[{"embeddable":true,"href":"https:\/\/www.freiburg-schwarzwald.de\/blog\/wp-json\/wp\/v2\/users\/4"}],"replies":[{"embeddable":true,"href":"https:\/\/www.freiburg-schwarzwald.de\/blog\/wp-json\/wp\/v2\/comments?post=36608"}],"version-history":[{"count":0,"href":"https:\/\/www.freiburg-schwarzwald.de\/blog\/wp-json\/wp\/v2\/posts\/36608\/revisions"}],"wp:attachment":[{"href":"https:\/\/www.freiburg-schwarzwald.de\/blog\/wp-json\/wp\/v2\/media?parent=36608"}],"wp:term":[{"taxonomy":"category","embeddable":true,"href":"https:\/\/www.freiburg-schwarzwald.de\/blog\/wp-json\/wp\/v2\/categories?post=36608"},{"taxonomy":"post_tag","embeddable":true,"href":"https:\/\/www.freiburg-schwarzwald.de\/blog\/wp-json\/wp\/v2\/tags?post=36608"}],"curies":[{"name":"wp","href":"https:\/\/api.w.org\/{rel}","templated":true}]}}