{"id":36585,"date":"2013-08-17T13:02:29","date_gmt":"2013-08-17T11:02:29","guid":{"rendered":"https:\/\/www.freiburg-schwarzwald.de\/blog\/?p=36585"},"modified":"2013-08-17T16:01:08","modified_gmt":"2013-08-17T14:01:08","slug":"bienenfresser-am-nimberg-lev","status":"publish","type":"post","link":"https:\/\/www.freiburg-schwarzwald.de\/blog\/bienenfresser-am-nimberg-lev\/","title":{"rendered":"Bienenfresser am Nimberg LEV"},"content":{"rendered":"<p>Die <a title=\"Naturschutz\" href=\"https:\/\/www.freiburg-schwarzwald.de\/blog\/natur\/naturschutz\/\">Artenvielfalt<\/a> am S\u00fcdrand des Nimbergs ist reicher geworden. Durch die engagierte Zusammenarbeit des Nebenerwerbslandwirtes Ralf Schlegel mit dem Landschaftserhaltungsverband<a title=\"Breisgau-Hochschwarzwald\" href=\"https:\/\/www.freiburg-schwarzwald.de\/blog\/regio\/breisgau-hochschwarzwald\/\"> Breisgau-Hochschwarzwald <\/a>(LEV) konnten bedrohte Tierarten wie der <a title=\"Vogel\" href=\"https:\/\/www.freiburg-schwarzwald.de\/blog\/natur\/tiere\/vogel\/\">Bienenfresser<\/a>, die <a title=\"Schlingnatter am Kaiserstuhl\" href=\"https:\/\/www.freiburg-schwarzwald.de\/blog\/schlingnatter-am-kaiserstuhl\/\">Schlingnatte<\/a>r und zahlreiche Wildbienen gef\u00f6rdert werden. Sie haben jetzt bessere Lebensbedingungen.<!--more--><\/p>\n<p>Der Bienenfresser sowie gef\u00e4hrdete Insektenarten und Reptilien profitierten von \u00f6kologischen Pflegearbeiten am Nimberg. Noch zum Ende der Geh\u00f6lzpflegesaison im Februar wurden Geb\u00fcsche auf Steilfl\u00e4chen an der B\u00f6schung des Nimbergs mit Unterst\u00fctzung durch Landschaftspflegegelder des Naturschutzes gerodet. Mareike Schlaeger und Reinhold Treiber hatten f\u00fcr den LEV diese Pflegearbeiten geplant. Ihr Ziel ist es, die von Geh\u00f6lzen beschatteten L\u00f6sssteilw\u00e4nde f\u00fcr den Bienenfresser als Lebensraum wieder freizustellen und zugleich bl\u00fctenreiche S\u00e4ume zu f\u00f6rdern. Der bunt gefiederte Vogel war erst in den 1990er Jahren wieder am Oberrhein beobachtet worden, nachdem er Jahrzehnte lang praktisch verschwunden war. Inzwischen hat er sich vor allem am Kaiserstuhl wieder etabliert.<\/p>\n<p>Entscheidend f\u00fcr das Vorkommen des Bienenfressers sind besonnte L\u00f6sssteilw\u00e4nde, in denen er seine Brutr\u00f6hren bis zu 1,8 Meter tief anlegt. Er ern\u00e4hrt sich von Insekten, die er im Flug f\u00e4ngt. Im nahe gelegenen Naturschutzgebiet Neuershausener Mooswald findet er ideale Nahrungsbedingungen. Die Nistpl\u00e4tze in den L\u00f6ssw\u00e4nden jedoch waren zunehmend von Verbuschung bedroht, und mit ihnen auch der von Naturfreunden und G\u00e4sten viel bestaunte Bienenfresser.<\/p>\n<p><a href=\"https:\/\/www.freiburg-schwarzwald.de\/blog\/bienenfresser-am-nimberg-lev\/bienenfresser-lev130816\/\" rel=\"attachment wp-att-36590\"><img loading=\"lazy\" decoding=\"async\" class=\"alignnone size-thumbnail wp-image-36590\" title=\"bienenfresser-lev130816\" src=\"https:\/\/www.freiburg-schwarzwald.de\/blog\/wp-content\/uploads\/2013\/08\/bienenfresser-lev130816-135x180.jpg\" alt=\"\" width=\"135\" height=\"180\" srcset=\"https:\/\/www.freiburg-schwarzwald.de\/blog\/wp-content\/uploads\/2013\/08\/bienenfresser-lev130816-135x180.jpg 135w, https:\/\/www.freiburg-schwarzwald.de\/blog\/wp-content\/uploads\/2013\/08\/bienenfresser-lev130816.jpg 462w\" sizes=\"auto, (max-width: 135px) 100vw, 135px\" \/><\/a>\u00a0\u00a0\u00a0\u00a0\u00a0\u00a0\u00a0\u00a0\u00a0 <a href=\"https:\/\/www.freiburg-schwarzwald.de\/blog\/bienenfresser-am-nimberg-lev\/bienenfresser-schlegel-lev130816\/\" rel=\"attachment wp-att-36591\"><img loading=\"lazy\" decoding=\"async\" class=\"alignnone size-thumbnail wp-image-36591\" title=\"bienenfresser-schlegel-lev130816\" src=\"https:\/\/www.freiburg-schwarzwald.de\/blog\/wp-content\/uploads\/2013\/08\/bienenfresser-schlegel-lev130816-180x132.jpg\" alt=\"\" width=\"180\" height=\"132\" srcset=\"https:\/\/www.freiburg-schwarzwald.de\/blog\/wp-content\/uploads\/2013\/08\/bienenfresser-schlegel-lev130816-180x132.jpg 180w, https:\/\/www.freiburg-schwarzwald.de\/blog\/wp-content\/uploads\/2013\/08\/bienenfresser-schlegel-lev130816.jpg 577w\" sizes=\"auto, (max-width: 180px) 100vw, 180px\" \/><\/a><\/p>\n<p>Der Bienenfresser hat nach dem Kaiserstuhl und Tuniberg auch den Marchh\u00fcgel als Lebensraum wieder besiedelt. Landwirt\u00a0 Ralf Schlegel\u00a0begutachtet zusammen mit Mareike Schlaeger vom LEV eine freigelegte L\u00f6\u00dfb\u00f6schung am Nimberg bei Neuershausen, in der brutr\u00f6hren des Bienenfressers zu finden sind. Bilder: Friedrich Saumer, LEV<\/p>\n<div>\n<div id=\"zoneAdserverMrec\">\n<div id=\"helperAdserverMrec\"><noscript><\/noscript><\/p>\n<div id=\"beacon_68d454dc57\">\n<p><img loading=\"lazy\" decoding=\"async\" src=\"https:\/\/w.online-verlag-freiburg.de\/www\/delivery\/lg.php?bannerid=872&amp;campaignid=397&amp;zoneid=126306&amp;loc=1&amp;referer=http%3A%2F%2Fwww.badische-zeitung.de%2Fmarch%2Fbienenfresser-jagt-am-marchhuegel--74403032.html&amp;cb=68d454dc57\" alt=\"\" width=\"0\" height=\"0\" \/>Dank des tatkr\u00e4ftigen Arbeitseinsatzes konnte der Bienenfresser nun erfolgreich in den frei gelegten L\u00f6sssteilw\u00e4nden br\u00fcten, nachdem der w\u00e4rmeliebende Vogel in diesem Jahr zun\u00e4chst gro\u00dfe Schwierigkeiten mit der nasskalten Witterung im Fr\u00fchjahr hatte. Im Nachgang zu den Geh\u00f6lzarbeiten wurden bei einer Sommerpflege Bereiche mit stark wachsenden Goldrutenbest\u00e4nden gem\u00e4ht, damit die von ihr sonst verdr\u00e4ngten heimischen Pflanzenarten hochkommen k\u00f6nnen, um so auch die potentiellen Lebensr\u00e4ume f\u00fcr die Insekten wie auch f\u00fcr gesch\u00fctzte Reptilienarten, wie die Schlingnatter, freizuhalten. Der im letzten Jahr neu gegr\u00fcndete LEV arbeitet an vielen Stellen im Landkreis mit Landwirten zusammen. Im Fall des s\u00fcdlichen Nimbergs ist dies der Neuershauser Landwirt Ralf Schlegel.<br \/>\n&#8222;Ich freue mich, dass der Bienenfresser hier an den Steilw\u00e4nden br\u00fctet und sich die Schlingnatter nun wieder sonnen kann&#8220;, sagte Ralf Schlegel. Er will sich auch in den n\u00e4chsten Jahren f\u00fcr diese besondere Fl\u00e4che mit seiner Arbeitskraft einsetzen. Er wird mit entsprechenden Ger\u00e4ten daf\u00fcr sorgen, dass hohe B\u00fcsche die L\u00f6ssh\u00e4nge nicht wieder beschatten und dass die Goldruten die pflanzliche Artenvielfalt im Umfeld der B\u00f6schungen nicht vermindern. Der sch\u00f6ne Vogel, der farbenpr\u00e4chtigste unter den heimischen Arten, ist vom Weg aus regelm\u00e4\u00dfig zu h\u00f6ren und mit etwas Gl\u00fcck auch in der Luft zu entdecken. Im September macht sich der w\u00e4rmeliebende Bienenfresser als Zugvogel auf den langen Weg in seine \u00dcberwinterungsgebiete in Afrika s\u00fcdlich der Sahara. Der LEV nimmt Hinweise zu besonderen Artvorkommen auf.<br \/>\n17.8.2013, <a title=\"Naturgarten-Kaiserstuhl\" href=\"https:\/\/www.freiburg-schwarzwald.de\/blog\/regio\/kaiserstuhl\/naturgarten-kaiserstuhl\/\">Naturgarten-Kaiserstuhl<\/a><\/p>\n<\/div>\n<\/div>\n<\/div>\n<\/div>\n<div>Info: Kontakt Landschaftserhaltungsverband Breisgau-Hochschwarzwald, Europaplatz 1, 79206 Breisach, Tel.\u00a00761\/2187-5892, e-mail: <a title=\"\" href=\"mailto:mareike.schlaeger@lkbh.de\" target=\"_blank\">mareike.schlaeger@lkbh.de<\/a><\/div>\n<div>\u00a0<\/div>\n","protected":false},"excerpt":{"rendered":"<p>Die Artenvielfalt am S\u00fcdrand des Nimbergs ist reicher geworden. Durch die engagierte Zusammenarbeit des Nebenerwerbslandwirtes Ralf Schlegel mit dem Landschaftserhaltungsverband Breisgau-Hochschwarzwald (LEV) konnten bedrohte Tierarten wie der Bienenfresser, die Schlingnatter und zahlreiche Wildbienen gef\u00f6rdert werden. Sie haben jetzt bessere Lebensbedingungen.<\/p>\n","protected":false},"author":4,"featured_media":0,"comment_status":"open","ping_status":"closed","sticky":false,"template":"","format":"standard","meta":{"footnotes":""},"categories":[178,67,220],"tags":[142],"class_list":["post-36585","post","type-post","status-publish","format-standard","hentry","category-kaiserstuhl","category-naturschutz","category-vogel","tag-renaturierung"],"_links":{"self":[{"href":"https:\/\/www.freiburg-schwarzwald.de\/blog\/wp-json\/wp\/v2\/posts\/36585","targetHints":{"allow":["GET"]}}],"collection":[{"href":"https:\/\/www.freiburg-schwarzwald.de\/blog\/wp-json\/wp\/v2\/posts"}],"about":[{"href":"https:\/\/www.freiburg-schwarzwald.de\/blog\/wp-json\/wp\/v2\/types\/post"}],"author":[{"embeddable":true,"href":"https:\/\/www.freiburg-schwarzwald.de\/blog\/wp-json\/wp\/v2\/users\/4"}],"replies":[{"embeddable":true,"href":"https:\/\/www.freiburg-schwarzwald.de\/blog\/wp-json\/wp\/v2\/comments?post=36585"}],"version-history":[{"count":0,"href":"https:\/\/www.freiburg-schwarzwald.de\/blog\/wp-json\/wp\/v2\/posts\/36585\/revisions"}],"wp:attachment":[{"href":"https:\/\/www.freiburg-schwarzwald.de\/blog\/wp-json\/wp\/v2\/media?parent=36585"}],"wp:term":[{"taxonomy":"category","embeddable":true,"href":"https:\/\/www.freiburg-schwarzwald.de\/blog\/wp-json\/wp\/v2\/categories?post=36585"},{"taxonomy":"post_tag","embeddable":true,"href":"https:\/\/www.freiburg-schwarzwald.de\/blog\/wp-json\/wp\/v2\/tags?post=36585"}],"curies":[{"name":"wp","href":"https:\/\/api.w.org\/{rel}","templated":true}]}}