{"id":36500,"date":"2013-08-16T12:51:42","date_gmt":"2013-08-16T10:51:42","guid":{"rendered":"https:\/\/www.freiburg-schwarzwald.de\/blog\/?p=36500"},"modified":"2013-08-16T12:51:42","modified_gmt":"2013-08-16T10:51:42","slug":"japan-atomgegner-bei-ews","status":"publish","type":"post","link":"https:\/\/www.freiburg-schwarzwald.de\/blog\/japan-atomgegner-bei-ews\/","title":{"rendered":"Japan-Atomgegner bei EWS"},"content":{"rendered":"<p>Atomkritische, <a title=\"Japan\" href=\"https:\/\/www.freiburg-schwarzwald.de\/blog\/global\/japan\/\">japanische<\/a> Gouverneurin zu Gast bei <a title=\"EWS-Schoenau\" href=\"https:\/\/www.freiburg-schwarzwald.de\/blog\/energie\/strom\/ews-schoenau\/\">EWS Sch\u00f6nau<\/a>. \u201e\u2026 in Japan mischt eine <a title=\"Strom\" href=\"https:\/\/www.freiburg-schwarzwald.de\/blog\/energie\/strom\/\">Atomkraftgegnerin<\/a> die politische Szene des Landes auf\u201c so charakterisierte das Handelsblatt Professor Yukiko Kada, die erste weibliche japanische Gouverneurin der Pr\u00e4fektur Shiga.\u00a0\u00a0Vor den Unterhauswahlen im Dezember 2012 gr\u00fcndete sie die \u201eZukunftspartei Japans\u201c, die sich f\u00fcr den <a title=\"AKW\" href=\"https:\/\/www.freiburg-schwarzwald.de\/blog\/energie\/akw\/\">Atomausstieg<\/a> und f\u00fcr Frauenrechte stark macht.<!--more-->Als Parteilose hat sie die Wahl 2006 f\u00fcr sich entschieden und wurde 2010 wiedergew\u00e4hlt. Um ihre energiepolitischen Ziele wirksam zu verfolgen, besuchte sie mit einer Delegation leitenden Mitarbeiter am 14. August 2013 die Elektrizit\u00e4tswerke Sch\u00f6nau zu einen Informationsgespr\u00e4ch. \u201eWie ist es m\u00f6glich, in einer B\u00fcrgerinitiative so viele Kompetenzen zu b\u00fcndeln, dass daraus tats\u00e4chlich ein wirtschaftlich erfolgreiches Energieversorgungsunternehmen erwachsen kann?\u201c, war eine ihrer zentralen Fragen. Die Antwort ist keine einfache, sondern eher ein ganzer Blumenstrau\u00df aus vielen Informationen und Geschichten \u00fcber das Erkennen von g\u00fcnstigen Umst\u00e4nden oder auch \u00fcber das Wagnis, einfach einmal den ersten Schritt zu gehen, ohne den zweiten zu kennen. Professor Yukiko Kada, die sich im Vorfeld schon gr\u00fcndlich \u00fcber die EWS Sch\u00f6nau informiert hatte, zeigte sich begeistert dar\u00fcber, dass der Funke noch einmal ganz besonders energiegeladen \u00fcberspringt, wenn man in Sch\u00f6nau live erlebt, mit wie viel Tatkraft man sich hier f\u00fcr die B\u00fcrgerenergiewende einsetzt. Dr. Eva Stegen war ebenfalls hocherfreut, eine so engagierte Atomkraftgegnerin zu Gast zu haben. Sebastian Sladek, der zwischen 2 Terminen auf einen Sprung vorbeikam, freute sich mit Frau Kada \u00fcber eine alte Aufnahme, die ihn in einem Buch \u00fcber die EWS Sch\u00f6nau, von der japanischen Journalistin Taguchi Riho , zeigt.\u00a0\u00a0<\/p>\n<p><a href=\"https:\/\/www.freiburg-schwarzwald.de\/blog\/japan-atomgegner-bei-ews\/schoenau-japan130814\/\" rel=\"attachment wp-att-36501\"><img loading=\"lazy\" decoding=\"async\" class=\"alignnone size-thumbnail wp-image-36501\" title=\"schoenau-japan130814\" src=\"https:\/\/www.freiburg-schwarzwald.de\/blog\/wp-content\/uploads\/2013\/08\/schoenau-japan130814-180x140.jpg\" alt=\"\" width=\"180\" height=\"140\" srcset=\"https:\/\/www.freiburg-schwarzwald.de\/blog\/wp-content\/uploads\/2013\/08\/schoenau-japan130814-180x140.jpg 180w, https:\/\/www.freiburg-schwarzwald.de\/blog\/wp-content\/uploads\/2013\/08\/schoenau-japan130814.jpg 639w\" sizes=\"auto, (max-width: 180px) 100vw, 180px\" \/><\/a>\u00a0\u00a0\u00a0\u00a0\u00a0\u00a0\u00a0\u00a0\u00a0\u00a0\u00a0\u00a0\u00a0\u00a0\u00a0\u00a0\u00a0\u00a0\u00a0\u00a0 <a href=\"https:\/\/www.freiburg-schwarzwald.de\/blog\/japan-atomgegner-bei-ews\/schoenau-japan-sladek130814\/\" rel=\"attachment wp-att-36502\"><img loading=\"lazy\" decoding=\"async\" title=\"schoenau-japan-sladek130814\" src=\"https:\/\/www.freiburg-schwarzwald.de\/blog\/wp-content\/uploads\/2013\/08\/schoenau-japan-sladek130814-144x180.jpg\" alt=\"\" width=\"144\" height=\"180\" \/><\/a><br \/>\n(1) Frau Prof Yukiko Kada (2.v.r)\u00a0\u00a0\u00a0\u00a0\u00a0\u00a0\u00a0\u00a0\u00a0\u00a0 \u00a0\u00a0\u00a0\u00a0\u00a0\u00a0\u00a0\u00a0\u00a0\u00a0\u00a0\u00a0 (2)\u00a0<\/p>\n<p>(1) zeigt Frau Prof. Yukiko Kada (2.v.r), ihre\u00a0drei Mitarbeiter (hinten), Dr. Eva Stegen und den in Waldkirch lebenden Dipl. Forstwirt Noriaki Ikeda (1.v.l.), der die Gruppe als \u00dcbersetzer begleitete.\u00a0<br \/>\n(2) Frau Prof. Yukiko Kada zeigt Sebastian Sladek sein Konterfei im Buch von Taguchi Riho\u00a0<\/p>\n<p>Zum Schluss hatte Frau Kada noch eine gute Nachricht im Gep\u00e4ck: Der Schauspieler Taro Yamamoto, der noch im M\u00e4rz 2013 bei uns in Sch\u00f6nau zu Gast war und der wegen seines Einsatzes f\u00fcr den Ausstieg aus der Atomenergie keine Filmengagements mehr bekam, ist im Juli als unabh\u00e4ngiger Kandidat im Wahlbezirk Tokio mit den drittmeisten Stimmen in das japanische Oberhaus gew\u00e4hlt worden. Herzlichen Gl\u00fcckwunsch aus Sch\u00f6nau, Taro Yamamoto!\u00a0\u00a0<br \/>\nFrau Kada war ihrerseits hocherfreut \u00fcber die brandaktuelle Neuigkeit, dass Ursula Sladek mit dem h\u00f6chstdotierten Umweltpreis in Europa, dem Deutschen Umweltpreis, ausgezeichnet wurde.<\/p>\n","protected":false},"excerpt":{"rendered":"<p>Atomkritische, japanische Gouverneurin zu Gast bei EWS Sch\u00f6nau. \u201e\u2026 in Japan mischt eine Atomkraftgegnerin die politische Szene des Landes auf\u201c so charakterisierte das Handelsblatt Professor Yukiko Kada, die erste weibliche japanische Gouverneurin der Pr\u00e4fektur Shiga.\u00a0\u00a0Vor den Unterhauswahlen im Dezember 2012 &hellip; <a href=\"https:\/\/www.freiburg-schwarzwald.de\/blog\/japan-atomgegner-bei-ews\/\">Weiterlesen <span class=\"meta-nav\">&rarr;<\/span><\/a><\/p>\n","protected":false},"author":4,"featured_media":0,"comment_status":"open","ping_status":"closed","sticky":false,"template":"","format":"standard","meta":{"footnotes":""},"categories":[164,14],"tags":[163,151],"class_list":["post-36500","post","type-post","status-publish","format-standard","hentry","category-akw","category-global","tag-atomkraft","tag-erneuerbare-energien"],"_links":{"self":[{"href":"https:\/\/www.freiburg-schwarzwald.de\/blog\/wp-json\/wp\/v2\/posts\/36500","targetHints":{"allow":["GET"]}}],"collection":[{"href":"https:\/\/www.freiburg-schwarzwald.de\/blog\/wp-json\/wp\/v2\/posts"}],"about":[{"href":"https:\/\/www.freiburg-schwarzwald.de\/blog\/wp-json\/wp\/v2\/types\/post"}],"author":[{"embeddable":true,"href":"https:\/\/www.freiburg-schwarzwald.de\/blog\/wp-json\/wp\/v2\/users\/4"}],"replies":[{"embeddable":true,"href":"https:\/\/www.freiburg-schwarzwald.de\/blog\/wp-json\/wp\/v2\/comments?post=36500"}],"version-history":[{"count":0,"href":"https:\/\/www.freiburg-schwarzwald.de\/blog\/wp-json\/wp\/v2\/posts\/36500\/revisions"}],"wp:attachment":[{"href":"https:\/\/www.freiburg-schwarzwald.de\/blog\/wp-json\/wp\/v2\/media?parent=36500"}],"wp:term":[{"taxonomy":"category","embeddable":true,"href":"https:\/\/www.freiburg-schwarzwald.de\/blog\/wp-json\/wp\/v2\/categories?post=36500"},{"taxonomy":"post_tag","embeddable":true,"href":"https:\/\/www.freiburg-schwarzwald.de\/blog\/wp-json\/wp\/v2\/tags?post=36500"}],"curies":[{"name":"wp","href":"https:\/\/api.w.org\/{rel}","templated":true}]}}