{"id":36053,"date":"2013-08-08T14:41:46","date_gmt":"2013-08-08T12:41:46","guid":{"rendered":"https:\/\/www.freiburg-schwarzwald.de\/blog\/?p=36053"},"modified":"2013-08-08T14:42:47","modified_gmt":"2013-08-08T12:42:47","slug":"illegale-kleidercontainer","status":"publish","type":"post","link":"https:\/\/www.freiburg-schwarzwald.de\/blog\/illegale-kleidercontainer\/","title":{"rendered":"Illegale Kleidercontainer"},"content":{"rendered":"<p>Auch im Stadtgebiet von Freiburg gibt es\u00a0immer mehr <a title=\"Abfall\" href=\"https:\/\/www.freiburg-schwarzwald.de\/blog\/natur\/umwelt\/abfall\/\">Kleidercontainer<\/a>, die ohne Genehmigung\u00a0illegal aufgestellt sind und von dubiosen Firmen geleert weren. Denn <a title=\"Altkleider\" href=\"https:\/\/www.freiburg-schwarzwald.de\/blog\/business\/handel\/altkleider\/\">Altkleider<\/a> sind gesucht in unserer <a title=\"Wegwerfkultur\" href=\"https:\/\/www.freiburg-schwarzwald.de\/blog\/kultur\/wegwerfkultur\/\">Wegwerfkultur<\/a>. Auf <a title=\"Recycling\" href=\"https:\/\/www.freiburg-schwarzwald.de\/blog\/natur\/umwelt\/recycling\/\">legalen Containern <\/a>finden sich immer Adresse und Telefonnummer der sammelnden Organisation. Fehlen diese An\u00adga\u00adben, sollte man wachsam sein. Hier Beispiele f\u00fcr <a title=\"Littenweiler\" href=\"https:\/\/www.freiburg-schwarzwald.de\/blog\/regio\/freiburg\/littenweiler\/\">Freiburg-Littenweiler<\/a>.<!--more--><\/p>\n<p>&nbsp;<\/p>\n<p style=\"text-align: left;\" align=\"center\"><strong>Bitte nichts einwerfen &#8211; i<\/strong><strong>llegale Kleidercontainer in Freiburg-Littenweiler: <\/strong><strong>Heinrich-Heine-Strasse, neben der Alar-Tankstelle sowie Schlesierstrasse, gegen\u00fcber Feinkostladen<\/strong><\/p>\n<p>In der Heinrich-Heine-Stra\u00dfe neben der Tankstelle steht er, beige mit roter Aufschrift. Textilverbund AG Frankfurt PF 560331 60407 Frankfurt 0180\/500 4318 14 Cent\/Minute kann man lesen. Ans Telefon geht nur ein AB, der versprochene R\u00fcckruf erfolgt nicht. Die Firma AG Textilverbund f\u00fchrt gewerbliche Altkleidersammlungen durch. Sie ist bundesweit schon mehrfach wegen der illegalen Aufstellung von Containern aufgefallen. Im Internet sind \u00a0keine genauen Angaben \u00fcber die Firma zu finden. Es gibt nur einen blog: <a href=\"https:\/\/www.agtextilverbund.wordpress.com\">www.agtextilverbund.wordpress.com<\/a>\u00a0, das ist allerdings keine richtige Webseite\u2026kein Ansprechpartner, keine Kontaktdaten, kein Impressum, keine Steuernummer, nichts ist dort verzeich\u00adnet. Nur der lapidare Vermerk: \u201eArbeitsgemeinschaft Tex\u00adtilverbund ist ein Zusammenschluss von mehreren Unter\u00adnehmen, die sich auf Textilrecycling spezialisiert haben. &#8230;\u201c<\/p>\n<p>Das Garten- und Tiefbauamt Freiburg meint dazu: \u201eDer Containerstandort der Textilverbund AG Frankfurt in der Heinrich-Heine-Stra\u00dfe (bei der ARAL-Tankstelle) ist der Stadt bekannt. Dieser Container befindet sich jedoch auf dem Privatgrundst\u00fcck Flst. Nr. 14355\/11, Gemarkung Freiburg. Demnach kann die Stadt Freiburg hiergegen nicht vor\u00adgehen. Der Besitzer dieses Grundst\u00fcckes m\u00fcsste privatrechtliche Schritte gegen die Firma einleiten.\u201c Allerdings sind hier die Besitzverh\u00e4ltnisse grenzwertig.<br \/>\nZun\u00e4chst stand der Container auf dem Tankstellengrundst\u00fcck. Nach einer Beschwerde hat die Firma ihn nach links in Richtung Stiftungsverwaltung Freiburg versetzt. Die AWO-Baden ist erbpachtberechtigt. Die Zust\u00e4ndigkeiten sind hier noch nicht ganz gekl\u00e4rt, aber sicher ist, dass weder AWO noch Stiftungsverwaltung diesen Container genehmigt haben.<\/p>\n<p>In der Schlesierstra\u00dfe gegen\u00fcber \u201eFrisch und Fein\u201c, auf dem Grundst\u00fcck des Bauvereins, steht der zweite illegale Container mit der Aufschrift einer angeblichen Firma KSB Papelallee 78\/79 10437 Berlin, 0180 50 157 21, 14 Cent\/ Minute. Auch hier geht nur der AB dran. Alle Leitungen sind an\u00adgeb\u00adlich belegt, es erfolgt kein R\u00fcckruf. Es sind keine weiteren Kontaktdaten angegeben. In der Pappelalle in Berlin (mit pp) hat unter anderem der Suhrkamp Verlag seinen Sitz. Dort war keine weitere Firma zu finden. Die Papelallee (mit einem p) gibt es nicht. Auf unsere Anfrage hin\u00a0 antwortet die Haus\u00adverwaltung: \u201eF\u00fcr diesen Container haben wir keine Ge\u00adneh\u00admigung erteilt; wir m\u00f6chten die Container auch nicht, weil um diese herum sehr schnell andere Dinge illegal abgelegt werden\u2026.Wir werden die Firma anschreiben, die Lage be\u00adobachten und w\u00fcrden im Extremfall den Container nach angemessener Frist entsorgen lassen.\u201c Auf legalen Containern finden sich immer Adresse und Telefonnummer der sammelnden Organisation. Fehlen diese An\u00adga\u00adben, sollte man wachsam sein!<\/p>\n<p><strong>Aber wo sollen wir nun hin mit unseren Alt-Kleidern?<br \/>\n<\/strong>Die erste Wahl sind Gemeinn\u00fctzige Sammlungen!: DRK, Malteser, Johanniter, Friedensdorf oder ASF<br \/>\nDas Gesch\u00e4ft mit Altkleidern ist lukrativ. Auch viele gemein\u00adn\u00fctz\u00adige Organisationen nutzen das. Fr\u00fcher gab es noch Haus\u00adsammlungen, heute gibt es die unterschiedlichsten Sammelbeh\u00e4lter. Sie stehen oft auf Grundst\u00fccken der Stadt. Die Organisationen zahlen eine j\u00e4hrliche Sondernutzungsgeb\u00fchr von 40.- Euro an die Stadt f\u00fcr den Platz. Wer dort Kleidung oder Schuhe einwirft, wei\u00df, dass der Erl\u00f6s f\u00fcr einen guten Zweck verwendet wird.<\/p>\n<p><strong>Beim DRK<\/strong> wird gut erhaltene Kleidung auch direkt weiterver\u00adwendet, in den Kleiderkammern zum Beispiel. Ansonsten gehen die Kleider an eine Verwertungsgesellschaft und der Erl\u00f6s kommt den Einrichtungen zugute. Das DRK arbeitet mit der regionalen Verwertungsfirma TEREC (Renchen). Die Firma arbeitet auch mit verschiedenen anderen karitativen Organisationen, zusammen. <a href=\"https:\/\/www.terec.de\/\">www.terec.de<\/a>.<\/p>\n<p><strong>Die Malteser<\/strong> arbeitet mit TEXAID \u2013 Textilrecyclig zusammen. Texaid sortiert und verwertet Altkleider, Textilien und Schuhe f\u00fcr karitative Zwecke. 16 Rotkreuz-Re\u00adgio\u00adnal\u00adstellen, \u00fcber 400 Samaritervereine, mehr als 40 Kolpingfamilien sowie einige unabh\u00e4ngige Vereine und gemeinn\u00fctzige Or\u00adganisationen sammeln aktiv f\u00fcr TEXAID. Die Mitglieder der Basisgruppen betreuen die rot-wei\u00dfen Sammelcontainer. Der Erl\u00f6s kommt den sozialen und karitativen Aufgaben zu\u00adgute. Anja Ihme vom Pressereferat der Malteser Hilfsdienst e.V.meint dazu: \u201eDie Menschen sparen und tragen ihre Kleidung l\u00e4nger. In die Container werden heute mehr als fr\u00fcher un\u00adtragbar gewordene, zerschlissene Kleidungsst\u00fccke geworfen, die sich nur noch zu Putzlappen oder sogenannter Rei\u00df\u00adwolle verarbeiten lassen. Dennoch sind wir aktuell in der Lage, in FREIBURG ca. 400.- Euro pro Container (nach Ab\u00adzug der Geb\u00fchren) zugunsten unserer Dienste zu erl\u00f6sen\u201c. <a href=\"https:\/\/www.texaid.ch\/\">www.texaid.ch<\/a> <strong><\/strong><\/p>\n<p><strong>Die Johanniter Unfallhilfe <\/strong>Der Landesverband Baden-W\u00fcrttemberg nimmt pro Jahr ca. 60.000.- Euro mit Altkleidern ein. Der Erl\u00f6s flie\u00dft in die soziale und karitative Arbeit des Vereins. Die Johanniter arbeiteten mit dem Textilverwerter Humana zusammen. Deren Hauptkunde im Inland ist die HUMANA Second-Hand-Kleidung GmbH mit ihren rund 25 Second-Hand-Kaufh\u00e4usern, der die gespendeten Kleider weiterverkauft. <a href=\"https:\/\/www.humana-kleidersammlung.de\/\">www.humana-kleidersammlung.de<\/a>.<\/p>\n<p><strong>Aktion Friedensdorf <\/strong>Ein Gro\u00dfteil der gesammelten Kleidung \u2013 vor allem Kinderkleidung &#8211; wird im Oberhausener Friedensdorf unmittelbar genutzt. Ein anderer Teil wird in den Interl\u00e4den des Friedensdorfes (Secondhand-L\u00e4den, deren Erl\u00f6s in die Friedensdorf-Arbeit flie\u00dft) zu g\u00fcnstigen Preisen verkauft. Seit 1967 setzt sich Friedensdorf Internatio\u00adnal f\u00fcr kranke und verletzte Kinder aus Kriegs- und Krisen\u00adge\u00adbieten ein. <strong><a href=\"https:\/\/www.friedensdorf.de\/\">www.friedensdorf.de<\/a>.<\/strong><\/p>\n<p><strong>Die ASF GmbH<\/strong> sammelt seit vielen Jahren gebrauchte Tex\u00adti\u00adlien auf den st\u00e4dtischen Recyclingh\u00f6fen und ist mit 22 Sammelcontainern im Freiburger Stadtgebiet vertreten. Nach ihrer Sortierung werden die noch tragf\u00e4higen Altkleider vermarktet. Mit einem Teil des Erl\u00f6ses aus dem Altkleiderverkauf unterst\u00fctzt die ASF GmbH kulturelle und soziale Projekte in Freiburg.<\/p>\n<p><strong>\u00a0<\/strong><\/p>\n<p><strong>Von der Stadt Freiburg genehmigte Container<br \/>\n<\/strong><strong>DRK: <\/strong>Littenweiler Str. (Parkplatz am Friedhof), H\u00f6llental\u00adstr.\/Sachsenstr., Schulhof RHS, Heinrich-Heine Stra\u00dfe, &#8211; Kappel Gro\u00dftalstra\u00dfe (am Sportplatz) L\u00f6wen (Haltestelle) &#8211; Ebnet Im G\u00e4nderle (Haltestelle).<br \/>\n<strong>DRK und Aktion Friedensdorf:<\/strong> gegen\u00fcber vom Treff in der Reinhold-Schneider-Stra\u00dfe.<br \/>\n<strong>Malteser: <\/strong>H\u00f6llentalstra\u00dfe\/Alemannenstra\u00dfe, H\u00f6llentalstr.\/ Sachsenstra\u00dfe<br \/>\n<strong>Johanniter: <\/strong>Am Bahnhof Littenweiler<br \/>\n<strong>ASF:<\/strong> Littenweiler, Zenlinweg (Bushaltestelle)<\/p>\n<p><strong>Gewerbliche Container sind die zweitbeste M\u00f6glichkeit<br \/>\n<\/strong>Die Sortierbetriebe bezahlen f\u00fcr eine Tonne Altkleider ca. 450.- Euro. In der Regel stehen gewerbliche Container auf privaten Grundst\u00fccken. Der Grundst\u00fccksbesitzer erh\u00e4lt ein Entgelt f\u00fcr das genehmigte Aufstellen der Container, es liegt bei ca. 600.- Euro im Jahr.<br \/>\nIn Littenweiler findet man Container der Firma Doll Textilrecycling. Die Container stehen in Freiburg mehrheitlich auf privaten Grundst\u00fccken, oft bei Einkaufsm\u00e4rkten. Doll ar\u00adbeitet mit der Textilverwertungs GmbH TopTex zusammen. Gut erhaltene Kleidung wird weiterverkauft, zum Beispiel auf Second-hand M\u00e4rkten, der Rest wird zu Decken oder Putzlappen verwertet. Das Unternehmen ist seit 1989 am Markt. www.textilrecycling-thomas-doll-gmbh.de<\/p>\n<p>Standorte in FR-Littenweiler\u00a0Treff 3000, Reinhold-Schneider-Str. und Edeka aktiv markt Gitzinger, Hansjakobstra\u00dfe.<\/p>\n<p>In der n\u00e4chsten Ausgabe des Littenweiler Dorfblatts berichten wir \u00fcber weitere M\u00f6glichkeiten gebrauchte Kleider direkt abzugeben oder anderweitig sinnvoll zu verwenden.<br \/>\n8.8.2013, Anja Lusch, <a title=\"Littenweiler-Dorfblatt\" href=\"https:\/\/www.freiburg-schwarzwald.de\/blog\/regio\/freiburg\/littenweiler\/littenweiler-dorfblatt\/\">Littenweiler Dorfblatt<\/a><\/p>\n<p>&nbsp;<\/p>\n","protected":false},"excerpt":{"rendered":"<p>Auch im Stadtgebiet von Freiburg gibt es\u00a0immer mehr Kleidercontainer, die ohne Genehmigung\u00a0illegal aufgestellt sind und von dubiosen Firmen geleert weren. Denn Altkleider sind gesucht in unserer Wegwerfkultur. Auf legalen Containern finden sich immer Adresse und Telefonnummer der sammelnden Organisation. Fehlen &hellip; <a href=\"https:\/\/www.freiburg-schwarzwald.de\/blog\/illegale-kleidercontainer\/\">Weiterlesen <span class=\"meta-nav\">&rarr;<\/span><\/a><\/p>\n","protected":false},"author":4,"featured_media":0,"comment_status":"open","ping_status":"closed","sticky":false,"template":"","format":"standard","meta":{"footnotes":""},"categories":[23,203],"tags":[87,169],"class_list":["post-36053","post","type-post","status-publish","format-standard","hentry","category-handel","category-recycling","tag-lokal-handeln","tag-mull"],"_links":{"self":[{"href":"https:\/\/www.freiburg-schwarzwald.de\/blog\/wp-json\/wp\/v2\/posts\/36053","targetHints":{"allow":["GET"]}}],"collection":[{"href":"https:\/\/www.freiburg-schwarzwald.de\/blog\/wp-json\/wp\/v2\/posts"}],"about":[{"href":"https:\/\/www.freiburg-schwarzwald.de\/blog\/wp-json\/wp\/v2\/types\/post"}],"author":[{"embeddable":true,"href":"https:\/\/www.freiburg-schwarzwald.de\/blog\/wp-json\/wp\/v2\/users\/4"}],"replies":[{"embeddable":true,"href":"https:\/\/www.freiburg-schwarzwald.de\/blog\/wp-json\/wp\/v2\/comments?post=36053"}],"version-history":[{"count":0,"href":"https:\/\/www.freiburg-schwarzwald.de\/blog\/wp-json\/wp\/v2\/posts\/36053\/revisions"}],"wp:attachment":[{"href":"https:\/\/www.freiburg-schwarzwald.de\/blog\/wp-json\/wp\/v2\/media?parent=36053"}],"wp:term":[{"taxonomy":"category","embeddable":true,"href":"https:\/\/www.freiburg-schwarzwald.de\/blog\/wp-json\/wp\/v2\/categories?post=36053"},{"taxonomy":"post_tag","embeddable":true,"href":"https:\/\/www.freiburg-schwarzwald.de\/blog\/wp-json\/wp\/v2\/tags?post=36053"}],"curies":[{"name":"wp","href":"https:\/\/api.w.org\/{rel}","templated":true}]}}