{"id":35678,"date":"2013-08-04T11:59:53","date_gmt":"2013-08-04T09:59:53","guid":{"rendered":"https:\/\/www.freiburg-schwarzwald.de\/blog\/?p=35678"},"modified":"2013-08-07T12:51:26","modified_gmt":"2013-08-07T10:51:26","slug":"himmelreich-hoffest-3-482013","status":"publish","type":"post","link":"https:\/\/www.freiburg-schwarzwald.de\/blog\/himmelreich-hoffest-3-482013\/","title":{"rendered":"Himmelreich Hoffest 3-4\/8\/2013"},"content":{"rendered":"<p>Hofgut Himmelreich l\u00e4dt zum Hoffest &#8211;\u00a0Zwei Tage abwechslungsreiches Programm \u2013 Live-Musik mit \u201eRedhouse Hot Six\u201c und \u201eRay Austin &amp; Royal Garden Five\u201c.\u00a0F\u00fcr die Verantwortlichen und Mitarbeiter vom \u201eHofgut Himmelreich\u201c ist das Fest immer auch eine gro\u00dfartige Gelegenheit, die seit \u00fcber sieben Jahren erfolgreiche Arbeit der Integration von <a title=\"Down-Syndrom\" href=\"https:\/\/www.freiburg-schwarzwald.de\/blog\/selbsthilfe\/behinderung\/down-syndrom\/\">Menschen mit geistiger Behinderung<\/a> in den normalen Arbeitsalltag zu pr\u00e4sentieren.<!--more--><\/p>\n<p>&nbsp;<\/p>\n<p>Den Auftakt macht am Samstag, dem 3. August von 10 bis 15 Uhr ein gro\u00dfer Flohmarkt f\u00fcr alle Interessierten. Der Aufbau ist ab 9 Uhr m\u00f6glich. Um 10 Uhr \u00f6ffnen auch die Grillstation und der Getr\u00e4nkestand. Hier werden die G\u00e4ste zwei Tage lang mit leckeren Speisen vom Grill und aus der Hofk\u00fcche verw\u00f6hnt. Das erste musikalische Highlight sind am Samstagabend ab 19 Uhr die \u201eRedhouse Hot Six\u201c aus Freiburg mit ihrem Open-Air-Konzert. Sie pr\u00e4sentieren Hot-Jazz, den unverwechselbaren Jazzstil, den Louis Armstrong entscheidend gepr\u00e4gt hat. Und gleich am Sonntagmorgen kommt ein alter Freund des Hofgutes, Ray Austin, mit seiner \u201eRoyal Garden Five\u201c ab 11:30 Uhr zum \u201eOpen-Air-Fr\u00fchschoppenkonzert\u201c. Der Mitbegr\u00fcnder des Freiburger Jazzhauses und musikalische Leiter der \u201eWodanhalle\u201c hat ein reichhaltiges Repertoire \u2013 von Dixieland-Jazz \u00fcber Swing, Blues und Country bis hin zu Folk-Musik. Die K\u00fcche bietet dazu kesselfrische Wei\u00dfw\u00fcrste.<br \/>\nAm Sonntag gibt es mit der H\u00fcpfburg, der \u201eFeuerwehr zum Erleben\u201c, dem Kinderschminken und Ponyreiten ein vielf\u00e4ltiges Kinderprogramm. Drehorgelspieler Adi Oberst unterh\u00e4lt und die Firma Draisin stellt Spezialfahrr\u00e4der f\u00fcr Menschen mit Behinderung zum Test vor. Ein Infostand zeigt die grenz\u00fcbergreifende Qualifizierung im Hotel- und Gastst\u00e4ttenbereich f\u00fcr deutsche und franz\u00f6sische Menschen mit Handicap. Und der vom Hofgut betreute Bahnhof Himmelreich hat an beiden Tagen ge\u00f6ffnet. Angesichts der Verkehrssituation auf der B 31 bei Freiburg empfiehlt es sich dringend, mit dem Fahrrad oder der Bahn anzureisen. Die Veranstaltungen sind an beiden Festtagen kostenlos \u2013 \u00fcber Spenden freut sich der Veranstalter aber sehr.<br \/>\nGerhard L\u00fcck, <a href=\"https:\/\/www.dreisamtaeler.de\">www.dreisamtaeler.de<\/a><\/p>\n<p>&nbsp;<\/p>\n<p>&nbsp;<\/p>\n<p><a href=\"https:\/\/www.freiburg-schwarzwald.de\/blog\/himmelreich-hoffest-3-482013\/himmelreich1austin130804\/\" rel=\"attachment wp-att-35743\"><img loading=\"lazy\" decoding=\"async\" class=\"alignnone size-thumbnail wp-image-35743\" title=\"himmelreich1austin130804\" src=\"https:\/\/www.freiburg-schwarzwald.de\/blog\/wp-content\/uploads\/2013\/08\/himmelreich1austin130804-142x180.jpg\" alt=\"\" width=\"142\" height=\"180\" srcset=\"https:\/\/www.freiburg-schwarzwald.de\/blog\/wp-content\/uploads\/2013\/08\/himmelreich1austin130804-142x180.jpg 142w, https:\/\/www.freiburg-schwarzwald.de\/blog\/wp-content\/uploads\/2013\/08\/himmelreich1austin130804.jpg 508w\" sizes=\"auto, (max-width: 142px) 100vw, 142px\" \/><\/a>\u00a0\u00a0\u00a0\u00a0\u00a0\u00a0\u00a0\u00a0\u00a0\u00a0\u00a0\u00a0\u00a0\u00a0\u00a0\u00a0\u00a0\u00a0\u00a0\u00a0\u00a0\u00a0\u00a0\u00a0\u00a0\u00a0\u00a0 <a href=\"https:\/\/www.freiburg-schwarzwald.de\/blog\/himmelreich-hoffest-3-482013\/himmelreich2austin130804\/\" rel=\"attachment wp-att-35744\"><img loading=\"lazy\" decoding=\"async\" class=\"alignnone size-thumbnail wp-image-35744\" title=\"himmelreich2austin130804\" src=\"https:\/\/www.freiburg-schwarzwald.de\/blog\/wp-content\/uploads\/2013\/08\/himmelreich2austin130804-180x141.jpg\" alt=\"\" width=\"180\" height=\"141\" srcset=\"https:\/\/www.freiburg-schwarzwald.de\/blog\/wp-content\/uploads\/2013\/08\/himmelreich2austin130804-180x141.jpg 180w, https:\/\/www.freiburg-schwarzwald.de\/blog\/wp-content\/uploads\/2013\/08\/himmelreich2austin130804-640x504.jpg 640w, https:\/\/www.freiburg-schwarzwald.de\/blog\/wp-content\/uploads\/2013\/08\/himmelreich2austin130804.jpg 641w\" sizes=\"auto, (max-width: 180px) 100vw, 180px\" \/><\/a>\u00a0\u00a0\u00a0\u00a0\u00a0\u00a0\u00a0\u00a0\u00a0\u00a0\u00a0\u00a0\u00a0<a href=\"https:\/\/www.freiburg-schwarzwald.de\/blog\/himmelreich-hoffest-3-482013\/himmelreich7adi130804\/\" rel=\"attachment wp-att-35747\"><img loading=\"lazy\" decoding=\"async\" class=\"alignnone size-thumbnail wp-image-35747\" title=\"himmelreich7adi130804\" src=\"https:\/\/www.freiburg-schwarzwald.de\/blog\/wp-content\/uploads\/2013\/08\/himmelreich7adi130804-180x135.jpg\" alt=\"\" width=\"180\" height=\"135\" srcset=\"https:\/\/www.freiburg-schwarzwald.de\/blog\/wp-content\/uploads\/2013\/08\/himmelreich7adi130804-180x135.jpg 180w, https:\/\/www.freiburg-schwarzwald.de\/blog\/wp-content\/uploads\/2013\/08\/himmelreich7adi130804.jpg 640w\" sizes=\"auto, (max-width: 180px) 100vw, 180px\" \/><\/a><br \/>\n(1) Royal Garden Five 4.8.2013\u00a0\u00a0\u00a0\u00a0\u00a0\u00a0\u00a0\u00a0\u00a0\u00a0\u00a0\u00a0\u00a0\u00a0\u00a0\u00a0\u00a0\u00a0 (2) Ray Austin Trompete\u00a0\u00a0\u00a0\u00a0\u00a0\u00a0\u00a0\u00a0\u00a0\u00a0\u00a0\u00a0\u00a0\u00a0\u00a0\u00a0\u00a0\u00a0\u00a0\u00a0\u00a0\u00a0\u00a0\u00a0\u00a0\u00a0\u00a0\u00a0 (3) Musik im Wirtsraum mit Ray<\/p>\n<p>\u00a0<a href=\"https:\/\/www.freiburg-schwarzwald.de\/blog\/himmelreich-hoffest-3-482013\/himmelreich3adi130804\/\" rel=\"attachment wp-att-35745\"><img loading=\"lazy\" decoding=\"async\" class=\"alignnone size-thumbnail wp-image-35745\" title=\"himmelreich3adi130804\" src=\"https:\/\/www.freiburg-schwarzwald.de\/blog\/wp-content\/uploads\/2013\/08\/himmelreich3adi130804-180x135.jpg\" alt=\"\" width=\"180\" height=\"135\" srcset=\"https:\/\/www.freiburg-schwarzwald.de\/blog\/wp-content\/uploads\/2013\/08\/himmelreich3adi130804-180x135.jpg 180w, https:\/\/www.freiburg-schwarzwald.de\/blog\/wp-content\/uploads\/2013\/08\/himmelreich3adi130804.jpg 640w\" sizes=\"auto, (max-width: 180px) 100vw, 180px\" \/><\/a>\u00a0\u00a0\u00a0\u00a0\u00a0\u00a0\u00a0\u00a0\u00a0\u00a0\u00a0\u00a0\u00a0\u00a0 <a href=\"https:\/\/www.freiburg-schwarzwald.de\/blog\/himmelreich-hoffest-3-482013\/himmelreich4drehorgel130804\/\" rel=\"attachment wp-att-35746\"><img loading=\"lazy\" decoding=\"async\" class=\"alignnone size-thumbnail wp-image-35746\" title=\"himmelreich4drehorgel130804\" src=\"https:\/\/www.freiburg-schwarzwald.de\/blog\/wp-content\/uploads\/2013\/08\/himmelreich4drehorgel130804-180x153.jpg\" alt=\"\" width=\"180\" height=\"153\" srcset=\"https:\/\/www.freiburg-schwarzwald.de\/blog\/wp-content\/uploads\/2013\/08\/himmelreich4drehorgel130804-180x153.jpg 180w, https:\/\/www.freiburg-schwarzwald.de\/blog\/wp-content\/uploads\/2013\/08\/himmelreich4drehorgel130804.jpg 640w\" sizes=\"auto, (max-width: 180px) 100vw, 180px\" \/><\/a>\u00a0\u00a0\u00a0\u00a0\u00a0\u00a0\u00a0\u00a0\u00a0\u00a0\u00a0\u00a0\u00a0\u00a0 <a href=\"https:\/\/www.freiburg-schwarzwald.de\/blog\/himmelreich-hoffest-3-482013\/himmelreich8hoffest130804\/\" rel=\"attachment wp-att-35749\"><img loading=\"lazy\" decoding=\"async\" class=\"alignnone size-thumbnail wp-image-35749\" title=\"himmelreich8hoffest130804\" src=\"https:\/\/www.freiburg-schwarzwald.de\/blog\/wp-content\/uploads\/2013\/08\/himmelreich8hoffest130804-180x135.jpg\" alt=\"\" width=\"180\" height=\"135\" srcset=\"https:\/\/www.freiburg-schwarzwald.de\/blog\/wp-content\/uploads\/2013\/08\/himmelreich8hoffest130804-180x135.jpg 180w, https:\/\/www.freiburg-schwarzwald.de\/blog\/wp-content\/uploads\/2013\/08\/himmelreich8hoffest130804.jpg 640w\" sizes=\"auto, (max-width: 180px) 100vw, 180px\" \/><\/a><br \/>\n(4) Adi Oberst an der Drehorgel\u00a0\u00a0\u00a0\u00a0\u00a0\u00a0\u00a0\u00a0\u00a0\u00a0\u00a0\u00a0\u00a0\u00a0\u00a0\u00a0\u00a0 (5) Andreas Peikert im Interview\u00a0\u00a0\u00a0\u00a0\u00a0\u00a0\u00a0\u00a0\u00a0\u00a0\u00a0\u00a0\u00a0\u00a0\u00a0\u00a0 (6) Hoffest und Hock Himmelreich<\/p>\n<p><a href=\"https:\/\/www.freiburg-schwarzwald.de\/blog\/himmelreich-hoffest-3-482013\/himmelreich5draisin130804\/\" rel=\"attachment wp-att-35750\"><img loading=\"lazy\" decoding=\"async\" class=\"alignnone size-thumbnail wp-image-35750\" title=\"himmelreich5draisin130804\" src=\"https:\/\/www.freiburg-schwarzwald.de\/blog\/wp-content\/uploads\/2013\/08\/himmelreich5draisin130804-180x135.jpg\" alt=\"\" width=\"180\" height=\"135\" srcset=\"https:\/\/www.freiburg-schwarzwald.de\/blog\/wp-content\/uploads\/2013\/08\/himmelreich5draisin130804-180x135.jpg 180w, https:\/\/www.freiburg-schwarzwald.de\/blog\/wp-content\/uploads\/2013\/08\/himmelreich5draisin130804.jpg 640w\" sizes=\"auto, (max-width: 180px) 100vw, 180px\" \/><\/a>\u00a0\u00a0\u00a0\u00a0\u00a0\u00a0\u00a0\u00a0\u00a0\u00a0\u00a0\u00a0\u00a0\u00a0 <a href=\"https:\/\/www.freiburg-schwarzwald.de\/blog\/himmelreich-hoffest-3-482013\/himmelreich6draisin130804\/\" rel=\"attachment wp-att-35751\"><img loading=\"lazy\" decoding=\"async\" title=\"himmelreich6draisin130804\" src=\"https:\/\/www.freiburg-schwarzwald.de\/blog\/wp-content\/uploads\/2013\/08\/himmelreich6draisin130804-180x137.jpg\" alt=\"\" width=\"180\" height=\"137\" \/><\/a>\u00a0\u00a0\u00a0\u00a0\u00a0\u00a0\u00a0\u00a0\u00a0\u00a0\u00a0\u00a0\u00a0\u00a0 <a href=\"https:\/\/www.freiburg-schwarzwald.de\/blog\/himmelreich-hoffest-3-482013\/himmelreich7draisin130804\/\" rel=\"attachment wp-att-35752\"><img loading=\"lazy\" decoding=\"async\" class=\"alignnone size-thumbnail wp-image-35752\" title=\"himmelreich7draisin130804\" src=\"https:\/\/www.freiburg-schwarzwald.de\/blog\/wp-content\/uploads\/2013\/08\/himmelreich7draisin130804-180x137.jpg\" alt=\"\" width=\"180\" height=\"137\" srcset=\"https:\/\/www.freiburg-schwarzwald.de\/blog\/wp-content\/uploads\/2013\/08\/himmelreich7draisin130804-180x137.jpg 180w, https:\/\/www.freiburg-schwarzwald.de\/blog\/wp-content\/uploads\/2013\/08\/himmelreich7draisin130804-640x490.jpg 640w, https:\/\/www.freiburg-schwarzwald.de\/blog\/wp-content\/uploads\/2013\/08\/himmelreich7draisin130804.jpg 641w\" sizes=\"auto, (max-width: 180px) 100vw, 180px\" \/><\/a><br \/>\n(7) Dreirad mit Doppelrad hinten 4.8.2013\u00a0\u00a0\u00a0\u00a0\u00a0\u00a0 (8) Dreirad mit Doppelrad vorne\u00a0\u00a0\u00a0\u00a0\u00a0\u00a0\u00a0\u00a0\u00a0(9) R\u00e4der von Fa. Draisin bei Lahr<\/p>\n<p><a href=\"https:\/\/www.freiburg-schwarzwald.de\/blog\/himmelreich-hoffest-3-482013\/himmelreich9hoffest130804\/\" rel=\"attachment wp-att-35754\"><img loading=\"lazy\" decoding=\"async\" class=\"alignnone size-thumbnail wp-image-35754\" title=\"himmelreich9hoffest130804\" src=\"https:\/\/www.freiburg-schwarzwald.de\/blog\/wp-content\/uploads\/2013\/08\/himmelreich9hoffest130804-135x180.jpg\" alt=\"\" width=\"135\" height=\"180\" srcset=\"https:\/\/www.freiburg-schwarzwald.de\/blog\/wp-content\/uploads\/2013\/08\/himmelreich9hoffest130804-135x180.jpg 135w, https:\/\/www.freiburg-schwarzwald.de\/blog\/wp-content\/uploads\/2013\/08\/himmelreich9hoffest130804.jpg 480w\" sizes=\"auto, (max-width: 135px) 100vw, 135px\" \/><\/a>\u00a0\u00a0\u00a0\u00a0\u00a0\u00a0\u00a0\u00a0\u00a0\u00a0\u00a0\u00a0\u00a0\u00a0\u00a0\u00a0\u00a0\u00a0\u00a0\u00a0\u00a0\u00a0\u00a0\u00a0\u00a0\u00a0\u00a0\u00a0\u00a0\u00a0\u00a0\u00a0\u00a0<a href=\"https:\/\/www.freiburg-schwarzwald.de\/blog\/himmelreich-hoffest-3-482013\/himmelreich10kapelle130804\/\" rel=\"attachment wp-att-35755\"><img loading=\"lazy\" decoding=\"async\" title=\"himmelreich10kapelle130804\" src=\"https:\/\/www.freiburg-schwarzwald.de\/blog\/wp-content\/uploads\/2013\/08\/himmelreich10kapelle130804-180x135.jpg\" alt=\"\" width=\"180\" height=\"135\" \/><\/a>\u00a0\u00a0\u00a0\u00a0\u00a0\u00a0\u00a0\u00a0\u00a0\u00a0\u00a0\u00a0\u00a0\u00a0 <a href=\"https:\/\/www.freiburg-schwarzwald.de\/blog\/himmelreich-hoffest-3-482013\/himmelreich11bernhardiner130804\/\" rel=\"attachment wp-att-35756\"><img loading=\"lazy\" decoding=\"async\" class=\"alignnone size-thumbnail wp-image-35756\" title=\"himmelreich11bernhardiner130804\" src=\"https:\/\/www.freiburg-schwarzwald.de\/blog\/wp-content\/uploads\/2013\/08\/himmelreich11bernhardiner130804-135x180.jpg\" alt=\"\" width=\"135\" height=\"180\" srcset=\"https:\/\/www.freiburg-schwarzwald.de\/blog\/wp-content\/uploads\/2013\/08\/himmelreich11bernhardiner130804-135x180.jpg 135w, https:\/\/www.freiburg-schwarzwald.de\/blog\/wp-content\/uploads\/2013\/08\/himmelreich11bernhardiner130804.jpg 480w\" sizes=\"auto, (max-width: 135px) 100vw, 135px\" \/><\/a><br \/>\n(10) Blick aus der Kapelle\u00a0\u00a04.8.2013\u00a0 \u00a0\u00a0\u00a0\u00a0\u00a0\u00a0\u00a0\u00a0\u00a0 (11) Kapelle Himmelreich 4.8.2013\u00a0\u00a0\u00a0\u00a0\u00a0\u00a0\u00a0\u00a0\u00a0\u00a0\u00a0(12) Drei Bernhardiner<\/p>\n<p>&nbsp;<\/p>\n<p><strong>Hoffest als Publikumsmagnet<\/strong><br \/>\nDas Hoffest im \u201eHofgut Himmelreich\u201c entwickelt sich immer mehr zum Publikumsmagnet. Und das Wetter spielte am vergangenen Wochenende \u2013 bis auf eine Stunde Gewitterschauer am Sonntagmorgen \u2013 auch eine \u00fcberzeugende Rolle. Und so war das Fazit von Gesch\u00e4ftsf\u00fchrer Jochen Lauber rundweg begeisternd: \u201eWir hatten mit vierzig St\u00e4nden beim Flohmarkt am Samstag wieder eine Rekordbeteiligung. Und rund 600 Besucher waren am Abend von der Musik der Redhouse Hot Six begeistert.\u201c Mit Ray Austin und seiner \u201eRoyal Garden Five\u201c musizierten zum Wei\u00dfwurst-Fr\u00fchschoppen am Sonntag alte Freunde der integrativen Einrichtung. Und auch das Angebot f\u00fcr die Kinder lie\u00df nur wenige W\u00fcnsche offen. Bei Speisen, die den \u00fcblichen \u201eHock-Steak-Rahmen\u201c erfreulich sprengten, und gut gek\u00fchlten Getr\u00e4nken kam es zu vielen Begegnungen zahlreicher Besucher. Drehorgelspieler Adi Oberst erfreute nicht nur mit seiner Musik, sondern auch mit einer weiteren Eintausend-Euro-Spende f\u00fcr die Integrationsarbeit im \u201eHofgut Himmelreich\u201c.<\/p>\n<p><a href=\"https:\/\/www.freiburg-schwarzwald.de\/blog\/himmelreich-hoffest-3-482013\/himmelreich-hoffest130805\/\" rel=\"attachment wp-att-35926\"><img loading=\"lazy\" decoding=\"async\" class=\"alignnone size-thumbnail wp-image-35926\" title=\"himmelreich-hoffest130805\" src=\"https:\/\/www.freiburg-schwarzwald.de\/blog\/wp-content\/uploads\/2013\/08\/himmelreich-hoffest130805-180x120.jpg\" alt=\"\" width=\"180\" height=\"120\" srcset=\"https:\/\/www.freiburg-schwarzwald.de\/blog\/wp-content\/uploads\/2013\/08\/himmelreich-hoffest130805-180x120.jpg 180w, https:\/\/www.freiburg-schwarzwald.de\/blog\/wp-content\/uploads\/2013\/08\/himmelreich-hoffest130805-640x427.jpg 640w, https:\/\/www.freiburg-schwarzwald.de\/blog\/wp-content\/uploads\/2013\/08\/himmelreich-hoffest130805.jpg 641w\" sizes=\"auto, (max-width: 180px) 100vw, 180px\" \/><\/a><\/p>\n<p>Dar\u00fcber freuten sich Gesch\u00e4ftsf\u00fchrer Jochen Lauber und Heike Kromer, eine Mitarbeiterin mit Handicap \u201eder ersten Stunde\u201c (v.r.). Insgesamt 11.000 Euro hat Oberst in den letzten neun Jahren f\u00fcrs Himmelreich \u201eerorgelt\u201c! Im n\u00e4chsten Jahr wird das Hoffest mit dem zehnj\u00e4hrigen Jubil\u00e4um des Integrationsbetriebes Hofgut Himmelreich gefeiert.<br \/>\n7.8.2013, Gerhard L\u00fcck, <a href=\"https:\/\/www.dreisamtaeler.de\">www.dreisamtaeler.de<\/a><\/p>\n","protected":false},"excerpt":{"rendered":"<p>Hofgut Himmelreich l\u00e4dt zum Hoffest &#8211;\u00a0Zwei Tage abwechslungsreiches Programm \u2013 Live-Musik mit \u201eRedhouse Hot Six\u201c und \u201eRay Austin &amp; Royal Garden Five\u201c.\u00a0F\u00fcr die Verantwortlichen und Mitarbeiter vom \u201eHofgut Himmelreich\u201c ist das Fest immer auch eine gro\u00dfartige Gelegenheit, die seit \u00fcber &hellip; <a href=\"https:\/\/www.freiburg-schwarzwald.de\/blog\/himmelreich-hoffest-3-482013\/\">Weiterlesen <span class=\"meta-nav\">&rarr;<\/span><\/a><\/p>\n","protected":false},"author":4,"featured_media":0,"comment_status":"open","ping_status":"closed","sticky":false,"template":"","format":"standard","meta":{"footnotes":""},"categories":[56,138],"tags":[248,736],"class_list":["post-35678","post","type-post","status-publish","format-standard","hentry","category-behinderung","category-gastro","tag-feste","tag-hock"],"_links":{"self":[{"href":"https:\/\/www.freiburg-schwarzwald.de\/blog\/wp-json\/wp\/v2\/posts\/35678","targetHints":{"allow":["GET"]}}],"collection":[{"href":"https:\/\/www.freiburg-schwarzwald.de\/blog\/wp-json\/wp\/v2\/posts"}],"about":[{"href":"https:\/\/www.freiburg-schwarzwald.de\/blog\/wp-json\/wp\/v2\/types\/post"}],"author":[{"embeddable":true,"href":"https:\/\/www.freiburg-schwarzwald.de\/blog\/wp-json\/wp\/v2\/users\/4"}],"replies":[{"embeddable":true,"href":"https:\/\/www.freiburg-schwarzwald.de\/blog\/wp-json\/wp\/v2\/comments?post=35678"}],"version-history":[{"count":0,"href":"https:\/\/www.freiburg-schwarzwald.de\/blog\/wp-json\/wp\/v2\/posts\/35678\/revisions"}],"wp:attachment":[{"href":"https:\/\/www.freiburg-schwarzwald.de\/blog\/wp-json\/wp\/v2\/media?parent=35678"}],"wp:term":[{"taxonomy":"category","embeddable":true,"href":"https:\/\/www.freiburg-schwarzwald.de\/blog\/wp-json\/wp\/v2\/categories?post=35678"},{"taxonomy":"post_tag","embeddable":true,"href":"https:\/\/www.freiburg-schwarzwald.de\/blog\/wp-json\/wp\/v2\/tags?post=35678"}],"curies":[{"name":"wp","href":"https:\/\/api.w.org\/{rel}","templated":true}]}}