{"id":35316,"date":"2013-07-29T21:50:04","date_gmt":"2013-07-29T19:50:04","guid":{"rendered":"https:\/\/www.freiburg-schwarzwald.de\/blog\/?p=35316"},"modified":"2013-08-04T21:44:23","modified_gmt":"2013-08-04T19:44:23","slug":"kleinkunstfestival-in-breitnau","status":"publish","type":"post","link":"https:\/\/www.freiburg-schwarzwald.de\/blog\/kleinkunstfestival-in-breitnau\/","title":{"rendered":"Kleinkunstfestival in Breitnau"},"content":{"rendered":"<p dir=\"ltr\">F\u00fcnftes Kleinkunst Festival in <a title=\"Breitnau\" href=\"https:\/\/www.freiburg-schwarzwald.de\/blog\/regio\/orte\/breitnau\/\">Breitnau<\/a>: \u201eDa muesch na, sunsch verpassesch was\u201c Auf der\u00a0Pressekonferenz der <a title=\"Tourismus\" href=\"https:\/\/www.freiburg-schwarzwald.de\/blog\/tourismus\/\">Hochschwarzwald Tourismus GmbH<\/a>\u00a0konnte Martin Wangler als k\u00fcnstlerische Leiter das Programm des diesj\u00e4hrigen Kleinkunstfestivals in Breitnau vorstellen. \u201eEs ist f\u00fcr jeden Geschmack etwas dabei. Musik, Spa\u00df und Vieles mehr\u201c, so Wangler. <!--more-->Das Festival wird am Freitag, den 13. September 2013 mit einer Vernissage zur Ausstellung der K\u00fcnstlerinnen Anne Deutsch und Karin Demirel mit dem Titel \u201ePlanet Schwarzwald \u2013 hin und weg\u201c er\u00f6ffnet.<br \/>\nDer Er\u00f6ffnungsabend, ebenfalls am Freitag, ist ein Frauenabend \u2013 auch f\u00fcr M\u00e4nner \u2013 mit VokalKabarett \u201enur die\u201c. Die drei v\u00f6llig unterschiedlichen S\u00e4ngerinnen Martina Freytag, Martje Vande Ginste und Eva-Maria Jacober pr\u00e4sentieren mit Humor und Witz \u201eLiebgewonnenes, Abgetragenes, Sammlerst\u00fccke und Selbstgestricktes\u201c.<br \/>\nAm Samstag, den 14. September 2013 tritt Mathias Deutschmann mit seinem neuen Programm \u201eEurokalyse now solo 2013\u201c auf.<br \/>\nAm Dienstag, den 17. September gibt der Wald die Kulisse f\u00fcr die \u201eSagenwanderung mit der Breitnauer Bauernb\u00fchne\u201c ab. Die Wanderung betr\u00e4gt vier Kilometer, dauert ca. zwei Stunden und wird kulinarisch angereichert.<br \/>\nDer Mittwoch, den 18. September, ist Kindertag. Sybille Denker entf\u00fchrt vormittags Schul-und Kindergartenkinder mit dem Theaterst\u00fcck \u201eZottelhaube\u201c in die norwegische M\u00e4rchenwelt.<br \/>\nAbends findet die \u201eOffene B\u00fchne\u201c mit Laien und Profis statt. Junge K\u00fcnstler der Region erhalten hier eine Plattform, um Erfahrungen vor Publikum zu sammeln. Geboten wird Musik, Kabarett, Comedy, Poetry Slam und vieles mehr.<br \/>\nDer Freitag, der 20. September wird ein M\u00e4nnerabend als Pendant zur Woche davor, der auch f\u00fcr Frauen gedacht ist. Tobias Schwab und Marc Hoffmann bedauern den modernen Mann, der den Abfluss reparieren und ayurverdisch kochen k\u00f6nnen soll, \u00fcber Gef\u00fchle genauso gerne reden, wie \u00fcber Fu\u00dfball, die Beine epilieren und das Haupthaar transplantieren \u2026<br \/>\nDas Finale findet am Samstag, den 21. September mit Martin Wangler und seinem neuen Programm \u201eZwischen Himmelreich und H\u00f6llental\u201c statt, der Hochschwarzw\u00e4lder Kabarett vom Feinsten pr\u00e4sentieren wird.<\/p>\n<p>Das Breitnauer Kleinkunstfestifval findet im Pfarrhof Breitnau statt, einer Location mit viel Ambiente, aber relativ klein. In ist das Festival mehr als nur ein Geheimtipp, deshalb empfiehlt es sich deshalb schon fr\u00fchzeitig Karten zu reservieren. Informationen und Tickets sind erh\u00e4ltlich unter <a href=\"https:\/\/www.hochschwarzwald.de\/\">www.hochschwarzwald.de<\/a> sowie bei den bekannten ReserviX-Vorverkaufsstellen oder telefonisch 07652 \u2013 1206 8080<br \/>\n29.7.2013, Dagmar Engesser<\/p>\n","protected":false},"excerpt":{"rendered":"<p>F\u00fcnftes Kleinkunst Festival in Breitnau: \u201eDa muesch na, sunsch verpassesch was\u201c Auf der\u00a0Pressekonferenz der Hochschwarzwald Tourismus GmbH\u00a0konnte Martin Wangler als k\u00fcnstlerische Leiter das Programm des diesj\u00e4hrigen Kleinkunstfestivals in Breitnau vorstellen. \u201eEs ist f\u00fcr jeden Geschmack etwas dabei. Musik, Spa\u00df und &hellip; <a href=\"https:\/\/www.freiburg-schwarzwald.de\/blog\/kleinkunstfestival-in-breitnau\/\">Weiterlesen <span class=\"meta-nav\">&rarr;<\/span><\/a><\/p>\n","protected":false},"author":4,"featured_media":0,"comment_status":"open","ping_status":"closed","sticky":false,"template":"","format":"standard","meta":{"footnotes":""},"categories":[180,249,214,7],"tags":[248,392,733],"class_list":["post-35316","post","type-post","status-publish","format-standard","hentry","category-hochschwarzwald","category-hock","category-theater","category-tourismus","tag-feste","tag-kleinkunst","tag-theater"],"_links":{"self":[{"href":"https:\/\/www.freiburg-schwarzwald.de\/blog\/wp-json\/wp\/v2\/posts\/35316","targetHints":{"allow":["GET"]}}],"collection":[{"href":"https:\/\/www.freiburg-schwarzwald.de\/blog\/wp-json\/wp\/v2\/posts"}],"about":[{"href":"https:\/\/www.freiburg-schwarzwald.de\/blog\/wp-json\/wp\/v2\/types\/post"}],"author":[{"embeddable":true,"href":"https:\/\/www.freiburg-schwarzwald.de\/blog\/wp-json\/wp\/v2\/users\/4"}],"replies":[{"embeddable":true,"href":"https:\/\/www.freiburg-schwarzwald.de\/blog\/wp-json\/wp\/v2\/comments?post=35316"}],"version-history":[{"count":0,"href":"https:\/\/www.freiburg-schwarzwald.de\/blog\/wp-json\/wp\/v2\/posts\/35316\/revisions"}],"wp:attachment":[{"href":"https:\/\/www.freiburg-schwarzwald.de\/blog\/wp-json\/wp\/v2\/media?parent=35316"}],"wp:term":[{"taxonomy":"category","embeddable":true,"href":"https:\/\/www.freiburg-schwarzwald.de\/blog\/wp-json\/wp\/v2\/categories?post=35316"},{"taxonomy":"post_tag","embeddable":true,"href":"https:\/\/www.freiburg-schwarzwald.de\/blog\/wp-json\/wp\/v2\/tags?post=35316"}],"curies":[{"name":"wp","href":"https:\/\/api.w.org\/{rel}","templated":true}]}}