{"id":35060,"date":"2013-07-24T22:55:37","date_gmt":"2013-07-24T20:55:37","guid":{"rendered":"https:\/\/www.freiburg-schwarzwald.de\/blog\/?p=35060"},"modified":"2013-07-30T21:48:28","modified_gmt":"2013-07-30T19:48:28","slug":"drogendealer-fluechtlingsheim","status":"publish","type":"post","link":"https:\/\/www.freiburg-schwarzwald.de\/blog\/drogendealer-fluechtlingsheim\/","title":{"rendered":"Drogendealer Fluechtlingsheim"},"content":{"rendered":"<p>Die Polizei durchsuchte in FR die Unterkunft Bissierstrasse, das st\u00e4dtische <a title=\"Fluechtlingswohnheim\" href=\"https:\/\/www.freiburg-schwarzwald.de\/blog\/selbsthilfe\/soziales\/fluechtlingswohnheim\/\">Fl\u00fcchtlingswohnheim an der Hammerschmiedstra\u00dfe<\/a>,\u00a0die Wohnheime Neunlindenstra\u00dfe in Br\u00fchl-Beurbarung und\u00a0Kampffmeyerstra\u00dfe in Haslach sowie die\u00a0Fl\u00fcchtlingsunterkunft in Titisee-Neustadt.\u00a0Das Wohnheim Bissierstrasse war Dreh- und Angelpunkt eines schwunghaften <a title=\"Drogen\" href=\"https:\/\/www.freiburg-schwarzwald.de\/blog\/selbsthilfe\/sucht\/drogen\/\">Drogenhandels<\/a>, hier wurde auch ein 24j\u00e4hriger aus dem Kosovo verhaftet.<!--more--><\/p>\n<p>Besonders\u00a0verwerflich ist, dass Drogen auch an Kinder und Jugendliche verkauft wurden. Leider m\u00fcssen nun die vielen unschuldigen Fl\u00fcchtlinge unter den Drogengesch\u00e4ften leiden. In der st\u00e4dtischen Fl\u00fcchtlingsunterkunft an der Bissierstra\u00dfe (Betreuung: Deutsche Rote Kreuz k\u00fcmmert) wohnen ca 260 Menschen aus 26 Nationen und an der Hammerschmiedstra\u00dfe\u00a0 \u00fcber 228 Menschen.<br \/>\nPolizeisprecher Karl-Heinz Schmid: &#8222;So einen Einsatz im Beisein der Presse zu starten ersch\u00fcttert die Drogenszene weit mehr, als der Zugriff allein dies t\u00e4te&#8220;. Zudem erh\u00f6he ein transparentes Vorgehen der Polizei die Akzeptanz in der Bev\u00f6lkerung. Immer wieder sei es aus den Reihen des Wohnheims zu Beschwerden wegen der Drogengesch\u00e4fte gekommen. Rechtsfreie R\u00e4ume in der Stadt Freiburg will die Polizei nocht mehr dulden.<br \/>\n\u00a0\u00a0<\/p>\n<p><strong>Drogenrazzia im Fl\u00fcchtlingswohnheim<\/strong><br \/>\nSeit vergangenem September ist die Polizei Dealern auf der Spur, die laut Polizeisprecher Karl-Heinz Schmid &#8222;im gro\u00dfen Stil&#8220; mit Marihuana und Kokain handeln. Mehrere Personen wurden kurzfristig festgenommen, auch ein 24-J\u00e4hriger, der per Haftbefehl gesucht wurde.\u00a0&#8230;..<br \/>\nAlles vom 24.7.2013 bitte lesen auf<br \/>\n<a href=\"https:\/\/www.badische-zeitung.de\/freiburg\/drogenrazzia-im-fluechtlingsheim--73813337.html\">https:\/\/www.badische-zeitung.de\/freiburg\/drogenrazzia-im-fluechtlingsheim&#8211;73813337.html<\/a><\/p>\n<p>&nbsp;<\/p>\n<p><strong>Von Kirchbach: Die Razzia habe nichts mit Ausl\u00e4nderfeindlichkeit zu tun<\/strong><br \/>\nSozialb\u00fcrgermeister Ulrich von Kirchbach best\u00e4tigte, dass die Stadt, die dieses und die anderen Fl\u00fcchtlingswohnheime in Freiburg betreibt, \u00fcber die Drogenproblematik informiert gewesen sei. &#8222;Es gab bei uns massive Beschwerden von Bewohnern und Sozialarbeitern.&#8220; Um die sozialen Belange der Fl\u00fcchtlinge an der Bissierstra\u00dfe k\u00fcmmert sich das Deutsche Rote Kreuz (DRK). Die Durchsuchung dort sei f\u00fcr das DRK keine \u00dcberraschung gewesen, man habe von den Problemen gewusst, sagte Wolfgang Sch\u00e4fer-Mai, Gesch\u00e4ftsf\u00fchrer des DRK-Kreisverbands. Von Kirchbach sagte, er sei erst eine Stunde vorher \u00fcber die Razzia informiert worden. Auch eine Politik der Integration d\u00fcrfe nicht dazu f\u00fchren, dass in der Fl\u00fcchtlingsunterkunft rechtsfreie R\u00e4ume entst\u00fcnden. &#8222;Es war an der Zeit, dass hier gehandelt wurde&#8220;, sagte von Kirchbach, &#8222;daf\u00fcr habe ich Verst\u00e4ndnis&#8220;. Die Razzia habe nichts mit Ausl\u00e4nderfeindlichkeit zu tun und tauge auch nicht zur Stimmungsmache gegen Ausl\u00e4nder&#8230;.<br \/>\nAlles vom 30.7.2013 bitte lesen auf<br \/>\n<a href=\"https:\/\/www.badische-zeitung.de\/freiburg\/stadt-und-drk-wussten-vom-drogenhandel-n-fluechtlingsheimen\">https:\/\/www.badische-zeitung.de\/freiburg\/stadt-und-drk-wussten-vom-drogenhandel-n-fluechtlingsheimen<\/a><\/p>\n","protected":false},"excerpt":{"rendered":"<p>Die Polizei durchsuchte in FR die Unterkunft Bissierstrasse, das st\u00e4dtische Fl\u00fcchtlingswohnheim an der Hammerschmiedstra\u00dfe,\u00a0die Wohnheime Neunlindenstra\u00dfe in Br\u00fchl-Beurbarung und\u00a0Kampffmeyerstra\u00dfe in Haslach sowie die\u00a0Fl\u00fcchtlingsunterkunft in Titisee-Neustadt.\u00a0Das Wohnheim Bissierstrasse war Dreh- und Angelpunkt eines schwunghaften Drogenhandels, hier wurde auch ein 24j\u00e4hriger aus &hellip; <a href=\"https:\/\/www.freiburg-schwarzwald.de\/blog\/drogendealer-fluechtlingsheim\/\">Weiterlesen <span class=\"meta-nav\">&rarr;<\/span><\/a><\/p>\n","protected":false},"author":4,"featured_media":0,"comment_status":"open","ping_status":"closed","sticky":false,"template":"","format":"standard","meta":{"footnotes":""},"categories":[66],"tags":[481,558],"class_list":["post-35060","post","type-post","status-publish","format-standard","hentry","category-sucht","tag-asyl","tag-drogen"],"_links":{"self":[{"href":"https:\/\/www.freiburg-schwarzwald.de\/blog\/wp-json\/wp\/v2\/posts\/35060","targetHints":{"allow":["GET"]}}],"collection":[{"href":"https:\/\/www.freiburg-schwarzwald.de\/blog\/wp-json\/wp\/v2\/posts"}],"about":[{"href":"https:\/\/www.freiburg-schwarzwald.de\/blog\/wp-json\/wp\/v2\/types\/post"}],"author":[{"embeddable":true,"href":"https:\/\/www.freiburg-schwarzwald.de\/blog\/wp-json\/wp\/v2\/users\/4"}],"replies":[{"embeddable":true,"href":"https:\/\/www.freiburg-schwarzwald.de\/blog\/wp-json\/wp\/v2\/comments?post=35060"}],"version-history":[{"count":0,"href":"https:\/\/www.freiburg-schwarzwald.de\/blog\/wp-json\/wp\/v2\/posts\/35060\/revisions"}],"wp:attachment":[{"href":"https:\/\/www.freiburg-schwarzwald.de\/blog\/wp-json\/wp\/v2\/media?parent=35060"}],"wp:term":[{"taxonomy":"category","embeddable":true,"href":"https:\/\/www.freiburg-schwarzwald.de\/blog\/wp-json\/wp\/v2\/categories?post=35060"},{"taxonomy":"post_tag","embeddable":true,"href":"https:\/\/www.freiburg-schwarzwald.de\/blog\/wp-json\/wp\/v2\/tags?post=35060"}],"curies":[{"name":"wp","href":"https:\/\/api.w.org\/{rel}","templated":true}]}}