{"id":34846,"date":"2013-07-18T13:35:02","date_gmt":"2013-07-18T11:35:02","guid":{"rendered":"https:\/\/www.freiburg-schwarzwald.de\/blog\/?p=34846"},"modified":"2013-08-01T21:20:47","modified_gmt":"2013-08-01T19:20:47","slug":"artur-fischer-erfinderpreis-2013","status":"publish","type":"post","link":"https:\/\/www.freiburg-schwarzwald.de\/blog\/artur-fischer-erfinderpreis-2013\/","title":{"rendered":"Artur-Fischer-Erfinderpreis 2013"},"content":{"rendered":"<p>Mit je 69 qualifizierten Bewerbungen im Bereich private <a title=\"Erfinder\" href=\"https:\/\/www.freiburg-schwarzwald.de\/blog\/bildung\/forschung\/erfinder\/\">ErfinderInnen und Erfinder <\/a>sowie Sch\u00fclerInnen hat der seit 2001 alle 2 Jahre vergebene &#8222;Artur-Fischer-Erfinderpreis&#8220; sein Niveau gehalten. Die\u00a0Stiftung &#8222;Artur Fischer Erfinderpreis&#8220; ist eine Unterstiftung der <a title=\"Stiftungen\" href=\"https:\/\/www.freiburg-schwarzwald.de\/blog\/business\/stiftungen\/\">Baden-W\u00fcrttemberg Stiftung<\/a>. Am 17.7.2013 wurde\u00a0in Stuttgart folgende Teilnehmer aus <a title=\"Badener\" href=\"https:\/\/www.freiburg-schwarzwald.de\/blog\/kultur\/alemannisch\/badener\/\">S\u00fcdbaden<\/a> ausgezeichnet:<!--more--><br \/>\nKategorie &#8222;private Erfinder&#8220;:<br \/>\n3. Preis Helmut Albert aus Freiburg f\u00fcr seine Erfindung &#8222;Markierungshalter f\u00fcr Klebebandrollen&#8220;<\/p>\n<p>Kategorie &#8222;Sch\u00fcler bis Klasse 7&#8220;:<br \/>\n1. Preis Levin Erb von der Freiburger Hansjakob-Realschule f\u00fcr &#8222;Warnweste mit SOS-Leuchtschrift&#8220;<br \/>\n2. Preis Vinzenz Wetzel von der Hansjakob-Realschule aus Freiburg f\u00fcr &#8222;Vorrichtung zum automatischen<br \/>\nWeidepfahlsetzen&#8220;<\/p>\n<p>Kategorie &#8222;Sch\u00fcler Klasse 8 bis 10&#8220;:<br \/>\n1. Preis Faust-Gymnasium Staufen f\u00fcr &#8222;Interaktive Kommunikationshilfe f\u00fcr Autisten&#8220;<\/p>\n<p>Kategorie &#8222;Weiterf\u00fchrende Schulen&#8220;:<br \/>\n2. Preis Gewerbliche Schulen Waldshut-Tiengen f\u00fcr &#8222;E-Buggy&#8220;<br \/>\n3. Preis Gewerblich-Technische Schule Offenburg f\u00fcr &#8222;Toter-Winkel-Assistent f\u00fcr Motorr\u00e4der&#8220;.<\/p>\n<p>&nbsp;<\/p>\n<p><strong>Markierungshalter f\u00fcr Klebeband-Rollen &#8211; Erfinder: Helmut Albert<br \/>\n<\/strong>Helmut Albert, 53 Jahre, Galerist von Beruf,Talstra\u00dfe 61, 79102 Freiburg, Tel.: 0761 \u2013 796032,\u00a0<br \/>\n<a href=\"mailto:hm.albert@t-online.de\">hm.albert@t-online.de<\/a><br \/>\nWo ist der Anfang vom Klebeband? Und wie kann ich den abl\u00f6sen? Und wie schneide ich es schlie\u00dflich ab? F\u00fcr diese drei g\u00e4ngigen Alltagsprobleme gibt es jetzt eine einfache und kosteng\u00fcnstige L\u00f6sung. Die Innovation besteht aus einem Clip aus elastischem Kunststoff, der auf der Klebeband-Rolle verschiebbar ist. Der Clip ist einteilig und damit kosteng\u00fcnstig und mit minimalem Materialaufwand herstellbar. Er kennzeichnet den Anfang des Bandes, erm\u00f6glicht das Abl\u00f6sen und verf\u00fcgt \u00fcber eine Kerbe f\u00fcr die F\u00fchrung eines Messers zum Abtrennen. Der Erfinder<\/p>\n<p align=\"left\"><strong>Warnweste mit SOS-Leuchtschrift &#8211; Erfinder: Levin Erb, Hansjakob-Realschule FR<\/strong><br \/>\nBei Verkehrsunf\u00e4llen fahren Passanten oft vorbei, weil sie nicht wissen, ob noch weitere\u00a0Hilfe erforderlich ist. Die \u201eWarnweste mit Leuchtschrift\u201c zeigt durch ein blinkendes\u201eSOS\u201c an, dass Hilfe gebraucht wird. Es handelt sich bei der Erfindung um\u00a0eine handels\u00fcbliche Warnweste mit Lichtschn\u00fcren aus LEDs, die per Knopfzelle mit Energie versorgt werden.\u00a0<\/p>\n<p><strong>Vorrichtung zum automatischen Weidepfahl-Setzen &#8211; Erfinder: Vinzenz Wetzel, Hansjakob-Realschule FR<\/strong><br \/>\nErfinder Vinzenz Wetzel wei\u00df aus Erfahrung im elterlichen Betrieb, wie lange es\u00a0normalerweise dauert, bis im Fr\u00fchjahr die Weidezaunpf\u00e4hle per Hand gesetzt und\u00a0verdrahtet sind. Er hat deshalb den Vorgang wesentlich erleichtert. Ein an den\u00a0Traktor angeh\u00e4ngter Holzspalter dient dabei als Grundger\u00fcst. Pf\u00e4hle und Draht\u00a0werden dort mitgef\u00fchrt. Ein Hydraulikzylinder dr\u00fcckt pedalgesteuert den Zaunpfahl\u00a0in die Erde, der Draht wird eingeh\u00e4ngt, der Traktor f\u00e4hrt zum n\u00e4chsten Setzpunkt.\u00a0Ben\u00f6tigt werden f\u00fcr den Vorgang zwei Personen, im Gegensatz zu sonst drei. Die\u00a0Arbeitszeit wird um 50 Prozent verringert.<\/p>\n<p align=\"left\">\u00a0<\/p>\n<p>&nbsp;<\/p>\n<p><strong>Drei Freiburger bei der Verleihung des Artur-Fischer-Erfinderpreises<br \/>\n<\/strong>Sie sind T\u00fcftler und Erfinder, und sie sind ausgezeichnet. Drei Freiburger kamen bei der Verleihung des Artur-Fischer-Erfinderpreises besonders gut weg: Helmut Albert mit dem dritten Platz in der Kategorie private Erfinder sowie die Hansjakob-Realsch\u00fcler Levin Erb und Vinzenz Wetzel mit den ersten beiden Pl\u00e4tzen im Sch\u00fclerwettbewerb&#8230;..<br \/>\nAlles vom 31.7.2013 bitte lesen auf<br \/>\n<a href=\"https:\/\/www.badische-zeitung.de\/lokales\/freiburg\/drei-freiburger-sind-beim-artur-fischer-erfinderpreis-erfolgreich\">https:\/\/www.badische-zeitung.de\/lokales\/freiburg\/drei-freiburger-sind-beim-artur-fischer-erfinderpreis-erfolgreich<\/a><\/p>\n<p>&nbsp;<\/p>\n<p><strong><\/strong>\u00a0<\/p>\n<p><strong>Stiftung &#8222;Artur Fischer Erfinderpreis&#8220;<\/strong><\/p>\n<p>Der Preis wird seit 2001 alle zwei Jahre von der Stiftung &#8222;Artur Fischer Erfinderpreis&#8220; vergeben, die sich unter dem Dach der Baden-W\u00fcrttemberg-Stiftung befindet. Der Stifter, Artur Fischer, wurde bekannt durch den grauen D\u00fcbel und die Fischertechnik-Bauk\u00e4sten. Insgesamt werden f\u00fcr den Preis 36 000 Euro ausgesch\u00fcttet. Bewerben k\u00f6nnen sich private Erfinderinnen und Erfinder sowie Sch\u00fclerinnen und Sch\u00fcler aus Baden-W\u00fcrttemberg. Neben dem Innovationspotenzial werden auch der Nutzen der Erfindung f\u00fcr die Allgemeinheit sowie die Initiative bei der Umsetzung bewertet. In diesem Jahr wurden 138 Erfindungen zur Bewertung eingereicht. Es wurden insgesamt 13 Preise vergeben, drei f\u00fcr private Erfinder und zehn f\u00fcr Sch\u00fclergruppen.\u00a0<!-- RSPEAK_STOP -->\u00a0<br \/>\n<a href=\"https:\/\/www.erfinderpreis-bw.de\/\">https:\/\/www.erfinderpreis-bw.de\/<\/a><\/p>\n","protected":false},"excerpt":{"rendered":"<p>Mit je 69 qualifizierten Bewerbungen im Bereich private ErfinderInnen und Erfinder sowie Sch\u00fclerInnen hat der seit 2001 alle 2 Jahre vergebene &#8222;Artur-Fischer-Erfinderpreis&#8220; sein Niveau gehalten. Die\u00a0Stiftung &#8222;Artur Fischer Erfinderpreis&#8220; ist eine Unterstiftung der Baden-W\u00fcrttemberg Stiftung. Am 17.7.2013 wurde\u00a0in Stuttgart folgende &hellip; <a href=\"https:\/\/www.freiburg-schwarzwald.de\/blog\/artur-fischer-erfinderpreis-2013\/\">Weiterlesen <span class=\"meta-nav\">&rarr;<\/span><\/a><\/p>\n","protected":false},"author":4,"featured_media":0,"comment_status":"open","ping_status":"closed","sticky":false,"template":"","format":"standard","meta":{"footnotes":""},"categories":[317,60,95],"tags":[224,289],"class_list":["post-34846","post","type-post","status-publish","format-standard","hentry","category-forschung","category-jugend","category-schulen","tag-erfinder","tag-preis"],"_links":{"self":[{"href":"https:\/\/www.freiburg-schwarzwald.de\/blog\/wp-json\/wp\/v2\/posts\/34846","targetHints":{"allow":["GET"]}}],"collection":[{"href":"https:\/\/www.freiburg-schwarzwald.de\/blog\/wp-json\/wp\/v2\/posts"}],"about":[{"href":"https:\/\/www.freiburg-schwarzwald.de\/blog\/wp-json\/wp\/v2\/types\/post"}],"author":[{"embeddable":true,"href":"https:\/\/www.freiburg-schwarzwald.de\/blog\/wp-json\/wp\/v2\/users\/4"}],"replies":[{"embeddable":true,"href":"https:\/\/www.freiburg-schwarzwald.de\/blog\/wp-json\/wp\/v2\/comments?post=34846"}],"version-history":[{"count":0,"href":"https:\/\/www.freiburg-schwarzwald.de\/blog\/wp-json\/wp\/v2\/posts\/34846\/revisions"}],"wp:attachment":[{"href":"https:\/\/www.freiburg-schwarzwald.de\/blog\/wp-json\/wp\/v2\/media?parent=34846"}],"wp:term":[{"taxonomy":"category","embeddable":true,"href":"https:\/\/www.freiburg-schwarzwald.de\/blog\/wp-json\/wp\/v2\/categories?post=34846"},{"taxonomy":"post_tag","embeddable":true,"href":"https:\/\/www.freiburg-schwarzwald.de\/blog\/wp-json\/wp\/v2\/tags?post=34846"}],"curies":[{"name":"wp","href":"https:\/\/api.w.org\/{rel}","templated":true}]}}