{"id":34792,"date":"2013-07-17T19:18:44","date_gmt":"2013-07-17T17:18:44","guid":{"rendered":"https:\/\/www.freiburg-schwarzwald.de\/blog\/?p=34792"},"modified":"2014-07-28T11:57:23","modified_gmt":"2014-07-28T09:57:23","slug":"strandbad-tischtennis-krebshilfe","status":"publish","type":"post","link":"https:\/\/www.freiburg-schwarzwald.de\/blog\/strandbad-tischtennis-krebshilfe\/","title":{"rendered":"Strandbad-Tischtennis Krebshilfe"},"content":{"rendered":"<p>Bereits zum vierten Mal wird unter der Schirmherrschaft von Ringerlegende Adolf Seger am Sonntag, 21. Juli, im <a title=\"Strandbad\" href=\"https:\/\/www.freiburg-schwarzwald.de\/blog\/sport\/baeder\/strandbad\/\">Freiburger Strandbad<\/a> das bekannte und beliebte <a title=\"Strandbad-Tischtennis\" href=\"https:\/\/www.freiburg-schwarzwald.de\/blog\/sport\/baeder\/strandbad\/strandbad-tischtennis\/\">Benefiz-Tischtennisturnier<\/a> zu Gunsten des \u00b4<a title=\"Krebskranke-Kinder\" href=\"https:\/\/www.freiburg-schwarzwald.de\/blog\/selbsthilfe\/krebs\/krebskranke-kinder\/\">F\u00f6rdervereins f\u00fcr krebskranke Kinder<\/a> ausgetragen. Das Turnier beginnt um 11 Uhr mit einem Prominentenspiel, Freiburgers OB Dr. Dieter Salomon best\u00e4tigte seine Teilnahme.<!--more-->Anmeldungen unter <a href=\"https:\/\/www.badeninfreiburg.de\/\">www.badeninfreiburg.de<\/a>. Gespielt wird jeweils im Doppel, mitmachen kann jeder der Lust hat, egal ob blutige Anf\u00e4nger, Hobby- oder Profi-Tischtennisspieler. Die Auslosung der Teams erfolgt durch die Turnierleitung entsprechend der Spielst\u00e4rken. Das Startgeld betr\u00e4gt \u20ac 5,&#8211; pro Spieler.<\/p>\n<div id=\"attachment_35886\" style=\"width: 649px\" class=\"wp-caption alignnone\"><a href=\"https:\/\/www.freiburg-schwarzwald.de\/blog\/strandbad-tischtennis-krebshilfe\/strandbad5abendsonne-pan130804\/\" rel=\"attachment wp-att-35886\"><img loading=\"lazy\" decoding=\"async\" aria-describedby=\"caption-attachment-35886\" class=\"size-full wp-image-35886\" title=\"strandbad5abendsonne-pan130804\" alt=\"\" src=\"https:\/\/www.freiburg-schwarzwald.de\/blog\/wp-content\/uploads\/2013\/07\/strandbad5abendsonne-pan130804.jpg\" width=\"639\" height=\"279\" srcset=\"https:\/\/www.freiburg-schwarzwald.de\/blog\/wp-content\/uploads\/2013\/07\/strandbad5abendsonne-pan130804.jpg 639w, https:\/\/www.freiburg-schwarzwald.de\/blog\/wp-content\/uploads\/2013\/07\/strandbad5abendsonne-pan130804-180x78.jpg 180w\" sizes=\"auto, (max-width: 639px) 100vw, 639px\" \/><\/a><p id=\"caption-attachment-35886\" class=\"wp-caption-text\">Abendsonne um 20 Uhr genie\u00dfen auf der Bank im Freiburger Strandbad am 4.8.2013 &#8211; Blick nach Westen<\/p><\/div>\n<p>\u201eDas Startgeld wird zu 100 Prozent gespendet,\u201c betont Adolf Seger, \u201ees ist uns wichtig, dass die Startgelder und Spenden vor Ort voll umf\u00e4nglich dem F\u00f6rderverein zu Gute kommen. Spa\u00df haben und Gutes tun\u201c, lautet die Devise des mehrfachen Deutschen, Europa- und Weltmeisters im Freistil-Ringen und Hobby-Tischtennisspielers. Zu Segers gr\u00f6\u00dften Erfolgen z\u00e4hlen die Medaillengewinne bei den Olympischen Sommerspielen 1972 in M\u00fcnchen und 1976 in Montreal. Er gilt als einer der besten deutschen Ringer aller Zeiten.<br \/>\n\u201eWir freuen uns sehr, dass wir das Strandbad auch in diesem Jahr wieder f\u00fcr diesen guten Zweck zur Verf\u00fcgung stellen k\u00f6nnen. 2012 war die Resonanz enorm und hoffen am kommenden Sonntag auf eine weitere Steigerung der Turnierteilnehmer, damit eine m\u00f6glichst hohe Summe f\u00fcr den F\u00f6rderverein zusammen kommt.\u201c Als Hauptpreis bekommt das Gewinnerteam jeweils eine Saisonkarte 2014 f\u00fcr die Regio-Freib\u00e4der.<\/p>\n<p>Mehr Infos:<br \/>\n<a href=\"https:\/\/www.badeninfreiburg.de\/aktuelles\/2013\/06\/benefiz-tischtennisturnier-am-21-juli-2013-im-strandbad\">https:\/\/www.badeninfreiburg.de\/aktuelles\/2013\/06\/benefiz-tischtennisturnier-am-21-juli-2013-im-strandbad<\/a><\/p>\n<p>&nbsp;<\/p>\n<p><a href=\"https:\/\/www.freiburg-schwarzwald.de\/blog\/strandbad-tischtennis-krebshilfe\/strandbad1tischtennis130721\/\" rel=\"attachment wp-att-35024\"><img loading=\"lazy\" decoding=\"async\" class=\"alignnone size-thumbnail wp-image-35024\" title=\"strandbad1tischtennis130721\" alt=\"\" src=\"https:\/\/www.freiburg-schwarzwald.de\/blog\/wp-content\/uploads\/2013\/07\/strandbad1tischtennis130721-180x135.jpg\" width=\"180\" height=\"135\" srcset=\"https:\/\/www.freiburg-schwarzwald.de\/blog\/wp-content\/uploads\/2013\/07\/strandbad1tischtennis130721-180x135.jpg 180w, https:\/\/www.freiburg-schwarzwald.de\/blog\/wp-content\/uploads\/2013\/07\/strandbad1tischtennis130721.jpg 640w\" sizes=\"auto, (max-width: 180px) 100vw, 180px\" \/><\/a>\u00a0\u00a0\u00a0\u00a0\u00a0\u00a0\u00a0\u00a0\u00a0\u00a0 <a href=\"https:\/\/www.freiburg-schwarzwald.de\/blog\/strandbad-tischtennis-krebshilfe\/strandbad2tischtennis130721\/\" rel=\"attachment wp-att-35026\"><img loading=\"lazy\" decoding=\"async\" class=\"alignnone size-thumbnail wp-image-35026\" title=\"strandbad2tischtennis130721\" alt=\"\" src=\"https:\/\/www.freiburg-schwarzwald.de\/blog\/wp-content\/uploads\/2013\/07\/strandbad2tischtennis130721-180x135.jpg\" width=\"180\" height=\"135\" srcset=\"https:\/\/www.freiburg-schwarzwald.de\/blog\/wp-content\/uploads\/2013\/07\/strandbad2tischtennis130721-180x135.jpg 180w, https:\/\/www.freiburg-schwarzwald.de\/blog\/wp-content\/uploads\/2013\/07\/strandbad2tischtennis130721.jpg 640w\" sizes=\"auto, (max-width: 180px) 100vw, 180px\" \/><\/a>\u00a0\u00a0\u00a0\u00a0\u00a0\u00a0\u00a0\u00a0\u00a0 <a href=\"https:\/\/www.freiburg-schwarzwald.de\/blog\/strandbad-tischtennis-krebshilfe\/strandbad3tischtennis130721\/\" rel=\"attachment wp-att-35027\"><img loading=\"lazy\" decoding=\"async\" class=\"alignnone size-thumbnail wp-image-35027\" title=\"strandbad3tischtennis130721\" alt=\"\" src=\"https:\/\/www.freiburg-schwarzwald.de\/blog\/wp-content\/uploads\/2013\/07\/strandbad3tischtennis130721-180x135.jpg\" width=\"180\" height=\"135\" srcset=\"https:\/\/www.freiburg-schwarzwald.de\/blog\/wp-content\/uploads\/2013\/07\/strandbad3tischtennis130721-180x135.jpg 180w, https:\/\/www.freiburg-schwarzwald.de\/blog\/wp-content\/uploads\/2013\/07\/strandbad3tischtennis130721.jpg 640w\" sizes=\"auto, (max-width: 180px) 100vw, 180px\" \/><\/a><br \/>\n(1) Organisation Stefan Masur\u00a0\u00a0\u00a0\u00a0\u00a0\u00a0\u00a0\u00a0\u00a0\u00a0\u00a0\u00a0\u00a0\u00a0\u00a0\u00a0\u00a0\u00a0(2) Adolf Seger &#8230;..\u00a0\u00a0\u00a0\u00a0\u00a0\u00a0\u00a0\u00a0\u00a0\u00a0\u00a0\u00a0\u00a0\u00a0\u00a0\u00a0\u00a0\u00a0\u00a0\u00a0\u00a0\u00a0\u00a0\u00a0\u00a0\u00a0\u00a0\u00a0\u00a0\u00a0\u00a0\u00a0 (3) Blick nach Nordosten 21.7.2013<\/p>\n<p><a href=\"https:\/\/www.freiburg-schwarzwald.de\/blog\/strandbad-tischtennis-krebshilfe\/strandbad4tischtennis130721\/\" rel=\"attachment wp-att-35028\"><img loading=\"lazy\" decoding=\"async\" class=\"alignnone size-thumbnail wp-image-35028\" title=\"strandbad4tischtennis130721\" alt=\"\" src=\"https:\/\/www.freiburg-schwarzwald.de\/blog\/wp-content\/uploads\/2013\/07\/strandbad4tischtennis130721-180x135.jpg\" width=\"180\" height=\"135\" srcset=\"https:\/\/www.freiburg-schwarzwald.de\/blog\/wp-content\/uploads\/2013\/07\/strandbad4tischtennis130721-180x135.jpg 180w, https:\/\/www.freiburg-schwarzwald.de\/blog\/wp-content\/uploads\/2013\/07\/strandbad4tischtennis130721.jpg 640w\" sizes=\"auto, (max-width: 180px) 100vw, 180px\" \/><\/a>\u00a0\u00a0\u00a0\u00a0\u00a0\u00a0\u00a0\u00a0\u00a0 <a href=\"https:\/\/www.freiburg-schwarzwald.de\/blog\/strandbad-tischtennis-krebshilfe\/strandbad5tischtennis130721\/\" rel=\"attachment wp-att-35029\"><img loading=\"lazy\" decoding=\"async\" class=\"alignnone size-thumbnail wp-image-35029\" title=\"strandbad5tischtennis130721\" alt=\"\" src=\"https:\/\/www.freiburg-schwarzwald.de\/blog\/wp-content\/uploads\/2013\/07\/strandbad5tischtennis130721-180x135.jpg\" width=\"180\" height=\"135\" srcset=\"https:\/\/www.freiburg-schwarzwald.de\/blog\/wp-content\/uploads\/2013\/07\/strandbad5tischtennis130721-180x135.jpg 180w, https:\/\/www.freiburg-schwarzwald.de\/blog\/wp-content\/uploads\/2013\/07\/strandbad5tischtennis130721.jpg 640w\" sizes=\"auto, (max-width: 180px) 100vw, 180px\" \/><\/a>\u00a0\u00a0\u00a0\u00a0\u00a0\u00a0\u00a0\u00a0\u00a0 <a href=\"https:\/\/www.freiburg-schwarzwald.de\/blog\/strandbad-tischtennis-krebshilfe\/strandbad6tischtennis130721\/\" rel=\"attachment wp-att-35030\"><img loading=\"lazy\" decoding=\"async\" class=\"alignnone size-thumbnail wp-image-35030\" title=\"strandbad6tischtennis130721\" alt=\"\" src=\"https:\/\/www.freiburg-schwarzwald.de\/blog\/wp-content\/uploads\/2013\/07\/strandbad6tischtennis130721-180x135.jpg\" width=\"180\" height=\"135\" srcset=\"https:\/\/www.freiburg-schwarzwald.de\/blog\/wp-content\/uploads\/2013\/07\/strandbad6tischtennis130721-180x135.jpg 180w, https:\/\/www.freiburg-schwarzwald.de\/blog\/wp-content\/uploads\/2013\/07\/strandbad6tischtennis130721.jpg 640w\" sizes=\"auto, (max-width: 180px) 100vw, 180px\" \/><\/a><br \/>\n(4) Ulrich von Kirchbach (rot)\u00a0\u00a0\u00a0\u00a0\u00a0\u00a0\u00a0\u00a0\u00a0\u00a0\u00a0\u00a0\u00a0\u00a0\u00a0\u00a0\u00a0\u00a0\u00a0\u00a0\u00a0(5) Rechenzentrum\u00a0\u00a0\u00a0\u00a0\u00a0\u00a0\u00a0\u00a0\u00a0\u00a0\u00a0\u00a0\u00a0\u00a0\u00a0\u00a0\u00a0\u00a0\u00a0\u00a0\u00a0\u00a0\u00a0\u00a0\u00a0\u00a0\u00a0\u00a0\u00a0\u00a0\u00a0\u00a0\u00a0\u00a0\u00a0 (3) Blick nach Westen<\/p>\n<p><a href=\"https:\/\/www.freiburg-schwarzwald.de\/blog\/strandbad-tischtennis-krebshilfe\/strandbad7tischtennis130721\/\" rel=\"attachment wp-att-35031\"><img loading=\"lazy\" decoding=\"async\" class=\"alignnone size-thumbnail wp-image-35031\" title=\"strandbad7tischtennis130721\" alt=\"\" src=\"https:\/\/www.freiburg-schwarzwald.de\/blog\/wp-content\/uploads\/2013\/07\/strandbad7tischtennis130721-180x138.jpg\" width=\"180\" height=\"138\" srcset=\"https:\/\/www.freiburg-schwarzwald.de\/blog\/wp-content\/uploads\/2013\/07\/strandbad7tischtennis130721-180x138.jpg 180w, https:\/\/www.freiburg-schwarzwald.de\/blog\/wp-content\/uploads\/2013\/07\/strandbad7tischtennis130721.jpg 640w\" sizes=\"auto, (max-width: 180px) 100vw, 180px\" \/><\/a>\u00a0\u00a0\u00a0\u00a0\u00a0\u00a0\u00a0\u00a0\u00a0 <a href=\"https:\/\/www.freiburg-schwarzwald.de\/blog\/strandbad-tischtennis-krebshilfe\/strandbad8tischtennis130721\/\" rel=\"attachment wp-att-35032\"><img loading=\"lazy\" decoding=\"async\" class=\"alignnone size-thumbnail wp-image-35032\" title=\"strandbad8tischtennis130721\" alt=\"\" src=\"https:\/\/www.freiburg-schwarzwald.de\/blog\/wp-content\/uploads\/2013\/07\/strandbad8tischtennis130721-180x135.jpg\" width=\"180\" height=\"135\" srcset=\"https:\/\/www.freiburg-schwarzwald.de\/blog\/wp-content\/uploads\/2013\/07\/strandbad8tischtennis130721-180x135.jpg 180w, https:\/\/www.freiburg-schwarzwald.de\/blog\/wp-content\/uploads\/2013\/07\/strandbad8tischtennis130721.jpg 640w\" sizes=\"auto, (max-width: 180px) 100vw, 180px\" \/><\/a>\u00a0\u00a0\u00a0\u00a0\u00a0\u00a0\u00a0\u00a0\u00a0 <a href=\"https:\/\/www.freiburg-schwarzwald.de\/blog\/strandbad-tischtennis-krebshilfe\/strandbad9tischtennis130721\/\" rel=\"attachment wp-att-35033\"><img loading=\"lazy\" decoding=\"async\" class=\"alignnone size-thumbnail wp-image-35033\" title=\"strandbad9tischtennis130721\" alt=\"\" src=\"https:\/\/www.freiburg-schwarzwald.de\/blog\/wp-content\/uploads\/2013\/07\/strandbad9tischtennis130721-180x135.jpg\" width=\"180\" height=\"135\" srcset=\"https:\/\/www.freiburg-schwarzwald.de\/blog\/wp-content\/uploads\/2013\/07\/strandbad9tischtennis130721-180x135.jpg 180w, https:\/\/www.freiburg-schwarzwald.de\/blog\/wp-content\/uploads\/2013\/07\/strandbad9tischtennis130721.jpg 640w\" sizes=\"auto, (max-width: 180px) 100vw, 180px\" \/><\/a><br \/>\n(7) Blick nach Norden\u00a0\u00a0\u00a0\u00a0\u00a0\u00a0\u00a0\u00a0\u00a0\u00a0\u00a0\u00a0\u00a0\u00a0\u00a0\u00a0\u00a0\u00a0\u00a0\u00a0\u00a0\u00a0\u00a0\u00a0\u00a0\u00a0\u00a0\u00a0\u00a0\u00a0 (8) Adolf Seger &#8222;am Ball&#8220;<\/p>\n<p><a href=\"https:\/\/www.freiburg-schwarzwald.de\/blog\/strandbad-tischtennis-krebshilfe\/strandbad10tischtennis130721\/\" rel=\"attachment wp-att-35034\"><img loading=\"lazy\" decoding=\"async\" class=\"alignnone size-thumbnail wp-image-35034\" title=\"strandbad10tischtennis130721\" alt=\"\" src=\"https:\/\/www.freiburg-schwarzwald.de\/blog\/wp-content\/uploads\/2013\/07\/strandbad10tischtennis130721-180x139.jpg\" width=\"180\" height=\"139\" srcset=\"https:\/\/www.freiburg-schwarzwald.de\/blog\/wp-content\/uploads\/2013\/07\/strandbad10tischtennis130721-180x139.jpg 180w, https:\/\/www.freiburg-schwarzwald.de\/blog\/wp-content\/uploads\/2013\/07\/strandbad10tischtennis130721.jpg 637w\" sizes=\"auto, (max-width: 180px) 100vw, 180px\" \/><\/a>\u00a0\u00a0\u00a0\u00a0\u00a0\u00a0\u00a0\u00a0\u00a0\u00a0\u00a0 <a href=\"https:\/\/www.freiburg-schwarzwald.de\/blog\/strandbad-tischtennis-krebshilfe\/strandbad11tischtennis130721\/\" rel=\"attachment wp-att-35035\"><img loading=\"lazy\" decoding=\"async\" class=\"alignnone size-thumbnail wp-image-35035\" title=\"strandbad11tischtennis130721\" alt=\"\" src=\"https:\/\/www.freiburg-schwarzwald.de\/blog\/wp-content\/uploads\/2013\/07\/strandbad11tischtennis130721-180x135.jpg\" width=\"180\" height=\"135\" srcset=\"https:\/\/www.freiburg-schwarzwald.de\/blog\/wp-content\/uploads\/2013\/07\/strandbad11tischtennis130721-180x135.jpg 180w, https:\/\/www.freiburg-schwarzwald.de\/blog\/wp-content\/uploads\/2013\/07\/strandbad11tischtennis130721.jpg 640w\" sizes=\"auto, (max-width: 180px) 100vw, 180px\" \/><\/a>\u00a0\u00a0\u00a0\u00a0\u00a0\u00a0\u00a0\u00a0\u00a0 <a href=\"https:\/\/www.freiburg-schwarzwald.de\/blog\/strandbad-tischtennis-krebshilfe\/strandbad1seger\/\" rel=\"attachment wp-att-35150\"><img loading=\"lazy\" decoding=\"async\" class=\"alignnone size-thumbnail wp-image-35150\" title=\"strandbad1seger\" alt=\"\" src=\"https:\/\/www.freiburg-schwarzwald.de\/blog\/wp-content\/uploads\/2013\/07\/strandbad1seger-135x180.jpg\" width=\"135\" height=\"180\" srcset=\"https:\/\/www.freiburg-schwarzwald.de\/blog\/wp-content\/uploads\/2013\/07\/strandbad1seger-135x180.jpg 135w, https:\/\/www.freiburg-schwarzwald.de\/blog\/wp-content\/uploads\/2013\/07\/strandbad1seger.jpg 480w\" sizes=\"auto, (max-width: 135px) 100vw, 135px\" \/><\/a><br \/>\n(10) Blick nach Osten\u00a0\u00a0\u00a0\u00a0\u00a0\u00a0\u00a0\u00a0\u00a0\u00a0\u00a0\u00a0\u00a0\u00a0\u00a0\u00a0\u00a0\u00a0\u00a0\u00a0\u00a0\u00a0\u00a0\u00a0\u00a0\u00a0\u00a0\u00a0\u00a0\u00a0\u00a0\u00a0 (11) 21.7.2013 um 14 Uhr\u00a0\u00a0\u00a0\u00a0\u00a0\u00a0\u00a0\u00a0\u00a0\u00a0\u00a0\u00a0\u00a0\u00a0\u00a0\u00a0\u00a0\u00a0\u00a0\u00a0\u00a0\u00a0\u00a0(12) Siegerehrung<\/p>\n<p><a href=\"https:\/\/www.freiburg-schwarzwald.de\/blog\/strandbad-tischtennis-krebshilfe\/strandbad2seger\/\" rel=\"attachment wp-att-35151\"><img loading=\"lazy\" decoding=\"async\" class=\"alignnone size-thumbnail wp-image-35151\" title=\"strandbad2seger\" alt=\"\" src=\"https:\/\/www.freiburg-schwarzwald.de\/blog\/wp-content\/uploads\/2013\/07\/strandbad2seger-180x135.jpg\" width=\"180\" height=\"135\" srcset=\"https:\/\/www.freiburg-schwarzwald.de\/blog\/wp-content\/uploads\/2013\/07\/strandbad2seger-180x135.jpg 180w, https:\/\/www.freiburg-schwarzwald.de\/blog\/wp-content\/uploads\/2013\/07\/strandbad2seger.jpg 639w\" sizes=\"auto, (max-width: 180px) 100vw, 180px\" \/><\/a>\u00a0\u00a0\u00a0\u00a0\u00a0\u00a0\u00a0\u00a0\u00a0 <a href=\"https:\/\/www.freiburg-schwarzwald.de\/blog\/strandbad-tischtennis-krebshilfe\/strandbad3seger\/\" rel=\"attachment wp-att-35152\"><img loading=\"lazy\" decoding=\"async\" class=\"alignnone size-thumbnail wp-image-35152\" title=\"strandbad3seger\" alt=\"\" src=\"https:\/\/www.freiburg-schwarzwald.de\/blog\/wp-content\/uploads\/2013\/07\/strandbad3seger-180x135.jpg\" width=\"180\" height=\"135\" srcset=\"https:\/\/www.freiburg-schwarzwald.de\/blog\/wp-content\/uploads\/2013\/07\/strandbad3seger-180x135.jpg 180w, https:\/\/www.freiburg-schwarzwald.de\/blog\/wp-content\/uploads\/2013\/07\/strandbad3seger.jpg 639w\" sizes=\"auto, (max-width: 180px) 100vw, 180px\" \/><\/a>\u00a0\u00a0\u00a0\u00a0\u00a0\u00a0\u00a0\u00a0\u00a0\u00a0 <a href=\"https:\/\/www.freiburg-schwarzwald.de\/blog\/strandbad-tischtennis-krebshilfe\/strandbad4seger\/\" rel=\"attachment wp-att-35153\"><img loading=\"lazy\" decoding=\"async\" class=\"alignnone size-thumbnail wp-image-35153\" title=\"strandbad4seger\" alt=\"\" src=\"https:\/\/www.freiburg-schwarzwald.de\/blog\/wp-content\/uploads\/2013\/07\/strandbad4seger-180x135.jpg\" width=\"180\" height=\"135\" srcset=\"https:\/\/www.freiburg-schwarzwald.de\/blog\/wp-content\/uploads\/2013\/07\/strandbad4seger-180x135.jpg 180w, https:\/\/www.freiburg-schwarzwald.de\/blog\/wp-content\/uploads\/2013\/07\/strandbad4seger.jpg 639w\" sizes=\"auto, (max-width: 180px) 100vw, 180px\" \/><\/a><br \/>\n(13) Match bei 33 Grad\u00a0\u00a0\u00a0\u00a0\u00a0\u00a0\u00a0\u00a0\u00a0\u00a0\u00a0\u00a0\u00a0\u00a0\u00a0\u00a0\u00a0\u00a0\u00a0\u00a0\u00a0\u00a0\u00a0\u00a0\u00a0\u00a0\u00a0\u00a0 (15) So sehen Sieger aus<\/p>\n<p><a href=\"https:\/\/www.freiburg-schwarzwald.de\/blog\/strandbad-tischtennis-krebshilfe\/strandbad5seger\/\" rel=\"attachment wp-att-35154\"><img loading=\"lazy\" decoding=\"async\" class=\"alignnone size-thumbnail wp-image-35154\" title=\"strandbad5seger\" alt=\"\" src=\"https:\/\/www.freiburg-schwarzwald.de\/blog\/wp-content\/uploads\/2013\/07\/strandbad5seger-180x135.jpg\" width=\"180\" height=\"135\" srcset=\"https:\/\/www.freiburg-schwarzwald.de\/blog\/wp-content\/uploads\/2013\/07\/strandbad5seger-180x135.jpg 180w, https:\/\/www.freiburg-schwarzwald.de\/blog\/wp-content\/uploads\/2013\/07\/strandbad5seger.jpg 639w\" sizes=\"auto, (max-width: 180px) 100vw, 180px\" \/><\/a><br \/>\n(16) Sieger\u00a0und Organisatoren<\/p>\n<p>(1) Bew\u00e4hrte Organisation: Dank der gegen\u00fcber 2012 noch ausgefeilteren Computerunterst\u00fctzung durch Stefan Masur konnte die Rekordbeteiligung von \u00fcber 100 TischtennisspielerInnen\u00a0gut bew\u00e4ltigt werden, trotz gro\u00dfer Hitze mit fast 35 Grad.<br \/>\n(12) &#8211; (16) Bilder von der Siegerehrung von Karsten Illy<\/p>\n<p>Das diesj\u00e4hrige Tischtennisturnier am 21.7.2013 fand statt mit Rekordbeteiligung und bei wunderbarem und hei\u00dfen Sommerwetter. Das Er\u00f6ffnungsspiel zwischen den B\u00fcrgermeistern Otto Neideck und Ulrich von Kirchbach gegen Ringerlegende Adolf Seger und B\u00e4derchef Ralf Klausmann entschieden die Organisatoren mit 2:0 f\u00fcr sich.<br \/>\n106 TischtennisspielerInnen machten mit und erbrachten eine Rekord-Spendensumme von 3270 Euro zugunsten des <a title=\"Krebskranke-Kinder\" href=\"https:\/\/www.freiburg-schwarzwald.de\/blog\/selbsthilfe\/krebs\/krebskranke-kinder\/\">F\u00f6rdervereins f\u00fcr krebskranke Kinder<\/a>\u00a0. Die gr\u00f6\u00dfte Einzelspende \u00fcber 1100 Euro steuerte Elke Raimann aus Freiburg bei. Die Turniersieger Tobias Ebenthal und Karsten Illy, R\u00e9n\u00e9 H\u00f6flin und Thomas Held, Elmar Bremgartner und Martin Junk sowie Nick Do erhielten\u00a0Freikarten\u00a0f\u00fcr\u00a0Regio-Freib\u00e4der,\u00a0Alemannische B\u00fchne und \u00a0Keidel-Thermalbad.<\/p>\n<p><a href=\"mailto:karstenilly@hotmail.com\">karstenilly@hotmail.com<\/a><br \/>\n<a href=\"mailto:claudiasuetterlin@web.de\">claudiasuetterlin@web.de<\/a><br \/>\n<a href=\"mailto:stepet@hotmail.de\">stepet@hotmail.de<\/a><\/p>\n<p>&nbsp;<\/p>\n<p>&nbsp;<\/p>\n<p><strong>Viel bewegen &#8211; wenig aufregen: Adolf Seger verr\u00e4t sein \u201eFit-im-Alter\u201c-Rezept<\/strong><br \/>\n68 Jahre alt, Erfolgssportler, braungebrannt, topfit und obendrauf noch hilfsbereit:\u00a0<span style=\"font-family: AgfaRotisSansSerif; font-size: xx-small;\">Heute <\/span>plaudern wir\u00a0\u00fcber ein echtes\u00a0Freiburger Vorbild.\u00a0Adolf Seger kennen die meisten von Ihnen bestimmt noch aus seinen Zeiten als Weltmeister im Ringen\u2013 inzwischen trainiert er Jugendliche, engagiert sich f\u00fcr die Krebshilfe und spielt Tischtennis. Letzteres am liebsten im Strandbad, geht t\u00e4glich (Sommertagesplan: \u201eStrandbad und nix anderes!\u201c), einmal im Jahr f\u00fcr einen guten Zweck: Vergangenen Sonntag organisierte der Seniorsportler zusammen mit\u00a0 Ralf Klausmann <strong><span style=\"font-family: RotisSansSerif-ExtraBold; font-size: xx-small;\">\u00a0<\/span><\/strong>(Regio B\u00e4der GmbH) wieder\u00a0ein Tischtennis-Benefizturnier. Ergebnis: Applaus und gro\u00dfer Erfolg! 106 Spieler waren Strandbad dabei, darunter Freiburgs Erster B\u00fcrgermeister Otto Neideck und Sozialb\u00fcrgermeister\u00a0\u00a0 Ulrich von Kirchbach. Gebrachthat\u2018s Spa\u00df &#8211; und 3.270 Euro f\u00fcr die Krebshilfe.\u00a0\u201eSo viel wie noch nie\u201c, sagt Adolf Seger strahlend.\u00a0Er hofft, dass sich das Turnier zur Kultveranstaltung entwickelt, \u201ebei dem meine Freundin dann\u00a0jedesmal \u201aOne Moment in Time\u2018\u00a0von Wi\u00b4hitney Huston singt!&#8220; DieFreundin, das ist Claudia S\u00fctterlin<span style=\"font-family: AgfaRotisSansSerif; font-size: xx-small;\">, <\/span>Gesch\u00e4ftsf\u00fchrerin der\u00a0Alemannischen B\u00fchne. Und wo wir nun beim\u00a0lockeren Unterhaltungstratsch\u00a0angekommen sind, muss ich von Herrn Seger unbedingt noch wissen, wie man es\u00a0 schafft, mit 68 noch so `ne gute Figur zu machen. Adolf Seger verr\u00e4t: T\u00e4glich Sport im Fitness-Studio California, dazu\u00a0Geschicklichkeitstraining\u00a0an der Tischtennisplatte und wenig Fleisch (\u201ewas da heutzutage alles drin ist!\u201c). Ich habe die Vermutung, dass auch noch eine gute Portion Gelassenheit ins Seger\u2018sche Fit-im-Alter-Rezept geh\u00f6rt. Der 68-J\u00e4hrige stimmt mir zu:\u00a0 Souver\u00e4nit\u00e4t\u00a0habe ich gelernt. Sich wegen jeder Sache aufregen, obwohl\u2018s einem gut geht, das bringt nix.\u201c Recht hat er.<br \/>\n25.7.2013,\u00a0Sandra Tieso, <a href=\"https:\/\/www.stadtkurier.de\">www.stadtkurier.de<\/a><\/p>\n","protected":false},"excerpt":{"rendered":"<p>Bereits zum vierten Mal wird unter der Schirmherrschaft von Ringerlegende Adolf Seger am Sonntag, 21. Juli, im Freiburger Strandbad das bekannte und beliebte Benefiz-Tischtennisturnier zu Gunsten des \u00b4F\u00f6rdervereins f\u00fcr krebskranke Kinder ausgetragen. Das Turnier beginnt um 11 Uhr mit einem &hellip; <a href=\"https:\/\/www.freiburg-schwarzwald.de\/blog\/strandbad-tischtennis-krebshilfe\/\">Weiterlesen <span class=\"meta-nav\">&rarr;<\/span><\/a><\/p>\n","protected":false},"author":4,"featured_media":0,"comment_status":"open","ping_status":"closed","sticky":false,"template":"","format":"standard","meta":{"footnotes":""},"categories":[36,61,62,161,72],"tags":[555,718,270],"class_list":["post-34792","post","type-post","status-publish","format-standard","hentry","category-engagement","category-kinder","category-krebs","category-spende","category-sportlern","tag-benefiz","tag-krebs","tag-gift"],"_links":{"self":[{"href":"https:\/\/www.freiburg-schwarzwald.de\/blog\/wp-json\/wp\/v2\/posts\/34792","targetHints":{"allow":["GET"]}}],"collection":[{"href":"https:\/\/www.freiburg-schwarzwald.de\/blog\/wp-json\/wp\/v2\/posts"}],"about":[{"href":"https:\/\/www.freiburg-schwarzwald.de\/blog\/wp-json\/wp\/v2\/types\/post"}],"author":[{"embeddable":true,"href":"https:\/\/www.freiburg-schwarzwald.de\/blog\/wp-json\/wp\/v2\/users\/4"}],"replies":[{"embeddable":true,"href":"https:\/\/www.freiburg-schwarzwald.de\/blog\/wp-json\/wp\/v2\/comments?post=34792"}],"version-history":[{"count":0,"href":"https:\/\/www.freiburg-schwarzwald.de\/blog\/wp-json\/wp\/v2\/posts\/34792\/revisions"}],"wp:attachment":[{"href":"https:\/\/www.freiburg-schwarzwald.de\/blog\/wp-json\/wp\/v2\/media?parent=34792"}],"wp:term":[{"taxonomy":"category","embeddable":true,"href":"https:\/\/www.freiburg-schwarzwald.de\/blog\/wp-json\/wp\/v2\/categories?post=34792"},{"taxonomy":"post_tag","embeddable":true,"href":"https:\/\/www.freiburg-schwarzwald.de\/blog\/wp-json\/wp\/v2\/tags?post=34792"}],"curies":[{"name":"wp","href":"https:\/\/api.w.org\/{rel}","templated":true}]}}