{"id":34657,"date":"2013-07-14T16:15:39","date_gmt":"2013-07-14T14:15:39","guid":{"rendered":"https:\/\/www.freiburg-schwarzwald.de\/blog\/?p=34657"},"modified":"2013-07-16T11:13:18","modified_gmt":"2013-07-16T09:13:18","slug":"die-toten-hosen-in-freiburg","status":"publish","type":"post","link":"https:\/\/www.freiburg-schwarzwald.de\/blog\/die-toten-hosen-in-freiburg\/","title":{"rendered":"Die Toten Hosen in Freiburg"},"content":{"rendered":"<p>50000 Zuschauer feierten, tanzten und sangen beim Open-Air-Konzert der Toten Hosen auf dem Freiburger <a title=\"Messe\" href=\"https:\/\/www.freiburg-schwarzwald.de\/blog\/business\/markt\/messe\/\">Messegel\u00e4nde<\/a> nahe <a title=\"Flugplatz\" href=\"https:\/\/www.freiburg-schwarzwald.de\/blog\/regio\/verkehr\/flugplatz\/\">Flugplatz<\/a>, <a title=\"Mooswald\" href=\"https:\/\/www.freiburg-schwarzwald.de\/blog\/regio\/freiburg\/mooswald\/\">Mooswald<\/a>\u00a0und<a title=\"Wolfsbuck\" href=\"https:\/\/www.freiburg-schwarzwald.de\/blog\/regio\/berge\/wolfsbuck\/\"> Wolfsbuck<\/a>. Bei super Sommerwetter wurde bereits ab 16 Uhr Einlass gew\u00e4hrt\u00a0 f\u00fcr <a title=\"Senioren\" href=\"https:\/\/www.freiburg-schwarzwald.de\/blog\/selbsthilfe\/senioren\/\">Alt<\/a> und Jung, hat doch die fr\u00fchere Punkband zwei\u00a0(oder gar mehr?) Generationen beim <a title=\"Jugend\" href=\"https:\/\/www.freiburg-schwarzwald.de\/blog\/selbsthilfe\/jugend\/\">Jungsein<\/a> und Erwachsenwerden\u00a0begleitet.<!--more--><\/p>\n<p><strong>Wie war es bei den Toten Hosen?<\/strong><br \/>\nCampino hat sichtlich Spa\u00df daran, dort aufzutreten, wo vor nicht allzu langer Zeit der Ex-Papst stand und macht reichlich &#8222;Hallelujah&#8220;-Sp\u00e4\u00dfe, die allerdings eher gutm\u00fctig ausfallen \u2013 nicht selbstverst\u00e4ndlich f\u00fcr eine Band, die schon mal &#8222;Vatikan&#8220; auf &#8222;Taliban&#8220; reimt und wegen eines Plattencovers Blasphemie-Vorw\u00fcrfe kassierte. Aber auch einstige Punkrebellen werden eben mal altersmilde. &#8230;..<br \/>\nAlles vom 14.7.2013 bitte lesen auf<br \/>\n<a href=\"https:\/\/www.badische-zeitung.de\/wie-war-s-bei-den-toten-hosen-in-freiburg\">https:\/\/www.badische-zeitung.de\/wie-war-s-bei-den-toten-hosen-in-freiburg<\/a><\/p>\n<p><a href=\"https:\/\/www.freiburg-schwarzwald.de\/blog\/die-toten-hosen-in-freiburg\/messe-totehosen130713\/\" rel=\"attachment wp-att-34680\"><img loading=\"lazy\" decoding=\"async\" class=\"alignnone size-thumbnail wp-image-34680\" title=\"messe-totehosen130713\" src=\"https:\/\/www.freiburg-schwarzwald.de\/blog\/wp-content\/uploads\/2013\/07\/messe-totehosen130713-180x119.jpg\" alt=\"\" width=\"180\" height=\"119\" srcset=\"https:\/\/www.freiburg-schwarzwald.de\/blog\/wp-content\/uploads\/2013\/07\/messe-totehosen130713-180x119.jpg 180w, https:\/\/www.freiburg-schwarzwald.de\/blog\/wp-content\/uploads\/2013\/07\/messe-totehosen130713.jpg 578w\" sizes=\"auto, (max-width: 180px) 100vw, 180px\" \/><\/a>\u00a0<em>Blick nach Norden,\u00a0Konzert &#8222;Tote Hosen&#8220; Messe Freiburg 13.7.2013 &#8211; Bild: Polizei<\/em><br \/>\n\u00a0\u00a0\u00a0<\/p>\n<p><strong>Wasser verteilt und gespr\u00fcht<\/strong><br \/>\nFreiburg ich liebe dich!!! Gef\u00fchlte Minuten &#8222;Nazis raus&#8220; Chor! Super aufmerksame und hellwache Security die wahnsinnig gut organisiert die Leute wie am Flie\u00dfband aus dem Publikum geholt haben, die nicht mehr konnten!!! Und vorne Wasser verteilt und gespr\u00fcht haben, danke danke an Euch f\u00fcr den wahnsinnigen Einsatz!!! Auch danke das ich als Person mit <a title=\"Sehbehindert\" href=\"https:\/\/www.freiburg-schwarzwald.de\/blog\/selbsthilfe\/behinderung\/sehbehindert\/\">hanicap (blind)<\/a> mal nicht diskriminiert wurde mit den Worten &#8222;Nein du darfst nicht nach vorne, das ist zu gef\u00e4hrlich f\u00fcr dich, ich war zweite Reihe und es war einfach sooooooooooooo geil!!!!<br \/>\n14.7.2013, Katja Reuter<br \/>\n\u00a0\u00a0<\/p>\n<p><strong>Getr\u00e4nkeverkauf schlecht &#8211; Rotes Kreuz\u00a0 gut<\/strong><br \/>\nAuch ich war gestern stinksauer (wegen dem\u00a0Getr\u00e4nkevekauf) und werde mir \u00fcberlegen, ob ich je wieder an ein Konzert gehe, welches dieses Management organisiert. Aber ein gro\u00dfes Lob m\u00f6chte ich an das Rote Kreuz aussprechen, die uns die Flaschen und Becher mit Wasser aufgef\u00fcllt haben, weil wir ja nichts kaufen konnten, ohne dabei verdr\u00fcckt zu werden.<br \/>\n14.7.2013, Diana Gatti<br \/>\n\u00a0<\/p>\n<p><strong>Lob an\u00a0Polizisten und Bahn<\/strong><br \/>\nEin dickes fettes Lob an die Polizisten, die uns nach dem Konzert beim Bahnhof Herdern mit Informationen versorgt haben. Das waren im wahrsten Sinne des Wortes &#8222;Freund und Helfer&#8220;. Ohne diese Infos w\u00e4ren wir aufgrund des Versagens des Veranstalters definitiv in dieser Nacht nicht mehr nach Hause in den OG-Bezirk gekommen. Die haben es doch tats\u00e4chlich aufgrund Ihres Einsatzes mit Funkger\u00e4t, Handy&#8230; m\u00f6glich gemacht, die DB davon zu \u00fcberzeugen, einen f\u00fcr uns kostenlosen Sonderzug laufen zu lassen.<br \/>\nVielen Dank auch dem sehr netten kompetenten Mitarbeiter der DB, der immer freundlich war und sich bem\u00fcht hat uns die aktuellen Versp\u00e4tungen (Wartezeiten von knapp 2 Stunden mit ungewissem Ausgang) und Zwischenst\u00e4nde durchzugeben.<br \/>\nAber der Hit war, dass wir von dem Sonderzug-Lokf\u00fchrer per Durchsage pers\u00f6nlich begr\u00fc\u00dft wurden wie in der 1. Klasse, uns eine gute Fahrt gew\u00fcnscht wurde und alle f\u00fcr uns wichtigen Infos, wegen Haltestellen freundlich durchgesagt wurden, und das obwohl dieser Schaffner eigentlich Feierabend gehabt h\u00e4tte und extra wegen uns \u00dcberstunden absolviert hat und das Nachts um halb zwei.<br \/>\nWenn die Zusammenarbeit der Veranstalter mit den Getr\u00e4nkest\u00e4nden genauso funktioniert h\u00e4tte, dann h\u00e4tte der Veranstalter locker 100 Sonderz\u00fcge extra bezahlen k\u00f6nnen, statt uns einfach nach Abkassieren der Ticketpreise im Dunkeln stehen zu lassen!!!<br \/>\n15.7.2013, Andrea Klein<\/p>\n<p><strong>PH-Student Michi Stein aus Littenweiler auf der B\u00fchne<\/strong><br \/>\nTote-Hosen-Konzert auf der Messe, 50 000 Zuschauer \u2013 und er oben auf der B\u00fchne, im Scheinwerferlicht, mit Campino und der Band. &#8222;Ich hab das nicht wirklich realisiert&#8220;, sagt der Freiburger Lehramtsstudent. &#8222;Die Hosen haben so einen Ausblick jeden Tag, aber f\u00fcr mich war das total irreal.&#8220; Der Tote-Hosen-S\u00e4nger hatte den Studenten spontan auf die B\u00fchne gebeten \u2013 und der lieferte eine astreine Show ab. F\u00fcr viele Besucher war der unerwartete Gastauftritt das Highlight des Konzerts. &#8230;.<br \/>\nAlles vom16.7.2013 bitte lesen auf<br \/>\n<a href=\"https:\/\/www.badische-zeitung.de\/freiburg\/michi-und-die-toten-hosen--73604179.html\">https:\/\/www.badische-zeitung.de\/freiburg\/michi-und-die-toten-hosen&#8211;73604179.html<\/a><\/p>\n","protected":false},"excerpt":{"rendered":"<p>50000 Zuschauer feierten, tanzten und sangen beim Open-Air-Konzert der Toten Hosen auf dem Freiburger Messegel\u00e4nde nahe Flugplatz, Mooswald\u00a0und Wolfsbuck. Bei super Sommerwetter wurde bereits ab 16 Uhr Einlass gew\u00e4hrt\u00a0 f\u00fcr Alt und Jung, hat doch die fr\u00fchere Punkband zwei\u00a0(oder gar &hellip; <a href=\"https:\/\/www.freiburg-schwarzwald.de\/blog\/die-toten-hosen-in-freiburg\/\">Weiterlesen <span class=\"meta-nav\">&rarr;<\/span><\/a><\/p>\n","protected":false},"author":4,"featured_media":0,"comment_status":"open","ping_status":"closed","sticky":false,"template":"","format":"standard","meta":{"footnotes":""},"categories":[49,120],"tags":[398],"class_list":["post-34657","post","type-post","status-publish","format-standard","hentry","category-freiburg","category-musik","tag-konzert"],"_links":{"self":[{"href":"https:\/\/www.freiburg-schwarzwald.de\/blog\/wp-json\/wp\/v2\/posts\/34657","targetHints":{"allow":["GET"]}}],"collection":[{"href":"https:\/\/www.freiburg-schwarzwald.de\/blog\/wp-json\/wp\/v2\/posts"}],"about":[{"href":"https:\/\/www.freiburg-schwarzwald.de\/blog\/wp-json\/wp\/v2\/types\/post"}],"author":[{"embeddable":true,"href":"https:\/\/www.freiburg-schwarzwald.de\/blog\/wp-json\/wp\/v2\/users\/4"}],"replies":[{"embeddable":true,"href":"https:\/\/www.freiburg-schwarzwald.de\/blog\/wp-json\/wp\/v2\/comments?post=34657"}],"version-history":[{"count":0,"href":"https:\/\/www.freiburg-schwarzwald.de\/blog\/wp-json\/wp\/v2\/posts\/34657\/revisions"}],"wp:attachment":[{"href":"https:\/\/www.freiburg-schwarzwald.de\/blog\/wp-json\/wp\/v2\/media?parent=34657"}],"wp:term":[{"taxonomy":"category","embeddable":true,"href":"https:\/\/www.freiburg-schwarzwald.de\/blog\/wp-json\/wp\/v2\/categories?post=34657"},{"taxonomy":"post_tag","embeddable":true,"href":"https:\/\/www.freiburg-schwarzwald.de\/blog\/wp-json\/wp\/v2\/tags?post=34657"}],"curies":[{"name":"wp","href":"https:\/\/api.w.org\/{rel}","templated":true}]}}