{"id":34285,"date":"2013-07-08T17:29:38","date_gmt":"2013-07-08T15:29:38","guid":{"rendered":"https:\/\/www.freiburg-schwarzwald.de\/blog\/?p=34285"},"modified":"2013-09-16T14:52:11","modified_gmt":"2013-09-16T12:52:11","slug":"ph-kuca-camp-und-wagenburg","status":"publish","type":"post","link":"https:\/\/www.freiburg-schwarzwald.de\/blog\/ph-kuca-camp-und-wagenburg\/","title":{"rendered":"PH: KuCa-Camp und Wagenburg"},"content":{"rendered":"<p>Zwischen 8.7. und 12.7.2013 findet ein KuCa-Action-Week-Camp auf der Wiese zwischen Aula der <a title=\"PH\" href=\"https:\/\/www.freiburg-schwarzwald.de\/blog\/bildung\/hochschulen\/ph\/\">PH<\/a>\u00a0und Parkplatz statt. Mittwoch um 17 Uhr im Zelt Interessiertengespr\u00e4ch zum <a title=\"KuCa\" href=\"https:\/\/www.freiburg-schwarzwald.de\/blog\/bildung\/hochschulen\/ph\/kuca\/\">KuCa<\/a> u.a. mit B\u00fcrgerverein, danach VoK\u00fc. Donnerstag\u00a0&#8222;Apokalypse-now&#8220;-Fest\u00a0des KuCa mit Techno-Musik auf der Wiese. Auf dem angrenzenden Parkplatz am <a title=\"Littenweiler\" href=\"https:\/\/www.freiburg-schwarzwald.de\/blog\/regio\/freiburg\/littenweiler\/\">Littenweiler<\/a> <a title=\"Littenweiler-Bahnhof\" href=\"https:\/\/www.freiburg-schwarzwald.de\/blog\/regio\/freiburg\/littenweiler\/littenweiler-bahnhof\/\">Bahnhof<\/a> hat sich eine <a title=\"Wagenburg\" href=\"https:\/\/www.freiburg-schwarzwald.de\/blog\/business\/dienste\/immobilien\/wohnen\/wagenburg\/\">Wagengruppe<\/a> namens &#8222;<a title=\"Wagenburg PH-Parkplatz \u2013 nein\" href=\"https:\/\/www.freiburg-schwarzwald.de\/blog\/wagenburg-ph-parkplatz-nein\/\">Sand im Getriebe&#8220; mit 7 Wagen <\/a>eingerichtet,<!--more--><\/p>\n<p>&nbsp;<\/p>\n<p>Bei dem vom Action-Week-Camp angesetzten Treffen am 10.7. wird auch der Vorschlag diskutiert werden, den \u00fcberdachten Fahrradabstellraum am KG3 f\u00fcr das KuCa umzubauen &#8211; <a title=\"KuCa\" href=\"https:\/\/www.freiburg-schwarzwald.de\/blog\/bildung\/hochschulen\/ph\/kuca\/\">mehr hier<\/a>.<\/p>\n<p><a href=\"https:\/\/www.freiburg-schwarzwald.de\/blog\/ph-kuca-camp-und-wagenburg\/ph-kuca-camp130708\/\" rel=\"attachment wp-att-34286\"><img loading=\"lazy\" decoding=\"async\" class=\"alignnone size-thumbnail wp-image-34286\" title=\"ph-kuca-camp130708\" src=\"https:\/\/www.freiburg-schwarzwald.de\/blog\/wp-content\/uploads\/2013\/07\/ph-kuca-camp130708-180x141.jpg\" alt=\"\" width=\"180\" height=\"141\" srcset=\"https:\/\/www.freiburg-schwarzwald.de\/blog\/wp-content\/uploads\/2013\/07\/ph-kuca-camp130708-180x141.jpg 180w, https:\/\/www.freiburg-schwarzwald.de\/blog\/wp-content\/uploads\/2013\/07\/ph-kuca-camp130708.jpg 636w\" sizes=\"auto, (max-width: 180px) 100vw, 180px\" \/><\/a>\u00a0\u00a0\u00a0\u00a0\u00a0\u00a0\u00a0\u00a0\u00a0 <a href=\"https:\/\/www.freiburg-schwarzwald.de\/blog\/ph-kuca-camp-und-wagenburg\/ph-kuca-action-camp130708\/\" rel=\"attachment wp-att-34287\"><img loading=\"lazy\" decoding=\"async\" class=\"alignnone size-thumbnail wp-image-34287\" title=\"ph-kuca-action-camp130708\" src=\"https:\/\/www.freiburg-schwarzwald.de\/blog\/wp-content\/uploads\/2013\/07\/ph-kuca-action-camp130708-136x180.jpg\" alt=\"\" width=\"136\" height=\"180\" srcset=\"https:\/\/www.freiburg-schwarzwald.de\/blog\/wp-content\/uploads\/2013\/07\/ph-kuca-action-camp130708-136x180.jpg 136w, https:\/\/www.freiburg-schwarzwald.de\/blog\/wp-content\/uploads\/2013\/07\/ph-kuca-action-camp130708.jpg 485w\" sizes=\"auto, (max-width: 136px) 100vw, 136px\" \/><\/a>\u00a0\u00a0\u00a0\u00a0\u00a0\u00a0\u00a0\u00a0\u00a0\u00a0\u00a0\u00a0\u00a0\u00a0\u00a0\u00a0\u00a0\u00a0\u00a0 <a href=\"https:\/\/www.freiburg-schwarzwald.de\/blog\/ph-kuca-camp-und-wagenburg\/ph-wagenburg130708\/\" rel=\"attachment wp-att-34288\"><img loading=\"lazy\" decoding=\"async\" class=\"alignnone size-thumbnail wp-image-34288\" title=\"ph-wagenburg130708\" src=\"https:\/\/www.freiburg-schwarzwald.de\/blog\/wp-content\/uploads\/2013\/07\/ph-wagenburg130708-180x147.jpg\" alt=\"\" width=\"180\" height=\"147\" srcset=\"https:\/\/www.freiburg-schwarzwald.de\/blog\/wp-content\/uploads\/2013\/07\/ph-wagenburg130708-180x147.jpg 180w, https:\/\/www.freiburg-schwarzwald.de\/blog\/wp-content\/uploads\/2013\/07\/ph-wagenburg130708.jpg 639w\" sizes=\"auto, (max-width: 180px) 100vw, 180px\" \/><\/a><br \/>\n(1) Action-Week des KuCa 8.7.2013\u00a0\u00a0\u00a0\u00a0 (2) Apokalypse now am 11.7.\u00a0\u00a0\u00a0\u00a0\u00a0\u00a0\u00a0\u00a0\u00a0\u00a0\u00a0\u00a0 (3) Wagenburg PH-Parkplatz 8.7.2013<\/p>\n<p><a href=\"https:\/\/www.freiburg-schwarzwald.de\/blog\/ph-kuca-camp-und-wagenburg\/ph1wagenburg130710\/\" rel=\"attachment wp-att-34443\"><img loading=\"lazy\" decoding=\"async\" class=\"alignnone size-thumbnail wp-image-34443\" title=\"ph1wagenburg130710\" src=\"https:\/\/www.freiburg-schwarzwald.de\/blog\/wp-content\/uploads\/2013\/07\/ph1wagenburg130710-180x141.jpg\" alt=\"\" width=\"180\" height=\"141\" srcset=\"https:\/\/www.freiburg-schwarzwald.de\/blog\/wp-content\/uploads\/2013\/07\/ph1wagenburg130710-180x141.jpg 180w, https:\/\/www.freiburg-schwarzwald.de\/blog\/wp-content\/uploads\/2013\/07\/ph1wagenburg130710.jpg 640w\" sizes=\"auto, (max-width: 180px) 100vw, 180px\" \/><\/a>\u00a0\u00a0\u00a0\u00a0\u00a0\u00a0\u00a0\u00a0\u00a0 <a href=\"https:\/\/www.freiburg-schwarzwald.de\/blog\/ph-kuca-camp-und-wagenburg\/ph2wagenburg130710\/\" rel=\"attachment wp-att-34444\"><img loading=\"lazy\" decoding=\"async\" class=\"alignnone size-thumbnail wp-image-34444\" title=\"ph2wagenburg130710\" src=\"https:\/\/www.freiburg-schwarzwald.de\/blog\/wp-content\/uploads\/2013\/07\/ph2wagenburg130710-180x135.jpg\" alt=\"\" width=\"180\" height=\"135\" srcset=\"https:\/\/www.freiburg-schwarzwald.de\/blog\/wp-content\/uploads\/2013\/07\/ph2wagenburg130710-180x135.jpg 180w, https:\/\/www.freiburg-schwarzwald.de\/blog\/wp-content\/uploads\/2013\/07\/ph2wagenburg130710.jpg 640w\" sizes=\"auto, (max-width: 180px) 100vw, 180px\" \/><\/a>\u00a0\u00a0\u00a0\u00a0\u00a0\u00a0\u00a0\u00a0\u00a0 <a href=\"https:\/\/www.freiburg-schwarzwald.de\/blog\/ph-kuca-camp-und-wagenburg\/bahnhof-littenweiler130717\/\" rel=\"attachment wp-att-34984\"><img loading=\"lazy\" decoding=\"async\" class=\"alignnone size-thumbnail wp-image-34984\" title=\"bahnhof-littenweiler130717\" src=\"https:\/\/www.freiburg-schwarzwald.de\/blog\/wp-content\/uploads\/2013\/07\/bahnhof-littenweiler130717-180x135.jpg\" alt=\"\" width=\"180\" height=\"135\" srcset=\"https:\/\/www.freiburg-schwarzwald.de\/blog\/wp-content\/uploads\/2013\/07\/bahnhof-littenweiler130717-180x135.jpg 180w, https:\/\/www.freiburg-schwarzwald.de\/blog\/wp-content\/uploads\/2013\/07\/bahnhof-littenweiler130717.jpg 640w\" sizes=\"auto, (max-width: 180px) 100vw, 180px\" \/><\/a><br \/>\n(4) Blick westw\u00e4rts 10.7.2013\u00a0\u00a0\u00a0\u00a0\u00a0\u00a0\u00a0\u00a0\u00a0\u00a0\u00a0\u00a0\u00a0\u00a0\u00a0\u00a0(5) Blick nordw\u00e4rts 10.7.2013\u00a0\u00a0\u00a0\u00a0\u00a0\u00a0\u00a0\u00a0\u00a0\u00a0\u00a0\u00a0\u00a0\u00a0\u00a0\u00a0 (6) Bahnhof Littenweiler 17.7.2013<\/p>\n<p><a href=\"https:\/\/www.freiburg-schwarzwald.de\/blog\/ph-kuca-camp-und-wagenburg\/bahnhof-littenweiler130719\/\" rel=\"attachment wp-att-34985\"><img loading=\"lazy\" decoding=\"async\" class=\"alignnone size-thumbnail wp-image-34985\" title=\"bahnhof-littenweiler130719\" src=\"https:\/\/www.freiburg-schwarzwald.de\/blog\/wp-content\/uploads\/2013\/07\/bahnhof-littenweiler130719-180x135.jpg\" alt=\"\" width=\"180\" height=\"135\" srcset=\"https:\/\/www.freiburg-schwarzwald.de\/blog\/wp-content\/uploads\/2013\/07\/bahnhof-littenweiler130719-180x135.jpg 180w, https:\/\/www.freiburg-schwarzwald.de\/blog\/wp-content\/uploads\/2013\/07\/bahnhof-littenweiler130719.jpg 640w\" sizes=\"auto, (max-width: 180px) 100vw, 180px\" \/><\/a>\u00a0\u00a0\u00a0\u00a0\u00a0\u00a0\u00a0\u00a0\u00a0 <a href=\"https:\/\/www.freiburg-schwarzwald.de\/blog\/ph-kuca-camp-und-wagenburg\/wagenburg130727\/\" rel=\"attachment wp-att-35084\"><img loading=\"lazy\" decoding=\"async\" class=\"alignnone size-thumbnail wp-image-35084\" title=\"wagenburg130727\" src=\"https:\/\/www.freiburg-schwarzwald.de\/blog\/wp-content\/uploads\/2013\/07\/wagenburg130727-180x147.jpg\" alt=\"\" width=\"180\" height=\"147\" srcset=\"https:\/\/www.freiburg-schwarzwald.de\/blog\/wp-content\/uploads\/2013\/07\/wagenburg130727-180x147.jpg 180w, https:\/\/www.freiburg-schwarzwald.de\/blog\/wp-content\/uploads\/2013\/07\/wagenburg130727-640x526.jpg 640w, https:\/\/www.freiburg-schwarzwald.de\/blog\/wp-content\/uploads\/2013\/07\/wagenburg130727.jpg 1000w\" sizes=\"auto, (max-width: 180px) 100vw, 180px\" \/><\/a>\u00a0\u00a0\u00a0\u00a0\u00a0\u00a0\u00a0\u00a0\u00a0 <a href=\"https:\/\/www.freiburg-schwarzwald.de\/blog\/ph-kuca-camp-und-wagenburg\/wagenburg130801\/\" rel=\"attachment wp-att-35464\"><img loading=\"lazy\" decoding=\"async\" class=\"alignnone size-thumbnail wp-image-35464\" title=\"wagenburg130801\" src=\"https:\/\/www.freiburg-schwarzwald.de\/blog\/wp-content\/uploads\/2013\/07\/wagenburg130801-180x146.jpg\" alt=\"\" width=\"180\" height=\"146\" srcset=\"https:\/\/www.freiburg-schwarzwald.de\/blog\/wp-content\/uploads\/2013\/07\/wagenburg130801-180x146.jpg 180w, https:\/\/www.freiburg-schwarzwald.de\/blog\/wp-content\/uploads\/2013\/07\/wagenburg130801.jpg 628w\" sizes=\"auto, (max-width: 180px) 100vw, 180px\" \/><\/a><br \/>\n(7) Neuer Wagen 19.7.2013\u00a0\u00a0\u00a0\u00a0\u00a0\u00a0\u00a0\u00a0\u00a0\u00a0\u00a0\u00a0\u00a0\u00a0\u00a0\u00a0\u00a0\u00a0 (8) Blick nodwestw\u00e4rts 27.7.2013\u00a0\u00a0\u00a0\u00a0\u00a0\u00a0\u00a0\u00a0\u00a0 (9) 1.8.2013<\/p>\n<p><a href=\"https:\/\/www.freiburg-schwarzwald.de\/blog\/ph-kuca-camp-und-wagenburg\/wagenburg-kapitalismus130824\/\" rel=\"attachment wp-att-36932\"><img loading=\"lazy\" decoding=\"async\" class=\"alignnone size-thumbnail wp-image-36932\" title=\"wagenburg-kapitalismus130824\" src=\"https:\/\/www.freiburg-schwarzwald.de\/blog\/wp-content\/uploads\/2013\/07\/wagenburg-kapitalismus130824-180x135.jpg\" alt=\"\" width=\"180\" height=\"135\" srcset=\"https:\/\/www.freiburg-schwarzwald.de\/blog\/wp-content\/uploads\/2013\/07\/wagenburg-kapitalismus130824-180x135.jpg 180w, https:\/\/www.freiburg-schwarzwald.de\/blog\/wp-content\/uploads\/2013\/07\/wagenburg-kapitalismus130824.jpg 640w\" sizes=\"auto, (max-width: 180px) 100vw, 180px\" \/><\/a><br \/>\n(10) Kapitalismus am 19.8.2013<\/p>\n<p>\u00a0\u00a0\u00a0\u00a0\u00a0\u00a0<br \/>\n<strong>Wagenburg zieht von Haslach nach Littenweiler<\/strong><br \/>\n&#8230; Unklar ist, wem der Parkplatz geh\u00f6rt, auf dem die Wagen zwischen Autos von Pendlern stehen. Die Deutschen Bahn AG ist nicht die Eigent\u00fcmerin, sagte am Montag einer ihrer Sprecher in Stuttgart. Die P\u00e4dagogische Hochschule (PH) war am Nachmittag f\u00fcr eine Stellungnahme nicht mehr zu erreichen. Die Polizei ist im Gespr\u00e4ch mit der Stadtverwaltung sowie der PH und kl\u00e4rt jetzt erst einmal die Eigentumsverh\u00e4ltnisse, sagte ihr Sprecher Karl-Heinz Schmid. Mit dem Grundst\u00fcckseigent\u00fcmer werde gekl\u00e4rt, ob er die Wagenburg akzeptiere&#8230;&#8230;<br \/>\nAlles vom 9.7.2013 bitte lesen auf<br \/>\n<a href=\"https:\/\/www.badische-zeitung.de\/freiburg\/wagenburg-zieht-von-haslach-nach-littenweiler--73425565.html\">https:\/\/www.badische-zeitung.de\/freiburg\/wagenburg-zieht-von-haslach-nach-littenweiler&#8211;73425565.html<\/a><\/p>\n<p>&nbsp;<\/p>\n<p><strong>&#8222;Unklar ist, wem der Parkplatz geh\u00f6rt, auf dem die Wagen zwischen Autos von Pendlern stehen.&#8220;<\/strong><br \/>\nDie Feststellung der Eigentumsverh\u00e4ltnisse ist ja auch eine fast nicht zu meisternde H\u00fcrde. \ud83d\ude09 Eine Auskunft seitens des st\u00e4dt. Vermessungsamtes (um welches Flurst\u00fcck es sich denn genau handelt) und danach eine Auskunft vom Grundbuchamt und fertig ist die Laube&#8230;<br \/>\n@Frau M\u00f6r: Und wieder ein Paradebeispiel daf\u00fcr, dass wir uns die Welt so machen, wie sie uns gef\u00e4llt. Kein Gesch\u00e4digter, der sich beschwert? Na, dann ist ja alles O.K.! Auf fremden Grund und Boden sich niederlassen? Wohl auch kein Problem, oder?<br \/>\n10.7.2013, Andreas M\u00fcller<\/p>\n<p>&nbsp;<\/p>\n<p>&nbsp;<\/p>\n<p><strong>B\u00fcrgergespr\u00e4ch beim KuCa am 10.7.2013 &#8211; Einladung<\/strong><\/p>\n<p>Seit mehr als 20 Jahren ist das Kultur Caf\u00e9 \u201eKuCa\u201c, betrieben von Studierenden der P\u00e4dagogischen Hochschule, eine Institution an der PH. Derzeit wird jedoch \u00fcber einen Abriss der Baracken in Littenweiler diskutiert. Die Stadt Freiburg plant am Bahnhof Littenweiler eine gro\u00dfz\u00fcgige Umgestaltung und Neubebauung und daf\u00fcr m\u00fcssen die Baracken, die auf st\u00e4dtischem Gel\u00e4nde stehen, weichen. Damit verlieren der AStA, das selbstverwaltete Studierendencaf\u00e9 KuCa und das PH-Radio ihre Heimat. Und Ersatzr\u00e4ume sind derzeit nicht in Sicht. Rektorat, Hochschulrat, Studierende sowie Stadtrat Sebastian M\u00fcller (Junges Freiburg im Gemeinderat), sind derzeit im Gespr\u00e4ch, um nach geeigneten M\u00f6glichkeiten, beispielsweise der vor\u00fcbergehenden Unterbringung des AStA und des \u201eKuCa\u201c zu suchen. Dabei geht man, nach dem aktuellen Planungsstand der Stadt, davon aus, dass die Baracken Ende 2014 abgerissen werden. Daher hat man sich auf folgende Punkte geeinigt: Falls kein nahtloser \u00dcbergang in einen Neubau m\u00f6glich ist, sichert das Rektorat der Studierendenvertretung zu, \u00fcbergangsweise Fl\u00e4chen innerhalb der Hochschulfl\u00e4che bereit zu stellen, damit die Studierenden ihre derzeitigen Angebote in Selbstverwaltung fortf\u00fchren k\u00f6nnen. Sowohl das Rektorat als auch die Studierendenvertretung streben einen Neubau an. Sollte jedoch kein Neubau verwirklicht werden, bem\u00fcht sich das Rektorat, der Studierendenvertretung einen angemessenen Ersatz zur Verf\u00fcgung zu stellen. Doch die Gelder f\u00fcr den Doppelhaushalt 2013\/14 sind schon zweckgebunden beantragt. Die n\u00e4chsten Antr\u00e4ge werden erst im Jahr 2015\/16 genehmigt. \u201eUm die Arbeitsf\u00e4higkeit der Studierendenvertretung und der Fortbestand ihrer Angebote weiterhin zu gew\u00e4hrleisten, hat f\u00fcr uns Studierende der Erhalt des \u201eKuCas\u201c als Ort der Begegnung und als Ort f\u00fcr kulturelle, soziale und politische Projekte h\u00f6chste Priorit\u00e4t\u201c, sagt Joachim Schweizer vom AStA der PH. \u00d6ffentlichkeitswirksam besetzten Mitte Mai bei einem \u201eKuCA-bleibt-Aktionstag\u201c einige Demonstranten den leer stehenden Teil des benachbarten Bahnhofsgeb\u00e4udes. Die Studenten w\u00fcnschen sich ein Studierendenhaus, das wie bisher die B\u00fcros der Studierendenvertretung und Studienberatung, einen Lernraum und das Kulturcaf\u00e9 in unmittelbarer N\u00e4he unter einem Dach vereint. Der unter Denkmalschutz stehende Littenweiler Bahnhof mit angrenzendem Schuppen w\u00e4re ihrer Meinung nach ideal. Doch die Besitzverh\u00e4ltnisse sind derzeit unklar. Der Inhaber der B\u00e4ckerei Heitzmann hat das Gel\u00e4nde samt Bahnhofsgeb\u00e4ude von der Bahn erworben, die Stadt Freiburg besteht jedoch auf ihr Vorkaufsrecht.<\/p>\n<p>In dieser Woche veranstaltet der \u201eArbeitskreis KuCa bleibt\u201c der P\u00e4dagogischen Hochschule eine Aktionswoche rund um das \u201eKuCa\u201c und l\u00e4dt u.a. <strong>am heutigen Mittwoch, dem 10. Juli, von 17.00 \u2013 19.00 Uhr zu einem B\u00fcrgergespr\u00e4ch<\/strong> \u201eKulturCaf\u00e9 oder KulturBahnhof?\u201c ins KuCa in der H\u00f6llentalstra\u00dfe ein. Gemeinsam mit den B\u00fcrgerinnen und B\u00fcrgern aus den Stadtteilen Littenweiler und Waldsee und den angrenzenden Ortschaften Kappel und Ebnet, m\u00f6chte man an der Konzeptentwicklung arbeiten und stellt daher die Fragen: Welche Nutzungen k\u00f6nnen Sie sich f\u00fcr den Bahnhof Littenweiler vorstellen? Wie soll das bisher als Parkplatz genutzte Gel\u00e4nde gestaltet werden? Welchen Stellenwert hat das Kulturcaf\u00e9 im Stadtteil? Kann sich aus dem Kulturcaf\u00e9 ein Stadtteilzentrum entwickeln?<br \/>\nUm den Abend gem\u00fctlich zu gestalten, wird von den Studierenden ein selbst gekochtes vegetarisches Abendessen gereicht, gerne sind daf\u00fcr Sachspenden willkommen.<br \/>\n10.7.2013, Gisela Heizler-Ries, <a href=\"https:\/\/www.dreisamtaeler.de\">www.dreisamtaeler.de<\/a><\/p>\n","protected":false},"excerpt":{"rendered":"<p>Zwischen 8.7. und 12.7.2013 findet ein KuCa-Action-Week-Camp auf der Wiese zwischen Aula der PH\u00a0und Parkplatz statt. Mittwoch um 17 Uhr im Zelt Interessiertengespr\u00e4ch zum KuCa u.a. mit B\u00fcrgerverein, danach VoK\u00fc. Donnerstag\u00a0&#8222;Apokalypse-now&#8220;-Fest\u00a0des KuCa mit Techno-Musik auf der Wiese. Auf dem angrenzenden &hellip; <a href=\"https:\/\/www.freiburg-schwarzwald.de\/blog\/ph-kuca-camp-und-wagenburg\/\">Weiterlesen <span class=\"meta-nav\">&rarr;<\/span><\/a><\/p>\n","protected":false},"author":4,"featured_media":0,"comment_status":"open","ping_status":"closed","sticky":false,"template":"","format":"standard","meta":{"footnotes":""},"categories":[49,267,157,91],"tags":[29],"class_list":["post-34285","post","type-post","status-publish","format-standard","hentry","category-freiburg","category-hochschulen","category-oeffentlicher-raum","category-wohnen","tag-student"],"_links":{"self":[{"href":"https:\/\/www.freiburg-schwarzwald.de\/blog\/wp-json\/wp\/v2\/posts\/34285","targetHints":{"allow":["GET"]}}],"collection":[{"href":"https:\/\/www.freiburg-schwarzwald.de\/blog\/wp-json\/wp\/v2\/posts"}],"about":[{"href":"https:\/\/www.freiburg-schwarzwald.de\/blog\/wp-json\/wp\/v2\/types\/post"}],"author":[{"embeddable":true,"href":"https:\/\/www.freiburg-schwarzwald.de\/blog\/wp-json\/wp\/v2\/users\/4"}],"replies":[{"embeddable":true,"href":"https:\/\/www.freiburg-schwarzwald.de\/blog\/wp-json\/wp\/v2\/comments?post=34285"}],"version-history":[{"count":0,"href":"https:\/\/www.freiburg-schwarzwald.de\/blog\/wp-json\/wp\/v2\/posts\/34285\/revisions"}],"wp:attachment":[{"href":"https:\/\/www.freiburg-schwarzwald.de\/blog\/wp-json\/wp\/v2\/media?parent=34285"}],"wp:term":[{"taxonomy":"category","embeddable":true,"href":"https:\/\/www.freiburg-schwarzwald.de\/blog\/wp-json\/wp\/v2\/categories?post=34285"},{"taxonomy":"post_tag","embeddable":true,"href":"https:\/\/www.freiburg-schwarzwald.de\/blog\/wp-json\/wp\/v2\/tags?post=34285"}],"curies":[{"name":"wp","href":"https:\/\/api.w.org\/{rel}","templated":true}]}}