{"id":34138,"date":"2013-07-06T08:55:29","date_gmt":"2013-07-06T06:55:29","guid":{"rendered":"https:\/\/www.freiburg-schwarzwald.de\/blog\/?p=34138"},"modified":"2013-07-06T10:14:47","modified_gmt":"2013-07-06T08:14:47","slug":"kaiserstuhl-bilder-d-und-f","status":"publish","type":"post","link":"https:\/\/www.freiburg-schwarzwald.de\/blog\/kaiserstuhl-bilder-d-und-f\/","title":{"rendered":"Kaiserstuhl Bilder D und F"},"content":{"rendered":"<p>Der Kaiserstuhl-<a title=\"Buch\" href=\"https:\/\/www.freiburg-schwarzwald.de\/blog\/kultur\/dichter\/literatur\/buch\/\">Bildband<\/a> des <a title=\"Breisach\" href=\"https:\/\/www.freiburg-schwarzwald.de\/blog\/regio\/orte\/breisach\/\">Breisacher<\/a> <a title=\"Fotografie\" href=\"https:\/\/www.freiburg-schwarzwald.de\/blog\/business\/dienste\/fotografie\/\">Fotografen<\/a> Rainer Spaniel ist etwas ganz besonders: 1250 Fotos zu <a title=\"Kaiserstuhl\" href=\"https:\/\/www.freiburg-schwarzwald.de\/blog\/regio\/kaiserstuhl\/\">Kaiserstuhl<\/a>, <a title=\"Tuniberg\" href=\"https:\/\/www.freiburg-schwarzwald.de\/blog\/regio\/tuniberg\/\">Tuniberg<\/a> und\u00a0Altrhein.Tiere, Pflanzen und Landschaft zu allen Jahreszeiten. Zweisprachig Deutsch-<a title=\"France\" href=\"https:\/\/www.freiburg-schwarzwald.de\/blog\/global\/france\/\">Franz\u00f6sisch<\/a>. Im Eigenverlag. <!--more-->\u00a0\u00a0<br \/>\n&#8222;Kaiserstuhl \u2013 Poesie der Natur&#8220;\u00a0<br \/>\nBildband von Rainer Spaniel; 272 Seiten, 39,80 Euro, ISBN 978-3-00-041679-8.<br \/>\nErh\u00e4ltlich beim Autor \u00fcber <a title=\"\" href=\"https:\/\/www.aufdemberg.info\/\" target=\"_blank\"><span style=\"color: #0000ff;\">https:\/\/www.aufdemberg.info<\/span><\/a> und im Buchhandel<br \/>\nWerbeagentur am Breisacher M\u00fcnsterberg.<\/p>\n<p><strong>Liebeserkl\u00e4rung an eine Landschaft<br \/>\n<\/strong>\u00dcber den Kaiserstuhl existieren viele Bildb\u00e4nde, jetzt ist einer erschienen, der aus dem \u00dcblichen heraussticht. Es ist eine ganz pers\u00f6nlich gehaltene Liebeserkl\u00e4rung an eine Landschaft, an der Rainer Spaniel die Betrachter und Leser teilhaben l\u00e4sst. &#8222;Kaiserstuhl \u2013 Poesie der Natur&#8220; hat der in Breisach lebende Fotograf und Werbegraphiker seinen Bildband betitelt, in dem er auch Rhein und Tuniberg einen ehrw\u00fcrdigen Platz einger\u00e4umt hat. 1250 eigene Fotos hat er in dem Buch zu einer Bildersymphonie inszeniert, die nicht nur zu jeder Jahreszeit die H\u00f6hepunkte dieser Landschaft und ihre Vielfalt an Tieren und Pflanzen in verschwenderischer Detailf\u00fclle darstellt, sondern auch die charakteristischen Sch\u00f6nheiten der St\u00e4dte und D\u00f6rfer am und im Kaiserstuhl wiedergibt&#8230;.<br \/>\nAlles vom 6.7.2013 lesen auf<br \/>\n<a href=\"https:\/\/www.badische-zeitung.de\/breisach\/liebeserklaerung-an-eine-landschaft--73334959.html\">https:\/\/www.badische-zeitung.de\/breisach\/liebeserklaerung-an-eine-landschaft&#8211;73334959.html<\/a><\/p>\n","protected":false},"excerpt":{"rendered":"<p>Der Kaiserstuhl-Bildband des Breisacher Fotografen Rainer Spaniel ist etwas ganz besonders: 1250 Fotos zu Kaiserstuhl, Tuniberg und\u00a0Altrhein.Tiere, Pflanzen und Landschaft zu allen Jahreszeiten. Zweisprachig Deutsch-Franz\u00f6sisch. Im Eigenverlag.<\/p>\n","protected":false},"author":4,"featured_media":0,"comment_status":"open","ping_status":"closed","sticky":false,"template":"","format":"standard","meta":{"footnotes":""},"categories":[178,12,122],"tags":[552,553],"class_list":["post-34138","post","type-post","status-publish","format-standard","hentry","category-kaiserstuhl","category-natur","category-wandern","tag-buch-2","tag-kais"],"_links":{"self":[{"href":"https:\/\/www.freiburg-schwarzwald.de\/blog\/wp-json\/wp\/v2\/posts\/34138","targetHints":{"allow":["GET"]}}],"collection":[{"href":"https:\/\/www.freiburg-schwarzwald.de\/blog\/wp-json\/wp\/v2\/posts"}],"about":[{"href":"https:\/\/www.freiburg-schwarzwald.de\/blog\/wp-json\/wp\/v2\/types\/post"}],"author":[{"embeddable":true,"href":"https:\/\/www.freiburg-schwarzwald.de\/blog\/wp-json\/wp\/v2\/users\/4"}],"replies":[{"embeddable":true,"href":"https:\/\/www.freiburg-schwarzwald.de\/blog\/wp-json\/wp\/v2\/comments?post=34138"}],"version-history":[{"count":0,"href":"https:\/\/www.freiburg-schwarzwald.de\/blog\/wp-json\/wp\/v2\/posts\/34138\/revisions"}],"wp:attachment":[{"href":"https:\/\/www.freiburg-schwarzwald.de\/blog\/wp-json\/wp\/v2\/media?parent=34138"}],"wp:term":[{"taxonomy":"category","embeddable":true,"href":"https:\/\/www.freiburg-schwarzwald.de\/blog\/wp-json\/wp\/v2\/categories?post=34138"},{"taxonomy":"post_tag","embeddable":true,"href":"https:\/\/www.freiburg-schwarzwald.de\/blog\/wp-json\/wp\/v2\/tags?post=34138"}],"curies":[{"name":"wp","href":"https:\/\/api.w.org\/{rel}","templated":true}]}}