{"id":34090,"date":"2013-07-05T08:52:33","date_gmt":"2013-07-05T06:52:33","guid":{"rendered":"https:\/\/www.freiburg-schwarzwald.de\/blog\/?p=34090"},"modified":"2013-07-09T14:30:13","modified_gmt":"2013-07-09T12:30:13","slug":"ebnet-900-fest-6-7juli-2013","status":"publish","type":"post","link":"https:\/\/www.freiburg-schwarzwald.de\/blog\/ebnet-900-fest-6-7juli-2013\/","title":{"rendered":"Ebnet 900 &#8211; Fest 6-7Juli 2013"},"content":{"rendered":"<p>Festwochenende zu <a title=\"Ebnet 900 Jubilaeum 6.\/7.Juli\" href=\"https:\/\/www.freiburg-schwarzwald.de\/blog\/ebnet-900-jubilaeum-6-7-juli\/\">&#8222;900 Jahre Ebnet<\/a>&#8222;. Samstag\u00a06.7.2013 um 11 Uhr an der Dreisamhalle\u00a0in <a title=\"Ebnet\" href=\"https:\/\/www.freiburg-schwarzwald.de\/blog\/regio\/freiburg\/ebnet\/\">Ebnet <\/a>Er\u00f6ffnung mit Vorstellung der\u00a0Holzbildhauer-Skulpturen, Fassanstich mit B\u00fcrgermeister Martin Haag, Jubil\u00e4ums-B\u00f6llerschie\u00dfen. Beginn des Dorfhocks mit\u00a0 Musikkapellen, Alte Handwerke, Schaupr\u00e4gen der Ebneter Jubil\u00e4umsmedaille in mittelalterlicher M\u00fcnztechnik, Kutschfahrten, historische F\u00fchrungen durch Ebnet sowie Kinderprogramm.<!--more--><\/p>\n<p>15 Uhr Historische Feuerwehr\u00fcbung, 16 Uhr Ballonwettbewerb, 21 Uhr Partynacht mit DJ Flo Holzer in der Dreisamhalle (Eintritt frei) und 22.30 Uhr Jubil\u00e4umsfeuerwerk.<\/p>\n<p>Sonntag 7.7.2013: 10 Uhr \u00d6kumenischer Gottesdienst bei der Dreisamhalle, ab 11 Uhr Fortsetzung Dorfhock mit Musik, Vorf\u00fchrungen, Kutschfahrten, Dorff\u00fchrungen und Kinderprogramm. 16 Uhr Ballonwettbewerb. An beiden Tagen\u00a0Fotoausstellung von Erich Wickersheim und Eberhard Schr\u00f6der im Clubheim in der Dreisamhalle.\u00a0<!-- RSPEAK_STOP -->\u00a0<\/p>\n<p>&nbsp;<\/p>\n<p>&nbsp;<\/p>\n<p><strong>Holzhauer-Symposion mit vier Skulpturen<\/strong><\/p>\n<p><a href=\"https:\/\/www.freiburg-schwarzwald.de\/blog\/ebnet-900-fest-6-7juli-2013\/ebnet1holzskulpturen130704\/\" rel=\"attachment wp-att-34144\"><img loading=\"lazy\" decoding=\"async\" class=\"alignnone size-thumbnail wp-image-34144\" title=\"ebnet1holzskulpturen130704\" src=\"https:\/\/www.freiburg-schwarzwald.de\/blog\/wp-content\/uploads\/2013\/07\/ebnet1holzskulpturen130704-180x135.jpg\" alt=\"\" width=\"180\" height=\"135\" srcset=\"https:\/\/www.freiburg-schwarzwald.de\/blog\/wp-content\/uploads\/2013\/07\/ebnet1holzskulpturen130704-180x135.jpg 180w, https:\/\/www.freiburg-schwarzwald.de\/blog\/wp-content\/uploads\/2013\/07\/ebnet1holzskulpturen130704.jpg 640w\" sizes=\"auto, (max-width: 180px) 100vw, 180px\" \/><\/a>\u00a0\u00a0\u00a0\u00a0\u00a0\u00a0\u00a0\u00a0\u00a0 <a href=\"https:\/\/www.freiburg-schwarzwald.de\/blog\/ebnet-900-fest-6-7juli-2013\/ebnet2holzskulpturen130704\/\" rel=\"attachment wp-att-34145\"><img loading=\"lazy\" decoding=\"async\" class=\"alignnone size-thumbnail wp-image-34145\" title=\"ebnet2holzskulpturen130704\" src=\"https:\/\/www.freiburg-schwarzwald.de\/blog\/wp-content\/uploads\/2013\/07\/ebnet2holzskulpturen130704-180x135.jpg\" alt=\"\" width=\"180\" height=\"135\" srcset=\"https:\/\/www.freiburg-schwarzwald.de\/blog\/wp-content\/uploads\/2013\/07\/ebnet2holzskulpturen130704-180x135.jpg 180w, https:\/\/www.freiburg-schwarzwald.de\/blog\/wp-content\/uploads\/2013\/07\/ebnet2holzskulpturen130704.jpg 640w\" sizes=\"auto, (max-width: 180px) 100vw, 180px\" \/><\/a>\u00a0\u00a0\u00a0\u00a0\u00a0\u00a0\u00a0\u00a0\u00a0 <a href=\"https:\/\/www.freiburg-schwarzwald.de\/blog\/ebnet-900-fest-6-7juli-2013\/ebnet4holzskulpturen-loth130704\/\" rel=\"attachment wp-att-34146\"><img loading=\"lazy\" decoding=\"async\" class=\"alignnone size-thumbnail wp-image-34146\" title=\"ebnet4holzskulpturen-loth130704\" src=\"https:\/\/www.freiburg-schwarzwald.de\/blog\/wp-content\/uploads\/2013\/07\/ebnet4holzskulpturen-loth130704-135x180.jpg\" alt=\"\" width=\"135\" height=\"180\" srcset=\"https:\/\/www.freiburg-schwarzwald.de\/blog\/wp-content\/uploads\/2013\/07\/ebnet4holzskulpturen-loth130704-135x180.jpg 135w, https:\/\/www.freiburg-schwarzwald.de\/blog\/wp-content\/uploads\/2013\/07\/ebnet4holzskulpturen-loth130704.jpg 480w\" sizes=\"auto, (max-width: 135px) 100vw, 135px\" \/><\/a><br \/>\n(1) Christiane Weiel, Bernhard S\u00e4nger\u00a0\u00a0 (2) Christiane Weiel 4.7.2013\u00a0\u00a0\u00a0\u00a0\u00a0\u00a0\u00a0\u00a0\u00a0\u00a0\u00a0\u00a0\u00a0 (3) CW Lotz am 3.7.2013<\/p>\n<p><a href=\"https:\/\/www.freiburg-schwarzwald.de\/blog\/ebnet-900-fest-6-7juli-2013\/ebnet5holzskulpturen-loth130704\/\" rel=\"attachment wp-att-34147\"><img loading=\"lazy\" decoding=\"async\" class=\"alignnone size-thumbnail wp-image-34147\" title=\"ebnet5holzskulpturen-loth130704\" src=\"https:\/\/www.freiburg-schwarzwald.de\/blog\/wp-content\/uploads\/2013\/07\/ebnet5holzskulpturen-loth130704-180x135.jpg\" alt=\"\" width=\"180\" height=\"135\" srcset=\"https:\/\/www.freiburg-schwarzwald.de\/blog\/wp-content\/uploads\/2013\/07\/ebnet5holzskulpturen-loth130704-180x135.jpg 180w, https:\/\/www.freiburg-schwarzwald.de\/blog\/wp-content\/uploads\/2013\/07\/ebnet5holzskulpturen-loth130704.jpg 640w\" sizes=\"auto, (max-width: 180px) 100vw, 180px\" \/><\/a>\u00a0\u00a0\u00a0\u00a0\u00a0\u00a0\u00a0\u00a0\u00a0 <a href=\"https:\/\/www.freiburg-schwarzwald.de\/blog\/ebnet-900-fest-6-7juli-2013\/ebnet6holzskulpturen-loth130704\/\" rel=\"attachment wp-att-34148\"><img loading=\"lazy\" decoding=\"async\" class=\"alignnone size-thumbnail wp-image-34148\" title=\"ebnet6holzskulpturen-loth130704\" src=\"https:\/\/www.freiburg-schwarzwald.de\/blog\/wp-content\/uploads\/2013\/07\/ebnet6holzskulpturen-loth130704-180x135.jpg\" alt=\"\" width=\"180\" height=\"135\" srcset=\"https:\/\/www.freiburg-schwarzwald.de\/blog\/wp-content\/uploads\/2013\/07\/ebnet6holzskulpturen-loth130704-180x135.jpg 180w, https:\/\/www.freiburg-schwarzwald.de\/blog\/wp-content\/uploads\/2013\/07\/ebnet6holzskulpturen-loth130704.jpg 640w\" sizes=\"auto, (max-width: 180px) 100vw, 180px\" \/><\/a>\u00a0\u00a0\u00a0\u00a0\u00a0\u00a0\u00a0\u00a0\u00a0 <a href=\"https:\/\/www.freiburg-schwarzwald.de\/blog\/ebnet-900-fest-6-7juli-2013\/ebnet7holzskulpturen-reichert130704\/\" rel=\"attachment wp-att-34149\"><img loading=\"lazy\" decoding=\"async\" class=\"alignnone size-thumbnail wp-image-34149\" title=\"ebnet7holzskulpturen-reichert130704\" src=\"https:\/\/www.freiburg-schwarzwald.de\/blog\/wp-content\/uploads\/2013\/07\/ebnet7holzskulpturen-reichert130704-135x180.jpg\" alt=\"\" width=\"135\" height=\"180\" srcset=\"https:\/\/www.freiburg-schwarzwald.de\/blog\/wp-content\/uploads\/2013\/07\/ebnet7holzskulpturen-reichert130704-135x180.jpg 135w, https:\/\/www.freiburg-schwarzwald.de\/blog\/wp-content\/uploads\/2013\/07\/ebnet7holzskulpturen-reichert130704.jpg 480w\" sizes=\"auto, (max-width: 135px) 100vw, 135px\" \/><\/a><br \/>\n(4) Kran hebt Loth&#8217;s Werk\u00a0\u00a0\u00a0\u00a0\u00a0\u00a0\u00a0\u00a0\u00a0\u00a0\u00a0\u00a0\u00a0\u00a0\u00a0\u00a0\u00a0\u00a0\u00a0\u00a0\u00a0\u00a0\u00a0 (5) Johannes Bierling 4.7.2013\u00a0\u00a0\u00a0\u00a0\u00a0\u00a0\u00a0\u00a0\u00a0\u00a0\u00a0\u00a0\u00a0 (6) Jens Reichert 4.7.2013<\/p>\n<p><a href=\"https:\/\/www.freiburg-schwarzwald.de\/blog\/ebnet-900-fest-6-7juli-2013\/ebnet8bilder900jahre130704\/\" rel=\"attachment wp-att-34282\"><img loading=\"lazy\" decoding=\"async\" class=\"alignnone size-thumbnail wp-image-34282\" title=\"ebnet8bilder900jahre130704\" src=\"https:\/\/www.freiburg-schwarzwald.de\/blog\/wp-content\/uploads\/2013\/07\/ebnet8bilder900jahre130704-180x135.jpg\" alt=\"\" width=\"180\" height=\"135\" srcset=\"https:\/\/www.freiburg-schwarzwald.de\/blog\/wp-content\/uploads\/2013\/07\/ebnet8bilder900jahre130704-180x135.jpg 180w, https:\/\/www.freiburg-schwarzwald.de\/blog\/wp-content\/uploads\/2013\/07\/ebnet8bilder900jahre130704.jpg 640w\" sizes=\"auto, (max-width: 180px) 100vw, 180px\" \/><\/a>\u00a0\u00a0\u00a0\u00a0\u00a0\u00a0\u00a0\u00a0\u00a0 <a href=\"https:\/\/www.freiburg-schwarzwald.de\/blog\/ebnet-900-fest-6-7juli-2013\/ebnet8hochhaus130708\/\" rel=\"attachment wp-att-34335\"><img loading=\"lazy\" decoding=\"async\" class=\"alignnone size-thumbnail wp-image-34335\" title=\"ebnet8hochhaus130708\" src=\"https:\/\/www.freiburg-schwarzwald.de\/blog\/wp-content\/uploads\/2013\/07\/ebnet8hochhaus130708-135x180.jpg\" alt=\"\" width=\"135\" height=\"180\" srcset=\"https:\/\/www.freiburg-schwarzwald.de\/blog\/wp-content\/uploads\/2013\/07\/ebnet8hochhaus130708-135x180.jpg 135w, https:\/\/www.freiburg-schwarzwald.de\/blog\/wp-content\/uploads\/2013\/07\/ebnet8hochhaus130708.jpg 480w\" sizes=\"auto, (max-width: 135px) 100vw, 135px\" \/><\/a>\u00a0\u00a0\u00a0\u00a0\u00a0\u00a0\u00a0\u00a0\u00a0\u00a0\u00a0\u00a0\u00a0\u00a0\u00a0\u00a0\u00a0\u00a0\u00a0\u00a0\u00a0\u00a0\u00a0 <a href=\"https:\/\/www.freiburg-schwarzwald.de\/blog\/ebnet-900-fest-6-7juli-2013\/ebnet9hochhaus130708\/\" rel=\"attachment wp-att-34336\"><img loading=\"lazy\" decoding=\"async\" class=\"alignnone size-thumbnail wp-image-34336\" title=\"ebnet9hochhaus130708\" src=\"https:\/\/www.freiburg-schwarzwald.de\/blog\/wp-content\/uploads\/2013\/07\/ebnet9hochhaus130708-135x180.jpg\" alt=\"\" width=\"135\" height=\"180\" srcset=\"https:\/\/www.freiburg-schwarzwald.de\/blog\/wp-content\/uploads\/2013\/07\/ebnet9hochhaus130708-135x180.jpg 135w, https:\/\/www.freiburg-schwarzwald.de\/blog\/wp-content\/uploads\/2013\/07\/ebnet9hochhaus130708.jpg 480w\" sizes=\"auto, (max-width: 135px) 100vw, 135px\" \/><\/a><br \/>\n(7) Erich Wickersheim Fotoausstellung\u00a0\u00a0\u00a0 (8) Hochhaus 6.7.2013\u00a0\u00a0\u00a0\u00a0\u00a0\u00a0\u00a0\u00a0\u00a0\u00a0\u00a0\u00a0\u00a0\u00a0\u00a0\u00a0\u00a0\u00a0\u00a0\u00a0\u00a0 (9) Hochhaus am 6.7.2013\u00a0<\/p>\n<p><a href=\"https:\/\/www.freiburg-schwarzwald.de\/blog\/ebnet-900-fest-6-7juli-2013\/ebnet10hochhaus130708\/\" rel=\"attachment wp-att-34337\"><img loading=\"lazy\" decoding=\"async\" title=\"ebnet10hochhaus130708\" src=\"https:\/\/www.freiburg-schwarzwald.de\/blog\/wp-content\/uploads\/2013\/07\/ebnet10hochhaus130708-135x180.jpg\" alt=\"\" width=\"135\" height=\"180\" \/><\/a>\u00a0\u00a0\u00a0\u00a0\u00a0\u00a0\u00a0\u00a0\u00a0\u00a0\u00a0\u00a0\u00a0\u00a0\u00a0\u00a0\u00a0\u00a0\u00a0\u00a0\u00a0\u00a0\u00a0\u00a0\u00a0\u00a0 <a href=\"https:\/\/www.freiburg-schwarzwald.de\/blog\/ebnet-900-fest-6-7juli-2013\/ebnet11skulpturen130708\/\" rel=\"attachment wp-att-34338\"><img loading=\"lazy\" decoding=\"async\" class=\"alignnone size-thumbnail wp-image-34338\" title=\"ebnet11skulpturen130708\" src=\"https:\/\/www.freiburg-schwarzwald.de\/blog\/wp-content\/uploads\/2013\/07\/ebnet11skulpturen130708-135x180.jpg\" alt=\"\" width=\"135\" height=\"180\" srcset=\"https:\/\/www.freiburg-schwarzwald.de\/blog\/wp-content\/uploads\/2013\/07\/ebnet11skulpturen130708-135x180.jpg 135w, https:\/\/www.freiburg-schwarzwald.de\/blog\/wp-content\/uploads\/2013\/07\/ebnet11skulpturen130708.jpg 480w\" sizes=\"auto, (max-width: 135px) 100vw, 135px\" \/><\/a>\u00a0\u00a0\u00a0\u00a0\u00a0\u00a0\u00a0\u00a0\u00a0\u00a0\u00a0\u00a0\u00a0\u00a0\u00a0\u00a0\u00a0\u00a0\u00a0\u00a0\u00a0 <a href=\"https:\/\/www.freiburg-schwarzwald.de\/blog\/ebnet-900-fest-6-7juli-2013\/ebnet12dreisam130708\/\" rel=\"attachment wp-att-34339\"><img loading=\"lazy\" decoding=\"async\" class=\"alignnone size-thumbnail wp-image-34339\" title=\"ebnet12dreisam130708\" src=\"https:\/\/www.freiburg-schwarzwald.de\/blog\/wp-content\/uploads\/2013\/07\/ebnet12dreisam130708-180x135.jpg\" alt=\"\" width=\"180\" height=\"135\" srcset=\"https:\/\/www.freiburg-schwarzwald.de\/blog\/wp-content\/uploads\/2013\/07\/ebnet12dreisam130708-180x135.jpg 180w, https:\/\/www.freiburg-schwarzwald.de\/blog\/wp-content\/uploads\/2013\/07\/ebnet12dreisam130708.jpg 640w\" sizes=\"auto, (max-width: 180px) 100vw, 180px\" \/><\/a><br \/>\n(10) Dae auf dem Hochhaus\u00a0\u00a0\u00a0\u00a0\u00a0\u00a0\u00a0\u00a0\u00a0\u00a0\u00a0\u00a0\u00a0\u00a0\u00a0\u00a0\u00a0\u00a0\u00a0\u00a0(11) Vier Skulpturen 6.7.2013\u00a0\u00a0\u00a0\u00a0\u00a0\u00a0\u00a0\u00a0\u00a0\u00a0\u00a0\u00a0\u00a0 (12) Ebneter Schlosssteg an Dreisam<\/p>\n<p>(1),(2),(8),(9),(10) Christiane Weiel aus Schallstadt-Mengen fertigt ein Hochhaus mit 24 Etagen aus Kirschbaumholz. Auf der Kirschbaum-Stele &#8222;Rosa und der Traum vom Fliegen&#8220; steht ganz oben eine Frau mit vielen Unterr\u00f6cken und zwei Engelsfl\u00fcgeln.<br \/>\n(3)-(4) CW Loth aus Ebnet mit einer Skulptur\u00a0aus Eichenholz vom Ebneter Wald, in der ein &#8222;E&#8220; f\u00fcr Ebnet und eine &#8222;9&#8220; f\u00fcr die Jubil\u00e4umszahl versteckt sind.<br \/>\n(5) Johannes Bierling aus Freiburg verwendet Douglasienholz zur \u00fcber 3 m hohen Drei-Kettenglieder-Skulptur &#8222;Wurzeln und Fl\u00fcgel&#8220;<br \/>\n(6) Jens Reichert aus Ebnet: Turm II aus Fichtenholz, am 4.7. nachmittags sind 2100 Schrauben verschraubt, also 1050 H\u00f6lzchen aus Fichte eingearbeitet. Der Turm verj\u00fcngt sich nach oben und ist sehr stabil.<\/p>\n<p>&nbsp;<\/p>\n<p><strong>Historie in Holz<\/strong><br \/>\n&#8222;Das Jubil\u00e4umswochenende nur auf Geselligkeit und gemeinsames Essen und Trinken beschr\u00e4nken ist zu wenig&#8220;, sagt Ortsvorsteher Bernhard S\u00e4nger und schw\u00e4rmt vom Holzbildhauer-Symposium, bei dem seit Montag auf dem Vorplatz der Dreisamhalle vier K\u00fcnstler unter den Augen der \u00d6ffentlichkeit ihr K\u00f6nnen unter Beweis stellen. Dem in Ebnet wohnenden Holzbildhauer &#8222;CW&#8220; Loth ist es zu verdanken, dass die 900-Jahr-Feier eine besondere Note verliehen bekommt. &#8222;Zuschauen und Betreten auf eigene Gefahr&#8220; steht auf einem Schild, das gut sichtbar im Eingangsbereich der Mehrzweckhalle angebracht ist. Dahinter kann man vier K\u00fcnstler beobachten, die mit S\u00e4ge und Stechbeitel als Rohlinge angelieferte Baumst\u00e4mme so bearbeiten, dass sie zu Kunstwerken werden. Die Zeit daf\u00fcr ist knapp. Bis zur offiziellen Vorstellung der Exponate am Samstag um 11 Uhr durch Kunsthistorikerin Antje Lechleiter bleibt wenig Zeit, die im Dreisamtal geschlagenen B\u00e4ume in sehenswerte Objekte zu verwandeln. Neben Loth haben Christiane Weiel aus Schallstadt-Mengen sowie Jens Reichert und Johannes Bierling (beide Freiburg) sich der Aufgabe gestellt, Kunstwerke zu schaffen, die gedankliche Assoziationen zum Geburtstag von Ebnet erm\u00f6glichen. Ausgangspunkt der Jubil\u00e4ums-Rechnung ist eine Schenkungsurkunde des Klosters St. Peter (&#8222;Rotulus Sanpetrinus&#8220;), in der mit Bezug auf das Jahr 1113 nach Angabe von Historikern zum ersten Mal auch Ebnet erw\u00e4hnt wird. Die Skulpturen werden ein Jahr lang an Pl\u00e4tzen und Orten innerhalb der Gemarkung von Ebnet zu sehen sein. &#8230;..<br \/>\nAlles vom 4.7.2013 bitte lesen auf<br \/>\n<a href=\"https:\/\/www.badische-zeitung.de\/freiburg\/ein-dorf-feiert-sich-selbst--73309453.html\">https:\/\/www.badische-zeitung.de\/freiburg\/ein-dorf-feiert-sich-selbst&#8211;73309453.html<\/a><\/p>\n<p>&nbsp;<\/p>\n<p><strong>Das Interesse am Fest war enorm<\/strong><br \/>\nEin Schwatz unter B\u00e4umen, Skulpturen aus Holz, n\u00e4chtliche Partystimmung und ein weithin sichtbares Feuerwerk \u2013 all das geh\u00f6rte zum Jubil\u00e4umsfest &#8222;900 Jahre Ebnet&#8220; am Wochenende. Dar\u00fcber hinaus ist es den Veranstaltern gelungen, durch die Pr\u00e4sentation historischer Handwerksberufe zumindest einen Hauch von Mittelalter \u00fcber das Veranstaltungsgel\u00e4nde am Sportgel\u00e4nde wehen zu lassen. Gewandet in mittelalterliche Kleidung stellte Patrick Simm aus dem schw\u00e4bischen Renningen an seinem Stand beim Schulhaus vor, wie aus einem Zinnrohling mit Hilfe eines schweren Fallbeils eine wertvolle M\u00fcnze entstehen kann. &#8222;So wurde im 16. Jahrhundert Geld gepr\u00e4gt&#8220;, erkl\u00e4rte er seinem verbl\u00fcfft dreinschauenden Publikum. Und wer wollte, der konnte sich eine Jubil\u00e4umspr\u00e4gung mit dem Logo der 900-Jahr-Feier gleich mit nach Hause nehmen. Am gefragtesten war die Ausfertigung in &#8222;Kaiserzinn&#8220; f\u00fcr 4 Euro. Den passenden Lederbeutel dazu konnte man f\u00fcr 2,50 Euro erstehen.<br \/>\nAuf die Idee, einen M\u00fcnzpr\u00e4ger anl\u00e4sslich des Jubil\u00e4ums bei seiner T\u00e4tigkeit \u00fcber die Schulter blicken zu lassen, kam Gerold Wonlarlarski von der Ortsverwaltung Ebnet. Der Hobby-Numismatiker aus dem Rathaus machte es zu seiner Aufgabe, die Gestaltung des Jubil\u00e4umstalers pers\u00f6nlich zu \u00fcbernehmen. Immer wieder konnte Bernd Bauer aus Kirchzarten mit Drechsel-Werkbank und transportablem Amboss die Blicke des Publikums auf sich ziehen. Unter einem schattigen Baum vor der Schule pr\u00e4sentierte er, wie Metall zu Kunstwerken verarbeitet wird. &#8222;Zuerst wird das fu\u00dfbetriebene Gebl\u00e4se angeworfen, dann die spezielle Schmiedekohle angeheizt bis schlie\u00dflich das gl\u00fchende Eisen auf dem Amboss in die gew\u00fcnschte Form geklopft wird&#8220;, erkl\u00e4rte der Freizeit-Schmied, der im &#8222;richtigen Leben&#8220; im \u00f6ffentlichen Dienst besch\u00e4ftigt ist. Seine zweite Leidenschaft ist die Bearbeitung von Holz. Die Zuschauer konnten beobachten, wie er mit geschickter Hand aus einem unscheinbaren Holzteil ein kunstvoll verziertes Stuhlbein drechselte. Aus Winterroggen hingegen werden die Strohschuhe hergestellt, die Martha und Rudi Leitl aus Wolfach am benachbarten Stand zum Verkauf anboten. &#8222;Wenn wir so einen Schuh f\u00fcr 60 Euro verkaufen, dann stecken 20 Stunden konzentrierter Arbeit drin&#8220;, erz\u00e4hlte die Hobby-Handwerkerin. Fasnet-Z\u00fcnfte tragen das robuste Schuhwerk bei ihren Umz\u00fcgen.<br \/>\nEinen Spaziergang durch die Gassen und das Schloss von Ebnet bot Sabine Ullrich, Kunsthistorikerin aus Stegen, an. Und bei einer Radtour, die ein privater Anbieter organisierte, erfuhren die Pedaltreter, dass ein winziger Teil des SC-Stadions genauso auf der Gemarkung Ebnet liegt wie ein Zipfel des benachbarten Strandbads.<br \/>\nIm Beisein von Baub\u00fcrgermeister Martin Haag und Kommunalpolitikern f\u00fchrte zudem die Freiburger Kunsthistorikerin Antje Lechleiter in die Werke des Ebneter Holzbildhauer-Symposiums ein, die in der Woche vor dem Fest vor der Dreisamhalle entstanden waren. Das Werk von &#8222;CW&#8220; Loth aus Ebnet bezeichnete sie als &#8222;versteckte Gl\u00fcckwunschbotschaft&#8220; an die Gemeinde, weil in der Holzskulptur sowohl das &#8222;E&#8220; von Ebnet als auch die &#8222;Neun&#8220; der Jubil\u00e4umszahl stecke. Der ebenfalls in Ebnet wohnende Jens Reichert \u00fcberraschte mit einem sich nach oben hin verj\u00fcngenden Turm aus Holz, der mit \u00fcber 2000 Schrauben fixiert ist. Der gut drei Meter hohe, rot angemalte und kunstvoll zu drei Kettengliedern bearbeite Stamm einer Douglasie des Freiburgers Johannes Bierling tr\u00e4gt die Bezeichnung &#8222;Wurzeln und Fl\u00fcgel&#8220;. Und Christiane Weiel aus Schallstadt-Mengen nennt ihre mehr als zwei Meter hohe Kirschbaum-Stele &#8222;Rosa und der Traum vom Fliegen&#8220;. Die einzelnen Objekte k\u00f6nnen Interessierte in den kommenden Monaten noch ganz genau in Augenschein nehmen. Sie sollen in dieser Zeit n\u00e4mlich an markanten Stellen auf Ebneter Gemarkung pr\u00e4sentiert werden. &#8222;Das Interesse am Fest war enorm. Die Beteiligten waren mit dem Ablauf und den Ums\u00e4tzen hoch zufrieden&#8220;, so das Fazit von Wonlarlarski am Montag.<br \/>\n9.7.2013, Andreas Peikert<!-- RSPEAK_STOP --><\/p>\n","protected":false},"excerpt":{"rendered":"<p>Festwochenende zu &#8222;900 Jahre Ebnet&#8222;. Samstag\u00a06.7.2013 um 11 Uhr an der Dreisamhalle\u00a0in Ebnet Er\u00f6ffnung mit Vorstellung der\u00a0Holzbildhauer-Skulpturen, Fassanstich mit B\u00fcrgermeister Martin Haag, Jubil\u00e4ums-B\u00f6llerschie\u00dfen. Beginn des Dorfhocks mit\u00a0 Musikkapellen, Alte Handwerke, Schaupr\u00e4gen der Ebneter Jubil\u00e4umsmedaille in mittelalterlicher M\u00fcnztechnik, Kutschfahrten, historische F\u00fchrungen &hellip; <a href=\"https:\/\/www.freiburg-schwarzwald.de\/blog\/ebnet-900-fest-6-7juli-2013\/\">Weiterlesen <span class=\"meta-nav\">&rarr;<\/span><\/a><\/p>\n","protected":false},"author":4,"featured_media":0,"comment_status":"open","ping_status":"closed","sticky":false,"template":"","format":"standard","meta":{"footnotes":""},"categories":[49,235,249],"tags":[329,484],"class_list":["post-34090","post","type-post","status-publish","format-standard","hentry","category-freiburg","category-geschichte","category-hock","tag-jubilaeum","tag-kommune"],"_links":{"self":[{"href":"https:\/\/www.freiburg-schwarzwald.de\/blog\/wp-json\/wp\/v2\/posts\/34090","targetHints":{"allow":["GET"]}}],"collection":[{"href":"https:\/\/www.freiburg-schwarzwald.de\/blog\/wp-json\/wp\/v2\/posts"}],"about":[{"href":"https:\/\/www.freiburg-schwarzwald.de\/blog\/wp-json\/wp\/v2\/types\/post"}],"author":[{"embeddable":true,"href":"https:\/\/www.freiburg-schwarzwald.de\/blog\/wp-json\/wp\/v2\/users\/4"}],"replies":[{"embeddable":true,"href":"https:\/\/www.freiburg-schwarzwald.de\/blog\/wp-json\/wp\/v2\/comments?post=34090"}],"version-history":[{"count":0,"href":"https:\/\/www.freiburg-schwarzwald.de\/blog\/wp-json\/wp\/v2\/posts\/34090\/revisions"}],"wp:attachment":[{"href":"https:\/\/www.freiburg-schwarzwald.de\/blog\/wp-json\/wp\/v2\/media?parent=34090"}],"wp:term":[{"taxonomy":"category","embeddable":true,"href":"https:\/\/www.freiburg-schwarzwald.de\/blog\/wp-json\/wp\/v2\/categories?post=34090"},{"taxonomy":"post_tag","embeddable":true,"href":"https:\/\/www.freiburg-schwarzwald.de\/blog\/wp-json\/wp\/v2\/tags?post=34090"}],"curies":[{"name":"wp","href":"https:\/\/api.w.org\/{rel}","templated":true}]}}