{"id":33691,"date":"2013-06-27T10:51:45","date_gmt":"2013-06-27T08:51:45","guid":{"rendered":"https:\/\/www.freiburg-schwarzwald.de\/blog\/?p=33691"},"modified":"2013-06-27T10:52:09","modified_gmt":"2013-06-27T08:52:09","slug":"binationaler-velo-tag-neuenburg","status":"publish","type":"post","link":"https:\/\/www.freiburg-schwarzwald.de\/blog\/binationaler-velo-tag-neuenburg\/","title":{"rendered":"Binationaler Velo-Tag Neuenburg"},"content":{"rendered":"<p>Am Sonntag, 30. Juni 2013, l\u00e4dt <a title=\"Markgraeflerland\" href=\"https:\/\/www.freiburg-schwarzwald.de\/blog\/regio\/markgraeflerland\/\">Neuenburg<\/a>\u00a0erstmals zu einem binationalen Velo-Tag ein, an dem Radler das grenz\u00fcberschreitende <a title=\"Fahrrad\" href=\"https:\/\/www.freiburg-schwarzwald.de\/blog\/business\/handel\/fahrrad\/\">Radwegenetz<\/a> beiderseits des <a title=\"Trirhena\" href=\"https:\/\/www.freiburg-schwarzwald.de\/blog\/regio\/trirhena\/\">Rheins<\/a> erkunden und verschiedene Veranstaltungen besuchen k\u00f6nnen. Ein Busshuttle mit Fahrradtransport fungiert an diesem Tag als Zubringer. Auf deutscher Seite unterst\u00fctzen Hartheim, M\u00fcllheim, Neuenburg und Bad Bellingen das Projekt, <!--more-->auf <a title=\"Elsass\" href=\"https:\/\/www.freiburg-schwarzwald.de\/blog\/regio\/elsass\/\">franz\u00f6sischer Seite <\/a>die Communaut\u00e9 de Communes Porte de France Rhin Sud, die Gemeinde Ottmarsheim und die Office de tourisme du Pays de Saint-Louis, R\u00e9gion des 3 Pays.<br \/>\n27.6.2013,\u00a0Tagesprogramm und\u00a0Busfahrtzeiten: <a title=\"\" href=\"https:\/\/www.2ufer3bruecken.eu\/\" target=\"_blank\">https:\/\/www.2ufer3bruecken.eu<\/a><\/p>\n","protected":false},"excerpt":{"rendered":"<p>Am Sonntag, 30. Juni 2013, l\u00e4dt Neuenburg\u00a0erstmals zu einem binationalen Velo-Tag ein, an dem Radler das grenz\u00fcberschreitende Radwegenetz beiderseits des Rheins erkunden und verschiedene Veranstaltungen besuchen k\u00f6nnen. Ein Busshuttle mit Fahrradtransport fungiert an diesem Tag als Zubringer. Auf deutscher Seite &hellip; <a href=\"https:\/\/www.freiburg-schwarzwald.de\/blog\/binationaler-velo-tag-neuenburg\/\">Weiterlesen <span class=\"meta-nav\">&rarr;<\/span><\/a><\/p>\n","protected":false},"author":4,"featured_media":0,"comment_status":"open","ping_status":"closed","sticky":false,"template":"","format":"standard","meta":{"footnotes":""},"categories":[75,191],"tags":[113,116],"class_list":["post-33691","post","type-post","status-publish","format-standard","hentry","category-biken","category-elsass","tag-fahrrad","tag-radwege"],"_links":{"self":[{"href":"https:\/\/www.freiburg-schwarzwald.de\/blog\/wp-json\/wp\/v2\/posts\/33691","targetHints":{"allow":["GET"]}}],"collection":[{"href":"https:\/\/www.freiburg-schwarzwald.de\/blog\/wp-json\/wp\/v2\/posts"}],"about":[{"href":"https:\/\/www.freiburg-schwarzwald.de\/blog\/wp-json\/wp\/v2\/types\/post"}],"author":[{"embeddable":true,"href":"https:\/\/www.freiburg-schwarzwald.de\/blog\/wp-json\/wp\/v2\/users\/4"}],"replies":[{"embeddable":true,"href":"https:\/\/www.freiburg-schwarzwald.de\/blog\/wp-json\/wp\/v2\/comments?post=33691"}],"version-history":[{"count":0,"href":"https:\/\/www.freiburg-schwarzwald.de\/blog\/wp-json\/wp\/v2\/posts\/33691\/revisions"}],"wp:attachment":[{"href":"https:\/\/www.freiburg-schwarzwald.de\/blog\/wp-json\/wp\/v2\/media?parent=33691"}],"wp:term":[{"taxonomy":"category","embeddable":true,"href":"https:\/\/www.freiburg-schwarzwald.de\/blog\/wp-json\/wp\/v2\/categories?post=33691"},{"taxonomy":"post_tag","embeddable":true,"href":"https:\/\/www.freiburg-schwarzwald.de\/blog\/wp-json\/wp\/v2\/tags?post=33691"}],"curies":[{"name":"wp","href":"https:\/\/api.w.org\/{rel}","templated":true}]}}