{"id":33662,"date":"2013-06-26T21:26:34","date_gmt":"2013-06-26T19:26:34","guid":{"rendered":"https:\/\/www.freiburg-schwarzwald.de\/blog\/?p=33662"},"modified":"2013-06-26T21:30:11","modified_gmt":"2013-06-26T19:30:11","slug":"mtb-training-kirchzarten-konzept","status":"publish","type":"post","link":"https:\/\/www.freiburg-schwarzwald.de\/blog\/mtb-training-kirchzarten-konzept\/","title":{"rendered":"MTB-Training Kirchzarten Konzept"},"content":{"rendered":"<p>Kirchzarten will <a title=\"MTB-Kirchzarten\" href=\"https:\/\/www.freiburg-schwarzwald.de\/blog\/sport\/sportlern\/biken\/mtb-kirchzarten\/\">B\u00fcrgerentscheid zum Mountainbiketraining<\/a> umsetzen.\u00a0<a title=\"Giersberg\" href=\"https:\/\/www.freiburg-schwarzwald.de\/blog\/regio\/berge\/giersberg\/\">Giersberg<\/a> und Birkenreute total <a title=\"Biken\" href=\"https:\/\/www.freiburg-schwarzwald.de\/blog\/sport\/sportlern\/biken\/\">MTB<\/a>-frei \u2013 Trainingsstrecken im Hexenw\u00e4ldle und am Hochberg geplant.\u00a0\u00a0\u201eWir haben den B\u00fcrgerentscheid zu akzeptieren, der keinerlei Mountainbike-Trainingsstrecken am Giersberg mehr zul\u00e4sst\u201c, erkl\u00e4rte <a title=\"Kirchzarten\" href=\"https:\/\/www.freiburg-schwarzwald.de\/blog\/regio\/orte\/kirchzarten\/\">Kirchzartens<\/a> B\u00fcrgermeister Andreas Hall gestern in der Talvogtei vor der Presse. <!--more-->Das am \u201eRunden Tisch\u201c erarbeitete Gesamtkonzept zur Naherholung und zum Mountainbike sei durch den B\u00fcrgerentscheid abgelehnt worden. Dabei war auch Hall klar, dass die dem B\u00fcrgerentscheid zugrunde liegende Frage in ihrer Formulierung nichts mehr mit den durch den \u201eRunden Tisch\u201c neu geschaffenen Fakten zu tun hatte. Die B\u00fcrger Kirchzartens stimmten am 3. M\u00e4rz 2013 \u00fcber eine Frage ab, die inhaltlich total neben der aktuellen Realit\u00e4t lag. Sie stammte aus dem nahezu ein Jahr zuvor durchgef\u00fchrten B\u00fcrgerbegehren der IG Giersberg und ber\u00fccksichtigte den Kompromiss des \u201eRunden Tisches\u201c in keinster Weise.\u00a0<br \/>\nKlar sei ihm und dem Gemeinderat, dass sich nach dem B\u00fcrgerentscheid nun etwas im Bereich Giersberg und Birkenreute tun m\u00fcsse. Die Mountainbike-Sportler erwarteten zu Recht Trainingsm\u00f6glichkeiten \u2013 und die B\u00fcrger Verbesserungen der Naherholungssituation im besagten Gebiet. Und der R\u00fcckbau der vorhandenen Parcourselemente w\u00fcrde keinen nennenswerten R\u00fcckgang einer Mountainbike-Nutzung \u2013 auch nicht durch erg\u00e4nzende Verbote \u2013 am Giersberg bringen, ist sich Hall sicher. Er habe in den letzten Wochen nach zahlreichen Gespr\u00e4chen mit Betroffenen wie dem Forstamt Freiburg und den Grundst\u00fcckseigent\u00fcmern sowie der Beratung durch Professor Ralf Roth von der Sporthochschule K\u00f6ln ein Konzept f\u00fcr neue Trainingsm\u00f6glichkeiten au\u00dferhalb von Giersberg und Birkenreute entwickelt. Dieses habe er auch vor ein paar Tagen dem Gemeinderat vorgestellt, der dann am 23. Juli in \u00f6ffentlicher Sitzung dar\u00fcber entscheiden solle. Mit den MTB-Experten vom SV Kirchzarten habe es bisher keine Gespr\u00e4che gegeben.<br \/>\nDas Konzept schlie\u00dft bis auf Teile des bestehenden Dreisamradweges und des Bergwerkweges zur Anfahrt jegliche Nutzung bestehender Wege aus. Es sieht die Errichtung eines Technik-Parcours mit den dazu geh\u00f6rigen Elementen im Bereich des Hexenw\u00e4ldles und eine kleine Rundstrecke im Bereich des Hochberg oberhalb der Birkenreute-Wiese vor. \u201eDiese Strecke bekommt keine Verbindung zum Pilgerpfad und zur Birkenreutewiese\u201c, stellt Andreas Hall klar, \u201eund wird auch keine Sichtverbindung dorthin haben.\u201c Auf Nachfrage stellte Hall klar, dass es bei dem Konzept nur um Trainingsstrecken, die sowohl vom SV Kirchzarten, aber auch anderen Mountainbikern genutzt werden k\u00f6nnten, gehe: \u201eWettkampf ist hier kein Thema.\u201c Wichtig sei ihm, dass es sich um Trainingsstrecken handele, die auf Dauer Bestand h\u00e4tten. Mit seinem Konzept w\u00fcrde die Mountainbike-Nutzung am Giersberg massiv zur\u00fcck gefahren und dessen Naherholungsqualit\u00e4t deutlich aufgewertet. \u201eWir k\u00f6nnen dort sogar mit Bike-Verboten auf zwei Meter breiten Wegen arbeiten\u201c, k\u00fcndigt Hall an, denn \u201ees seien dann ja ausreichende und ortsnahe Trainingsm\u00f6glichkeiten gegeben\u201c.<\/p>\n<p>\u00a0<a href=\"https:\/\/www.freiburg-schwarzwald.de\/blog\/mtb-training-kirchzarten-konzept\/mtb-training-kirchzarten130626\/\" rel=\"attachment wp-att-33668\"><img loading=\"lazy\" decoding=\"async\" class=\"alignnone size-thumbnail wp-image-33668\" title=\"mtb-training-kirchzarten130626\" src=\"https:\/\/www.freiburg-schwarzwald.de\/blog\/wp-content\/uploads\/2013\/06\/mtb-training-kirchzarten130626-180x148.jpg\" alt=\"\" width=\"180\" height=\"148\" srcset=\"https:\/\/www.freiburg-schwarzwald.de\/blog\/wp-content\/uploads\/2013\/06\/mtb-training-kirchzarten130626-180x148.jpg 180w, https:\/\/www.freiburg-schwarzwald.de\/blog\/wp-content\/uploads\/2013\/06\/mtb-training-kirchzarten130626.jpg 640w\" sizes=\"auto, (max-width: 180px) 100vw, 180px\" \/><\/a><\/p>\n<p>So sieht das \u201eneue Konzept\u201c von B\u00fcrgermeister Andreas Hall zur Schaffung neuer Mountainbike-Trainingsstrecken im Hexenw\u00e4ldele und am Hochberg aus: Gelb umrandet ist der Bereich f\u00fcr den Technikparcours, blau markiert die Rundstrecke am Hochberg und gr\u00fcn sind die Ableitungstrecken f\u00fcr Mountainbiker, die vom Hinterwaldkopf gen Tal fahren.\u00a0Grafik: Gemeinde Kirchzarten<\/p>\n<p>Die Kosten f\u00fcr das \u201eneue Konzept\u201c w\u00fcrden h\u00f6chstens bei 100.000 Euro f\u00fcr den Wegebau liegen. Es entst\u00fcnden keinerlei Kosten f\u00fcr Grunderwerb. Die Gemeinde m\u00f6chte allerdings das gesamte betroffene Gel\u00e4nde von der Stadt Freiburg pachten, um die Oberhand bei der Nutzungskontrolle zu behalten. Wenn alle Verhandlungen und Entscheidungen nach Plan liefen hoffe er, dass bis zum Herbst die neuen Strecken am Hexenw\u00e4ldele und Hochberg fertig seien. Im September liefe auch die Duldung von Mountainbike am Giersberg durch die Stadt Freiburg aus. Noch nicht entschieden sei allerdings, wo der geplante Kinder-MTB-\u00dcbungsparcours entstehe. Die Planungen in Sch\u00fclerhausn\u00e4he h\u00e4tten sich zerschlagen. B\u00fcrgermeister Andreas Hall hofft nun, dass sein \u201eneues Konzept\u201c f\u00fcr das Mountainbike-Training im Hexenw\u00e4ldele und am Hochberg die Zustimmung der breiten Bev\u00f6lkerung findet.<br \/>\n26.6.2013, Gerhard L\u00fcck, <a href=\"https:\/\/www.dreisamtaeler.de\">www.dreisamtaeler.de<\/a><\/p>\n","protected":false},"excerpt":{"rendered":"<p>Kirchzarten will B\u00fcrgerentscheid zum Mountainbiketraining umsetzen.\u00a0Giersberg und Birkenreute total MTB-frei \u2013 Trainingsstrecken im Hexenw\u00e4ldle und am Hochberg geplant.\u00a0\u00a0\u201eWir haben den B\u00fcrgerentscheid zu akzeptieren, der keinerlei Mountainbike-Trainingsstrecken am Giersberg mehr zul\u00e4sst\u201c, erkl\u00e4rte Kirchzartens B\u00fcrgermeister Andreas Hall gestern in der Talvogtei vor &hellip; <a href=\"https:\/\/www.freiburg-schwarzwald.de\/blog\/mtb-training-kirchzarten-konzept\/\">Weiterlesen <span class=\"meta-nav\">&rarr;<\/span><\/a><\/p>\n","protected":false},"author":4,"featured_media":0,"comment_status":"open","ping_status":"closed","sticky":false,"template":"","format":"standard","meta":{"footnotes":""},"categories":[75,50,8,124],"tags":[76,70,69],"class_list":["post-33662","post","type-post","status-publish","format-standard","hentry","category-biken","category-dreisamtal","category-sport","category-sportvereine-vereine","tag-bike-arena","tag-jugendsport","tag-mtb"],"_links":{"self":[{"href":"https:\/\/www.freiburg-schwarzwald.de\/blog\/wp-json\/wp\/v2\/posts\/33662","targetHints":{"allow":["GET"]}}],"collection":[{"href":"https:\/\/www.freiburg-schwarzwald.de\/blog\/wp-json\/wp\/v2\/posts"}],"about":[{"href":"https:\/\/www.freiburg-schwarzwald.de\/blog\/wp-json\/wp\/v2\/types\/post"}],"author":[{"embeddable":true,"href":"https:\/\/www.freiburg-schwarzwald.de\/blog\/wp-json\/wp\/v2\/users\/4"}],"replies":[{"embeddable":true,"href":"https:\/\/www.freiburg-schwarzwald.de\/blog\/wp-json\/wp\/v2\/comments?post=33662"}],"version-history":[{"count":0,"href":"https:\/\/www.freiburg-schwarzwald.de\/blog\/wp-json\/wp\/v2\/posts\/33662\/revisions"}],"wp:attachment":[{"href":"https:\/\/www.freiburg-schwarzwald.de\/blog\/wp-json\/wp\/v2\/media?parent=33662"}],"wp:term":[{"taxonomy":"category","embeddable":true,"href":"https:\/\/www.freiburg-schwarzwald.de\/blog\/wp-json\/wp\/v2\/categories?post=33662"},{"taxonomy":"post_tag","embeddable":true,"href":"https:\/\/www.freiburg-schwarzwald.de\/blog\/wp-json\/wp\/v2\/tags?post=33662"}],"curies":[{"name":"wp","href":"https:\/\/api.w.org\/{rel}","templated":true}]}}