{"id":33299,"date":"2013-06-23T21:33:53","date_gmt":"2013-06-23T19:33:53","guid":{"rendered":"https:\/\/www.freiburg-schwarzwald.de\/blog\/?p=33299"},"modified":"2013-06-23T22:31:51","modified_gmt":"2013-06-23T20:31:51","slug":"kaffeetrinken-beim-recyclinghof","status":"publish","type":"post","link":"https:\/\/www.freiburg-schwarzwald.de\/blog\/kaffeetrinken-beim-recyclinghof\/","title":{"rendered":"Kaffeetrinken beim Recyclinghof"},"content":{"rendered":"<p>Am Samstag 22.6. konnten die Besucher des <a title=\"Littenweiler\" href=\"https:\/\/www.freiburg-schwarzwald.de\/blog\/regio\/freiburg\/littenweiler\/\">Littenweilermer<\/a> Recyclinghofs nach dem <a title=\"Abfall\" href=\"https:\/\/www.freiburg-schwarzwald.de\/blog\/natur\/umwelt\/abfall\/\">Abladen des Abfalls<\/a> einen <a title=\"Kaffee\" href=\"https:\/\/www.freiburg-schwarzwald.de\/blog\/natur\/ernaehrung\/kaffee\/\">Kaffee<\/a> trinken &#8211;\u00a0bio beim\u00a0ElephantBike, einem dreir\u00e4drigen Fahrrad der Kaffeer\u00f6sterei ElephantBeans. Und kostenlos, mit der Finanzierung wollte die ASF die zweimalige Schlie\u00dfung des <a title=\"Recycling\" href=\"https:\/\/www.freiburg-schwarzwald.de\/blog\/natur\/umwelt\/recycling\/\">Recyclinghofs<\/a> wiedergutmachen.<!--more--><\/p>\n<p>Die Idee war gut: Zweimal standen Littenweiler B\u00fcrger vor verschlossenen Toren &#8211; &#8222;Recyclinghof wegen Sanierung geschlossen&#8220; war da zu lesen. Da beschloss die ASF (Abfallwirtschaft und Stadtreinigung Freiburg GmbH), zur Wiederer\u00f6ffnung des Recyclinghofs als beliebter B\u00fcrgertreff am 23.6.2013\u00a0exzellenten Bio-Kaffee aus fairem Handel zu spendieren. Hadwig und Christian Storch kamen mit ihrem ElephantBike, einem dreir\u00e4drigen Fahrrad, auf dem eine noble Kaffeebar montiert ist. Der Kaffee wird von der <a title=\"Cafe-mobil\" href=\"https:\/\/www.freiburg-schwarzwald.de\/blog\/tourismus\/gastro\/cafe\/cafe-mobil\/\">Firma ElephantBeans<\/a>\u00a0von J\u00f6rg Volkmann aus eigenem Direktimport bezogen und in Freiburg in der Basler Strasse frisch ger\u00f6stet. Man genie\u00dft Kaffee &#8211; nicht teuer durch unsicher-incognito Zertifizierung ist, sondern im wahren Sinne des Wortes &#8222;preiswert&#8220; durch Vernetzung mit sicher-bekannten Kaffeeanbauern in Brasilien und \u00c4thiopien.<\/p>\n<p><a href=\"https:\/\/www.freiburg-schwarzwald.de\/blog\/kaffeetrinken-beim-recyclinghof\/recyclinghof1-130622\/\" rel=\"attachment wp-att-33308\"><img loading=\"lazy\" decoding=\"async\" class=\"alignnone size-thumbnail wp-image-33308\" title=\"recyclinghof1-130622\" src=\"https:\/\/www.freiburg-schwarzwald.de\/blog\/wp-content\/uploads\/2013\/06\/recyclinghof1-130622-180x135.jpg\" alt=\"\" width=\"180\" height=\"135\" srcset=\"https:\/\/www.freiburg-schwarzwald.de\/blog\/wp-content\/uploads\/2013\/06\/recyclinghof1-130622-180x135.jpg 180w, https:\/\/www.freiburg-schwarzwald.de\/blog\/wp-content\/uploads\/2013\/06\/recyclinghof1-130622.jpg 640w\" sizes=\"auto, (max-width: 180px) 100vw, 180px\" \/><\/a>\u00a0\u00a0\u00a0\u00a0\u00a0\u00a0\u00a0\u00a0\u00a0\u00a0\u00a0\u00a0 <a href=\"https:\/\/www.freiburg-schwarzwald.de\/blog\/kaffeetrinken-beim-recyclinghof\/recyclinghof3eleplantbeans-kaffee130622\/\" rel=\"attachment wp-att-33311\"><img loading=\"lazy\" decoding=\"async\" class=\"alignnone size-thumbnail wp-image-33311\" title=\"recyclinghof3eleplantbeans-kaffee130622\" src=\"https:\/\/www.freiburg-schwarzwald.de\/blog\/wp-content\/uploads\/2013\/06\/recyclinghof3eleplantbeans-kaffee130622-180x142.jpg\" alt=\"\" width=\"180\" height=\"142\" srcset=\"https:\/\/www.freiburg-schwarzwald.de\/blog\/wp-content\/uploads\/2013\/06\/recyclinghof3eleplantbeans-kaffee130622-180x142.jpg 180w, https:\/\/www.freiburg-schwarzwald.de\/blog\/wp-content\/uploads\/2013\/06\/recyclinghof3eleplantbeans-kaffee130622.jpg 639w\" sizes=\"auto, (max-width: 180px) 100vw, 180px\" \/><\/a>\u00b4\u00a0\u00a0\u00a0\u00a0\u00a0\u00a0\u00a0\u00a0\u00a0 <a href=\"https:\/\/www.freiburg-schwarzwald.de\/blog\/kaffeetrinken-beim-recyclinghof\/recyclinghof4eleplantbeans-kaffee130622\/\" rel=\"attachment wp-att-33312\"><img loading=\"lazy\" decoding=\"async\" class=\"alignnone size-thumbnail wp-image-33312\" title=\"recyclinghof4eleplantbeans-kaffee130622\" src=\"https:\/\/www.freiburg-schwarzwald.de\/blog\/wp-content\/uploads\/2013\/06\/recyclinghof4eleplantbeans-kaffee130622-180x135.jpg\" alt=\"\" width=\"180\" height=\"135\" srcset=\"https:\/\/www.freiburg-schwarzwald.de\/blog\/wp-content\/uploads\/2013\/06\/recyclinghof4eleplantbeans-kaffee130622-180x135.jpg 180w, https:\/\/www.freiburg-schwarzwald.de\/blog\/wp-content\/uploads\/2013\/06\/recyclinghof4eleplantbeans-kaffee130622.jpg 640w\" sizes=\"auto, (max-width: 180px) 100vw, 180px\" \/><\/a><br \/>\n(1) Kaffeetrinken im Recyclinghof\u00a0\u00a0\u00a0\u00a0\u00a0\u00a0\u00a0\u00a0\u00a0\u00a0\u00a0\u00a0 (2) Recyclinghof Schnaitweg Littenweiler\u00a0\u00a0(3) ElephantBike 23.6.2013<\/p>\n<p><a href=\"https:\/\/www.freiburg-schwarzwald.de\/blog\/kaffeetrinken-beim-recyclinghof\/recyclinghof2eleplantbeans-kaffee130622\/\" rel=\"attachment wp-att-33309\"><img loading=\"lazy\" decoding=\"async\" class=\"alignnone size-thumbnail wp-image-33309\" title=\"recyclinghof2eleplantbeans-kaffee130622\" src=\"https:\/\/www.freiburg-schwarzwald.de\/blog\/wp-content\/uploads\/2013\/06\/recyclinghof2eleplantbeans-kaffee130622-135x180.jpg\" alt=\"\" width=\"135\" height=\"180\" srcset=\"https:\/\/www.freiburg-schwarzwald.de\/blog\/wp-content\/uploads\/2013\/06\/recyclinghof2eleplantbeans-kaffee130622-135x180.jpg 135w, https:\/\/www.freiburg-schwarzwald.de\/blog\/wp-content\/uploads\/2013\/06\/recyclinghof2eleplantbeans-kaffee130622.jpg 480w\" sizes=\"auto, (max-width: 135px) 100vw, 135px\" \/><\/a>\u00a0\u00a0\u00a0\u00a0\u00a0\u00a0\u00a0\u00a0<br \/>\n(4) Frau Storch serviert den Kaffee<\/p>\n<p>(1) Beim Recyclinghof in Littenweiler 23.6.2013 am mobilen Kaffeetisch (von links): Hadwig und Christian Storch mit den beiden ASF-Mitarbeitern Christian Friedrich und Kai Maier.<br \/>\n(4) Hadwig und Christian Storch an ihrem ElephantBike<\/p>\n<p>&nbsp;<\/p>\n<p>&nbsp;<\/p>\n<p>&nbsp;<\/p>\n","protected":false},"excerpt":{"rendered":"<p>Am Samstag 22.6. konnten die Besucher des Littenweilermer Recyclinghofs nach dem Abladen des Abfalls einen Kaffee trinken &#8211;\u00a0bio beim\u00a0ElephantBike, einem dreir\u00e4drigen Fahrrad der Kaffeer\u00f6sterei ElephantBeans. Und kostenlos, mit der Finanzierung wollte die ASF die zweimalige Schlie\u00dfung des Recyclinghofs wiedergutmachen.<\/p>\n","protected":false},"author":4,"featured_media":0,"comment_status":"open","ping_status":"closed","sticky":false,"template":"","format":"standard","meta":{"footnotes":""},"categories":[21,138,203,357],"tags":[176,169],"class_list":["post-33299","post","type-post","status-publish","format-standard","hentry","category-dienste","category-gastro","category-recycling","category-sponsoring-engagement","tag-kostenlos","tag-mull"],"_links":{"self":[{"href":"https:\/\/www.freiburg-schwarzwald.de\/blog\/wp-json\/wp\/v2\/posts\/33299","targetHints":{"allow":["GET"]}}],"collection":[{"href":"https:\/\/www.freiburg-schwarzwald.de\/blog\/wp-json\/wp\/v2\/posts"}],"about":[{"href":"https:\/\/www.freiburg-schwarzwald.de\/blog\/wp-json\/wp\/v2\/types\/post"}],"author":[{"embeddable":true,"href":"https:\/\/www.freiburg-schwarzwald.de\/blog\/wp-json\/wp\/v2\/users\/4"}],"replies":[{"embeddable":true,"href":"https:\/\/www.freiburg-schwarzwald.de\/blog\/wp-json\/wp\/v2\/comments?post=33299"}],"version-history":[{"count":0,"href":"https:\/\/www.freiburg-schwarzwald.de\/blog\/wp-json\/wp\/v2\/posts\/33299\/revisions"}],"wp:attachment":[{"href":"https:\/\/www.freiburg-schwarzwald.de\/blog\/wp-json\/wp\/v2\/media?parent=33299"}],"wp:term":[{"taxonomy":"category","embeddable":true,"href":"https:\/\/www.freiburg-schwarzwald.de\/blog\/wp-json\/wp\/v2\/categories?post=33299"},{"taxonomy":"post_tag","embeddable":true,"href":"https:\/\/www.freiburg-schwarzwald.de\/blog\/wp-json\/wp\/v2\/tags?post=33299"}],"curies":[{"name":"wp","href":"https:\/\/api.w.org\/{rel}","templated":true}]}}