{"id":33196,"date":"2013-06-21T21:21:21","date_gmt":"2013-06-21T19:21:21","guid":{"rendered":"https:\/\/www.freiburg-schwarzwald.de\/blog\/?p=33196"},"modified":"2013-06-21T21:21:21","modified_gmt":"2013-06-21T19:21:21","slug":"haeusliche-pflege-hat-wert","status":"publish","type":"post","link":"https:\/\/www.freiburg-schwarzwald.de\/blog\/haeusliche-pflege-hat-wert\/","title":{"rendered":"Haeusliche Pflege hat Wert"},"content":{"rendered":"<p>Die h\u00e4usliche Pflege hat Wert!\u00a0Die \u201eKirchliche Sozialstation Dreisamtal\u201c beteiligt sich an Kampagne der <a title=\"Sozialstation\" href=\"https:\/\/www.freiburg-schwarzwald.de\/blog\/selbsthilfe\/soziales\/sozialstation\/\">Sozialstationen<\/a>.\u00a0H\u00e4usliche <a title=\"Pflege\" href=\"https:\/\/www.freiburg-schwarzwald.de\/blog\/business\/dienste\/pflege\/\">Pflege<\/a> findet im Stillen statt. Entsprechend werden die Anliegen von Hilfsbed\u00fcrftigen, <a title=\"Pflegebegleitung\" href=\"https:\/\/www.freiburg-schwarzwald.de\/blog\/business\/dienste\/pflege\/pflegebegleitung\/\">Pflegenden<\/a> und Pflegeprofis in der \u00d6ffentlichkeit wenig geh\u00f6rt. Das muss sich \u00e4ndern, sagen die Mitarbeitenden der Sozialstationen von <a title=\"Caritas\" href=\"https:\/\/www.freiburg-schwarzwald.de\/blog\/religion\/kirchen\/caritas\/\">Caritas<\/a> und <a title=\"Diakonie\" href=\"https:\/\/www.freiburg-schwarzwald.de\/blog\/religion\/kirchen\/diakonie\/\">Diakonie<\/a> in der Erzdi\u00f6zese Freiburg. <!--more-->Mit \u00f6ffentlichkeitswirksamen Aktionen machen sie in diesen Wochen auf die Schieflage aufmerksam, die bei der h\u00e4uslichen Pflege immer gr\u00f6\u00dfer wird. Denn bereits jetzt schreiben sechzig Prozent der kirchlichen Sozialstationen rote Zahlen. Die Verantwortlichen der Sozialstationen in Baden schlagen deshalb Alarm.<br \/>\nDie Ausgangslage stellt sich so dar: Seit 40 Jahren sichern kirchliche Sozialstationen von Caritas und Diakonie die h\u00e4usliche Versorgung von hilfsbed\u00fcrftigen Menschen. Ihrem Selbstverst\u00e4ndnis entsprechend haben die Sozialstationen die pflegerische Infrastruktur entscheidend gepr\u00e4gt und weiterentwickelt \u2013 f\u00fcr die hilfsbed\u00fcrftigen Menschen in den Kommunen, f\u00fcr die Kirchen und auch f\u00fcr die Pflege- und Krankenversicherungen. Der Marktanteil der Sozialstationen in der Erzdi\u00f6zese Freiburg liegt bei 65 Prozent.<br \/>\nH\u00e4usliche Pflege ist Teil eines Netzwerkes, dessen Akteure unterschiedliche Aufgaben, Abh\u00e4ngigkeiten und Interessen haben: Hilfsbed\u00fcrftige Menschen und ihre Angeh\u00f6rigen sagen, welche Unterst\u00fctzung sie f\u00fcr ihre Versorgung zu Hause ben\u00f6tigen. Die Politik gibt den Rahmen vor, in dem die h\u00e4usliche Pflege stattfinden und weiterentwickelt werden soll. Die Pflege- und Krankenversicherungen sagen, welche Qualit\u00e4t sie bei der Versorgung erwarten und was sie daf\u00fcr bezahlen, auch unter der Vorgabe, die Beitr\u00e4ge der Versicherten stabil zu halten. Die Mitarbeiter der Stationen versorgen ihre Kunden hochprofessionell. Daf\u00fcr erwarten sie eine faire Verg\u00fctung. Das Dilemma ist, dass die Sozialstationen f\u00fcr eine Pflegestunde beim Kunden zurzeit 60 Euro erwirtschaften m\u00fcssten, dass dem gegen\u00fcber die Kranken- und Pflegekassen f\u00fcr eine Fachkraft zurzeit lediglich 32 Euro bezahlen. Die Geh\u00e4lter f\u00fcr die Mitarbeitenden der Sozialstationen sind in den letzten Jahren um 17 Prozent gestiegen, die Verg\u00fctung durch die Kranken- und Pflegekassen f\u00fcr die Leistungen der Sozialstationen aber nur um acht Prozent. Die ausufernde B\u00fcrokratie verursacht zus\u00e4tzliche Kosten in Millionenh\u00f6he. \u201eSo kann es nicht weitergehen\u201c, ist sich die Gesch\u00e4ftsf\u00fchrerin der Kirchzartener Sozialstation Christine Hodel mit ihren Kollegen der anderen Einrichtungen einig, \u201edenn finanziell ger\u00e4t die h\u00e4usliche Pflege inzwischen ernsthaft in Not. Wenn sich die Grundlagen der Finanzierung der h\u00e4uslichen Pflege nicht \u00e4ndern, ist die fl\u00e4chendeckende Sicherung der h\u00e4uslichen Pflege gef\u00e4hrdet.\u201c<br \/>\nUm ihren Protest in die \u00d6ffentlichkeit zu tragen, sind zurzeit alle Dienstfahrzeuge der Sozialstation Dreisamtal mit roten Protestf\u00e4hnchen geschm\u00fcckt. Mit diesen Autos beteiligen sich die Kirchzartener heute auch am gro\u00dfen Autokorso durch Freiburg.<br \/>\n21.6.2013, Gerhatd L\u00fcck, <a href=\"https:\/\/www.dreisamtaeler.de\">www.dreisamtaeler.de<\/a><\/p>\n","protected":false},"excerpt":{"rendered":"<p>Die h\u00e4usliche Pflege hat Wert!\u00a0Die \u201eKirchliche Sozialstation Dreisamtal\u201c beteiligt sich an Kampagne der Sozialstationen.\u00a0H\u00e4usliche Pflege findet im Stillen statt. Entsprechend werden die Anliegen von Hilfsbed\u00fcrftigen, Pflegenden und Pflegeprofis in der \u00d6ffentlichkeit wenig geh\u00f6rt. Das muss sich \u00e4ndern, sagen die Mitarbeitenden &hellip; <a href=\"https:\/\/www.freiburg-schwarzwald.de\/blog\/haeusliche-pflege-hat-wert\/\">Weiterlesen <span class=\"meta-nav\">&rarr;<\/span><\/a><\/p>\n","protected":false},"author":4,"featured_media":0,"comment_status":"open","ping_status":"closed","sticky":false,"template":"","format":"standard","meta":{"footnotes":""},"categories":[58,104,39,9,172],"tags":[730,25],"class_list":["post-33196","post","type-post","status-publish","format-standard","hentry","category-familie","category-hilfe","category-pflege","category-soziales","category-zukunft","tag-caritas","tag-pflegedienst"],"_links":{"self":[{"href":"https:\/\/www.freiburg-schwarzwald.de\/blog\/wp-json\/wp\/v2\/posts\/33196","targetHints":{"allow":["GET"]}}],"collection":[{"href":"https:\/\/www.freiburg-schwarzwald.de\/blog\/wp-json\/wp\/v2\/posts"}],"about":[{"href":"https:\/\/www.freiburg-schwarzwald.de\/blog\/wp-json\/wp\/v2\/types\/post"}],"author":[{"embeddable":true,"href":"https:\/\/www.freiburg-schwarzwald.de\/blog\/wp-json\/wp\/v2\/users\/4"}],"replies":[{"embeddable":true,"href":"https:\/\/www.freiburg-schwarzwald.de\/blog\/wp-json\/wp\/v2\/comments?post=33196"}],"version-history":[{"count":0,"href":"https:\/\/www.freiburg-schwarzwald.de\/blog\/wp-json\/wp\/v2\/posts\/33196\/revisions"}],"wp:attachment":[{"href":"https:\/\/www.freiburg-schwarzwald.de\/blog\/wp-json\/wp\/v2\/media?parent=33196"}],"wp:term":[{"taxonomy":"category","embeddable":true,"href":"https:\/\/www.freiburg-schwarzwald.de\/blog\/wp-json\/wp\/v2\/categories?post=33196"},{"taxonomy":"post_tag","embeddable":true,"href":"https:\/\/www.freiburg-schwarzwald.de\/blog\/wp-json\/wp\/v2\/tags?post=33196"}],"curies":[{"name":"wp","href":"https:\/\/api.w.org\/{rel}","templated":true}]}}