{"id":33049,"date":"2013-06-20T17:52:26","date_gmt":"2013-06-20T15:52:26","guid":{"rendered":"https:\/\/www.freiburg-schwarzwald.de\/blog\/?p=33049"},"modified":"2013-06-20T21:17:05","modified_gmt":"2013-06-20T19:17:05","slug":"72-stunden-bdkj-st-barbara","status":"publish","type":"post","link":"https:\/\/www.freiburg-schwarzwald.de\/blog\/72-stunden-bdkj-st-barbara\/","title":{"rendered":"72-Stunden BDKJ St-Barbara"},"content":{"rendered":"<p>Matschtisch f\u00fcr <a title=\"Kindergarten\" href=\"https:\/\/www.freiburg-schwarzwald.de\/blog\/bildung\/kindergarten\/\">Kindergarten<\/a> hergestellt: Unter dem Motto \u201eUns schickt der Himmel\u201c fand die allj\u00e4hrliche <a title=\"72Stunden\" href=\"https:\/\/www.freiburg-schwarzwald.de\/blog\/engagement\/freiwillig\/72stunden\/\">72-Stunden-Aktion<\/a> des Bundes der Deutschen Katholischen Jugend (<a title=\"Jugend\" href=\"https:\/\/www.freiburg-schwarzwald.de\/blog\/selbsthilfe\/jugend\/\">BDKJ<\/a>) erstmals bundesweit statt. 170.000 Kinder und <a title=\"Jugend\" href=\"https:\/\/www.freiburg-schwarzwald.de\/blog\/selbsthilfe\/jugend\/\">Jugendliche<\/a> beteiligten sich fl\u00e4chendeckend in allen 16 Bundesl\u00e4ndern, in 27 Bist\u00fcmern. 3.700 Aktionsgruppen waren aktiv \u2013 die bislang gr\u00f6\u00dfte Jugend-Sozialaktion Deutschlands.<!--more--><\/p>\n<p>\u201eIhr gebt Gott in dieser Welt ein Gesicht\u201c dankte Erzbischof Zollitsch in seiner Gru\u00dfbotschaft den Jugendlichen f\u00fcr ihr Engagement \u201eJedes einzelne Projekt ist ein wunderbarer Ausdruck der N\u00e4chstenliebe. Ihr setzt Glauben in die Tat um \u2013 und wirkt damit \u00fcber den Kirchturm hinaus. Das ist vorbildhaft und verdient gro\u00dfe Anerkennung.\u201c<\/p>\n<p>&nbsp;<\/p>\n<p>\u00a0<a href=\"https:\/\/www.freiburg-schwarzwald.de\/blog\/72-stunden-bdkj-st-barbara\/72stunden-stbarbara130616\/\" rel=\"attachment wp-att-33052\"><img loading=\"lazy\" decoding=\"async\" class=\"alignnone size-thumbnail wp-image-33052\" title=\"72stunden-stbarbara130616\" src=\"https:\/\/www.freiburg-schwarzwald.de\/blog\/wp-content\/uploads\/2013\/06\/72stunden-stbarbara130616-180x131.jpg\" alt=\"\" width=\"180\" height=\"131\" srcset=\"https:\/\/www.freiburg-schwarzwald.de\/blog\/wp-content\/uploads\/2013\/06\/72stunden-stbarbara130616-180x131.jpg 180w, https:\/\/www.freiburg-schwarzwald.de\/blog\/wp-content\/uploads\/2013\/06\/72stunden-stbarbara130616.jpg 640w\" sizes=\"auto, (max-width: 180px) 100vw, 180px\" \/><\/a><\/p>\n<p>Die \u201eMinis\u201c der Gemeinde St. Barbara vor dem neu gestalteten Matschtisch. Im Rahmen der 72 Stunden-Aktion haben sie die Au\u00dfenanlage des kath. Kindergartens in Littenweiler versch\u00f6nert.\u00a0 <em>Foto: Gisela Heizler-Ries <\/em><\/p>\n<p>Auch die Ministranten der <a title=\"StBarbara\" href=\"https:\/\/www.freiburg-schwarzwald.de\/blog\/religion\/kirchen\/stbarbara\/\">St. Barbara Gemeinde <\/a>in Littenweiler waren dabei und hatten sich unter dem Motto \u201eDo it\u201c zum Ziel gesetzt, die Au\u00dfenanlage des Kindergartens St. Barbara zu versch\u00f6nern. Unter der Leitung von Richard Funk waren 29 Kinder und Jugendliche 72 Stunden mit Eifer dabei, als es galt die gro\u00dfe Baumscheibe vor dem Kindergarten von Sand zu befreien und mit sieben Tonnen Pflanzsubstrat aufzuf\u00fcllen. Au\u00dferdem wurden ein Holzh\u00e4uschen versetzt, der Matschtisch im Sandkasten neu gestaltet, eine Sichtschutzwand angebracht und ein Piratenschiff als Sonnenschutz gebaut. Markus Hauer, ein Kindergartenvater, beteiligte sich an der Aktion und errichtete zus\u00e4tzlich ein Hochbeet in dem die Kindergartenkinder k\u00fcnftig Blumen und Gem\u00fcse anpflanzen k\u00f6nnen. \u201eEin herzlicher Dank geht an alle Unterst\u00fctzer, ohne deren Sachspenden wir dieses Projekt nicht h\u00e4tten realisieren k\u00f6nnen\u201c, so Richard Funk und dankt hiermit der Firma Bott f\u00fcr das Pflanzsubstrat, der Fa. Kult Tiefbau f\u00fcr den Transport. Fa. Hin spendete die Betonplatten und den Beton, Raiffeisen Kirchzarten stiftete Baumaterial, Fa. Band und Rot die Fliesen, Fa. Wei\u00df die Stoffe, Maler Steiert Farben und die Metzgerei F\u00f6hrenbacher, die B\u00e4ckerei Ruf und B\u00e4cker Feger sorgten f\u00fcr die Verpflegung der Kinder und Jugendlichen. Zum Abschluss der Aktion gab es am Sonntagnachmittag ein kleines Einweihungsfest mit den Kindergartenkindern und den Eltern, bei dem Kindergartenleiterin Beate Klaus sich ganz herzlich bei den Beteiligten, den Sponsoren und allen helfenden H\u00e4nden bedankte.<br \/>\n20.6.2013, Gisela Heizler-Ries, <a href=\"https:\/\/www.dreisamtaeler.de\">www.dreisamtaeler.de<\/a><\/p>\n","protected":false},"excerpt":{"rendered":"<p>Matschtisch f\u00fcr Kindergarten hergestellt: Unter dem Motto \u201eUns schickt der Himmel\u201c fand die allj\u00e4hrliche 72-Stunden-Aktion des Bundes der Deutschen Katholischen Jugend (BDKJ) erstmals bundesweit statt. 170.000 Kinder und Jugendliche beteiligten sich fl\u00e4chendeckend in allen 16 Bundesl\u00e4ndern, in 27 Bist\u00fcmern. 3.700 &hellip; <a href=\"https:\/\/www.freiburg-schwarzwald.de\/blog\/72-stunden-bdkj-st-barbara\/\">Weiterlesen <span class=\"meta-nav\">&rarr;<\/span><\/a><\/p>\n","protected":false},"author":4,"featured_media":0,"comment_status":"open","ping_status":"closed","sticky":false,"template":"","format":"standard","meta":{"footnotes":""},"categories":[400,60],"tags":[717,503],"class_list":["post-33049","post","type-post","status-publish","format-standard","hentry","category-freiwillig","category-jugend","tag-ehrenamt","tag-church"],"_links":{"self":[{"href":"https:\/\/www.freiburg-schwarzwald.de\/blog\/wp-json\/wp\/v2\/posts\/33049","targetHints":{"allow":["GET"]}}],"collection":[{"href":"https:\/\/www.freiburg-schwarzwald.de\/blog\/wp-json\/wp\/v2\/posts"}],"about":[{"href":"https:\/\/www.freiburg-schwarzwald.de\/blog\/wp-json\/wp\/v2\/types\/post"}],"author":[{"embeddable":true,"href":"https:\/\/www.freiburg-schwarzwald.de\/blog\/wp-json\/wp\/v2\/users\/4"}],"replies":[{"embeddable":true,"href":"https:\/\/www.freiburg-schwarzwald.de\/blog\/wp-json\/wp\/v2\/comments?post=33049"}],"version-history":[{"count":0,"href":"https:\/\/www.freiburg-schwarzwald.de\/blog\/wp-json\/wp\/v2\/posts\/33049\/revisions"}],"wp:attachment":[{"href":"https:\/\/www.freiburg-schwarzwald.de\/blog\/wp-json\/wp\/v2\/media?parent=33049"}],"wp:term":[{"taxonomy":"category","embeddable":true,"href":"https:\/\/www.freiburg-schwarzwald.de\/blog\/wp-json\/wp\/v2\/categories?post=33049"},{"taxonomy":"post_tag","embeddable":true,"href":"https:\/\/www.freiburg-schwarzwald.de\/blog\/wp-json\/wp\/v2\/tags?post=33049"}],"curies":[{"name":"wp","href":"https:\/\/api.w.org\/{rel}","templated":true}]}}