{"id":32974,"date":"2013-06-19T22:06:36","date_gmt":"2013-06-19T20:06:36","guid":{"rendered":"https:\/\/www.freiburg-schwarzwald.de\/blog\/?p=32974"},"modified":"2013-06-19T22:07:12","modified_gmt":"2013-06-19T20:07:12","slug":"demografischer-wandel-stegen","status":"publish","type":"post","link":"https:\/\/www.freiburg-schwarzwald.de\/blog\/demografischer-wandel-stegen\/","title":{"rendered":"Demografischer Wandel Stegen"},"content":{"rendered":"<p>1990 lebten in <a title=\"Stegen\" href=\"https:\/\/www.freiburg-schwarzwald.de\/blog\/regio\/orte\/stegen\/\">Stegen<\/a> knapp 4000 Einwohnern. Davon waren 988 unter 18 Jahre alt und 404 \u00fcber 65. Zwanzig Jahre sp\u00e4ter standen bei 4349 Einwohnern 859 Kinder und Jugendliche unter 18 Jahren 922 Senioren \u00fcber 65 Jahren gegen\u00fcber. Der <a title=\"Demografie\" href=\"https:\/\/www.freiburg-schwarzwald.de\/blog\/engagement\/zukunft\/demografie\/\">demografische Wandel<\/a>, die \u00dcberalterung unserer Gesellschaft ist an diesen Zahlen deutlich ablesbar. Dieser Wandel und die Probleme, die er mit sich bringt, <!--more-->ist inzwischen nicht nur sichtbar, sondern in den K\u00f6pfen der Bev\u00f6lkerung auch tats\u00e4chlich angekommen. So sind sich alle Verantwortlichen dar\u00fcber im Klaren, dass die bestehende Infrastruktur zur Versorgung und Pflege \u00e4lter werdenden Menschen in Stegen nicht ausreichend ist und viele Defizite bestehen. Schon seit etwa drei Jahren besch\u00e4ftigt sich deshalb der Verein <a title=\"Miteinander-Stegen\" href=\"https:\/\/www.freiburg-schwarzwald.de\/blog\/vereine\/hilfe\/miteinander-stegen\/\">\u201eMiteinander Stegen e.V.\u201c <\/a>mit dieser Thematik.<br \/>\nEin erster Schritt war der Ausbau von ehrenamtlichen Hilfsnetzwerken. Doch gleichzeitig wurden andere, auch professionell ausgerichtete Hilfsangebote vorangetrieben, so wie die in K\u00fcrze beginnende Ausbildung von Alltagsbegleitern, die Senioren zus\u00e4tzlich zur ambulanten Pflege in ihrem Alltag unterst\u00fctzen k\u00f6nnen. Mit dem Projekt \u201eLebensr\u00e4ume\u201c entstand der Plan eines Mehrgenerationenhauses mit Pflegewohngruppe. F\u00fcr solch eine Einrichtung wurde in den vergangenen Monaten ein konkretes Konzept ausgearbeitet. Die Idee ist, dass dieses Haus das gesamte Leben von jung bis alt integriert und dauerhaft eine Vielfalt aller Lebenslagen zul\u00e4sst. Geplant ist deshalb eine Mischnutzung.<br \/>\nNeben Mietwohnungen, vorzugsweise f\u00fcr Familien, sollen Kernst\u00fcck dieses Hauses mehrere Pflegewohngruppen f\u00fcr schwer- und schwerstpflegebed\u00fcrftige Menschen und Menschen mit Demenz sein. In einer gro\u00dfen Wohngruppe k\u00f6nnten acht bis zw\u00f6lf und einer kleineren vier Menschen jeweils als Mieter wohnen. Daneben soll es R\u00e4umlichkeiten f\u00fcr Tages-, Kurzzeit- und Palliativpflege geben. Mit integriert soll in dieses Haus auch das Netzwerkb\u00fcro werden, das Hilfsangebote koordiniert und vermittelt. Au\u00dferdem sollen die anvisierten 1600 Quadratmeter Nutzfl\u00e4che einen Begegnungstreff f\u00fcr Jung und Alt beherbergen.<br \/>\nMit der Realisierung dieses Gesamt-Projekts w\u00fcrde Stegen \u00fcber eine sehr breites und differenziertes Betreuungs- und Pflegeangebot verf\u00fcgen, das jedem B\u00fcrger die f\u00fcr seine Situation angemessene Betreuung &#8211; von der ambulanten Pflege zu Hause mit unterst\u00fctzender Alltagsbetreuung \u00fcber Tagespflege bis hin zur 24-Stunden-Betreuung &#8211; erm\u00f6glichen w\u00fcrde.<br \/>\nUm den n\u00e4chsten Schritt gehen zu k\u00f6nnen, ist nach dem Nutzungskonzept nun ein Finanzierungskonzept des auf etwa f\u00fcnf Millionen gesch\u00e4tzten Projekts n\u00f6tig. Der Verein wird hierf\u00fcr Kredite aufnehmen und Zusch\u00fcsse beantragen m\u00fcssen. Um dies zu erleichtern hat der Gemeinderat in seiner vergangenen Sitzung ausdr\u00fccklich best\u00e4tigt, dass er die Umsetzung dieses Projekt als Alterssicherung f\u00fcr die heimische Bev\u00f6lkerung will und die Aktivit\u00e4ten von \u201eMiteinander Stegen e.V.\u201c unterst\u00fctzt. Gleichzeitig best\u00e4tigte der Gemeinderat noch einmal, dass die Gemeinde seit Jahren schon f\u00fcr solch ein Projekt das Grundst\u00fcck der fr\u00fcheren DRK-Garage vorh\u00e4lt.<br \/>\nAngestrebt ist au\u00dferdem eine b\u00fcrgerschaftliche Finanzierung. Dabei ginge es jedoch nicht nur um Spenden, sondern auch um Geldanlagen, so der Gesch\u00e4ftsf\u00fchrer von \u201eMiteinander Stegen e.V.\u201c, Sebastian Vogl. Experten bescheinigten dem Verein, dass die geplante Einrichtung wirtschaftlich rentabel arbeiten k\u00f6nne und insofern auch eine Geldanlage, die die B\u00fcrger in eine soziale Einrichtung vor Ort investieren, attraktiv sei.<br \/>\n19.6.2013, Dagmar Engesser, <a href=\"https:\/\/www.dreisamtaeler.de\">www.dreisamtaeler.de<\/a><\/p>\n","protected":false},"excerpt":{"rendered":"<p>1990 lebten in Stegen knapp 4000 Einwohnern. Davon waren 988 unter 18 Jahre alt und 404 \u00fcber 65. Zwanzig Jahre sp\u00e4ter standen bei 4349 Einwohnern 859 Kinder und Jugendliche unter 18 Jahren 922 Senioren \u00fcber 65 Jahren gegen\u00fcber. Der demografische &hellip; <a href=\"https:\/\/www.freiburg-schwarzwald.de\/blog\/demografischer-wandel-stegen\/\">Weiterlesen <span class=\"meta-nav\">&rarr;<\/span><\/a><\/p>\n","protected":false},"author":4,"featured_media":0,"comment_status":"open","ping_status":"closed","sticky":false,"template":"","format":"standard","meta":{"footnotes":""},"categories":[54,36,102,91],"tags":[190,327,484],"class_list":["post-32974","post","type-post","status-publish","format-standard","hentry","category-ehrenamt","category-engagement","category-senioren","category-wohnen","tag-alter","tag-demografie","tag-kommune"],"_links":{"self":[{"href":"https:\/\/www.freiburg-schwarzwald.de\/blog\/wp-json\/wp\/v2\/posts\/32974","targetHints":{"allow":["GET"]}}],"collection":[{"href":"https:\/\/www.freiburg-schwarzwald.de\/blog\/wp-json\/wp\/v2\/posts"}],"about":[{"href":"https:\/\/www.freiburg-schwarzwald.de\/blog\/wp-json\/wp\/v2\/types\/post"}],"author":[{"embeddable":true,"href":"https:\/\/www.freiburg-schwarzwald.de\/blog\/wp-json\/wp\/v2\/users\/4"}],"replies":[{"embeddable":true,"href":"https:\/\/www.freiburg-schwarzwald.de\/blog\/wp-json\/wp\/v2\/comments?post=32974"}],"version-history":[{"count":0,"href":"https:\/\/www.freiburg-schwarzwald.de\/blog\/wp-json\/wp\/v2\/posts\/32974\/revisions"}],"wp:attachment":[{"href":"https:\/\/www.freiburg-schwarzwald.de\/blog\/wp-json\/wp\/v2\/media?parent=32974"}],"wp:term":[{"taxonomy":"category","embeddable":true,"href":"https:\/\/www.freiburg-schwarzwald.de\/blog\/wp-json\/wp\/v2\/categories?post=32974"},{"taxonomy":"post_tag","embeddable":true,"href":"https:\/\/www.freiburg-schwarzwald.de\/blog\/wp-json\/wp\/v2\/tags?post=32974"}],"curies":[{"name":"wp","href":"https:\/\/api.w.org\/{rel}","templated":true}]}}